{"id":19120,"date":"2025-03-08T06:43:57","date_gmt":"2025-03-08T09:43:57","guid":{"rendered":"https:\/\/ipatingafc.com.br\/index.php\/2025\/03\/08\/agencia-minas-gerais-previsao-do-tempo-para-minas-gerais-neste-sabado-8-de-marco\/"},"modified":"2025-03-08T06:43:57","modified_gmt":"2025-03-08T09:43:57","slug":"agencia-minas-gerais-previsao-do-tempo-para-minas-gerais-neste-sabado-8-de-marco","status":"publish","type":"post","link":"https:\/\/ipatingafc.com.br\/index.php\/2025\/03\/08\/agencia-minas-gerais-previsao-do-tempo-para-minas-gerais-neste-sabado-8-de-marco\/","title":{"rendered":"Ag\u00eancia Minas Gerais | Previs\u00e3o do tempo para Minas Gerais neste s\u00e1bado, 8 de mar\u00e7o"},"content":{"rendered":"<p><\/p>\n<div>\n<p>O fim de semana ter\u00e1 mudan\u00e7as nas condi\u00e7\u00f5es do tempo na Zona da Mata e Sul de Minas Gerais. O s\u00e1bado (8\/3) ainda ser\u00e1 de tempo est\u00e1vel em quase todo o estado, com possibilidade de chuva na faixa Leste e Sul.<\/p>\n<p>No domingo (9\/3), a atua\u00e7\u00e3o de uma \u00e1rea de baixa press\u00e3o nas imedia\u00e7\u00f5es do litoral paulista favorecer\u00e1 o desenvolvimento de instabilidades, principalmente no Sul e Zona da Mata, favorecendo a ocorr\u00eancia de pancadas de chuva e trovoadas isoladas.<\/p>\n<p>Clique aqui para conferir a previs\u00e3o completa do Instituto Nacional de Meteorologia (Inmet).<\/p>\n<\/p><\/div>\n","protected":false},"excerpt":{"rendered":"<p>O fim de semana ter\u00e1 mudan\u00e7as nas condi\u00e7\u00f5es do tempo na Zona da Mata e&#8230;<\/p>\n","protected":false},"author":2,"featured_media":0,"comment_status":"","ping_status":"","sticky":false,"template":"","format":"standard","meta":{"footnotes":""},"categories":[2],"tags":[],"class_list":["post-19120","post","type-post","status-publish","format-standard","hentry","category-jogos-ao-vivo"],"amp_enabled":true,"_links":{"self":[{"href":"https:\/\/ipatingafc.com.br\/index.php\/wp-json\/wp\/v2\/posts\/19120","targetHints":{"allow":["GET"]}}],"collection":[{"href":"https:\/\/ipatingafc.com.br\/index.php\/wp-json\/wp\/v2\/posts"}],"about":[{"href":"https:\/\/ipatingafc.com.br\/index.php\/wp-json\/wp\/v2\/types\/post"}],"author":[{"embeddable":true,"href":"https:\/\/ipatingafc.com.br\/index.php\/wp-json\/wp\/v2\/users\/2"}],"replies":[{"embeddable":true,"href":"https:\/\/ipatingafc.com.br\/index.php\/wp-json\/wp\/v2\/comments?post=19120"}],"version-history":[{"count":0,"href":"https:\/\/ipatingafc.com.br\/index.php\/wp-json\/wp\/v2\/posts\/19120\/revisions"}],"wp:attachment":[{"href":"https:\/\/ipatingafc.com.br\/index.php\/wp-json\/wp\/v2\/media?parent=19120"}],"wp:term":[{"taxonomy":"category","embeddable":true,"href":"https:\/\/ipatingafc.com.br\/index.php\/wp-json\/wp\/v2\/categories?post=19120"},{"taxonomy":"post_tag","embeddable":true,"href":"https:\/\/ipatingafc.com.br\/index.php\/wp-json\/wp\/v2\/tags?post=19120"}],"curies":[{"name":"wp","href":"https:\/\/api.w.org\/{rel}","templated":true}]}}