{"id":19122,"date":"2025-03-08T07:31:14","date_gmt":"2025-03-08T10:31:14","guid":{"rendered":"https:\/\/ipatingafc.com.br\/index.php\/2025\/03\/08\/gcm-detem-foragido-da-prisao-por-invadir-area-publica-na-vila-netinho-agencia-de-noticias\/"},"modified":"2025-03-08T07:31:14","modified_gmt":"2025-03-08T10:31:14","slug":"gcm-detem-foragido-da-prisao-por-invadir-area-publica-na-vila-netinho-agencia-de-noticias","status":"publish","type":"post","link":"https:\/\/ipatingafc.com.br\/index.php\/2025\/03\/08\/gcm-detem-foragido-da-prisao-por-invadir-area-publica-na-vila-netinho-agencia-de-noticias\/","title":{"rendered":"GCM det\u00e9m foragido da pris\u00e3o por invadir \u00e1rea p\u00fablica na Vila Netinho \u2013 Ag\u00eancia de Not\u00edcias"},"content":{"rendered":"<p><\/p>\n<div>\n<div class=\"col\">\n<p class=\"mt-0\">\n                        <strong><br \/>\n                            <span class=\"far fa-calendar mr-1 mt-2\"\/><br \/>\n                            7 de mar\u00e7o de 2025<br \/>\n                            <span class=\"far fa-clock ml-3 mt-2\"\/><br \/>\n                            11:45<br \/>\n                        <\/strong>\n                    <\/p>\n<p class=\"mb-0\">Por: <strong>Eduardo Santinon (esantinon@sorocaba.sp.gov.br)<\/strong><\/p>\n<\/p><\/div>\n<\/p><\/div>\n<div>\n<figure id=\"attachment_146670\" aria-describedby=\"caption-attachment-146670\" style=\"width: 1024px\" class=\"wp-caption aligncenter\"><figcaption id=\"caption-attachment-146670\" class=\"wp-caption-text\">Foto: Arquivo\/Secom<\/figcaption><\/figure>\n<p>A Guarda Civil Municipal (GCM) de Sorocaba deteve, \u00e0s 23h40 de quinta-feira (6), um foragido do sistema prisional que invadiu as instala\u00e7\u00f5es do Mercado Distrital, na Vila Netinho, Zona Norte da cidade.<\/p>\n<p>A Corpora\u00e7\u00e3o foi acionada por um vigia e, quando a equipe chegou ao local, identificou o homem de 23 anos de idade. De imediato, ele confirmou que era foragido da Justi\u00e7a e que invadiu a \u00e1rea p\u00fablica para ser capturado e regressar \u00e0 pris\u00e3o.<\/p>\n<p>O homem foi encaminhado \u00e0 Unidade Pr\u00e9-Hospitalar (UPH) Zona Oeste, para verificar sua integridade f\u00edsica, e depois \u00e0 penitenci\u00e1ria no bairro Mineir\u00e3o, para a reinser\u00e7\u00e3o dele no cumprimento de sua pena.<\/p>\n<\/p><\/div>\n","protected":false},"excerpt":{"rendered":"<p>7 de mar\u00e7o de 2025 11:45 Por: Eduardo Santinon (esantinon@sorocaba.sp.gov.br) Foto: Arquivo\/Secom A Guarda Civil&#8230;<\/p>\n","protected":false},"author":2,"featured_media":0,"comment_status":"","ping_status":"","sticky":false,"template":"","format":"standard","meta":{"footnotes":""},"categories":[2],"tags":[],"class_list":["post-19122","post","type-post","status-publish","format-standard","hentry","category-jogos-ao-vivo"],"amp_enabled":true,"_links":{"self":[{"href":"https:\/\/ipatingafc.com.br\/index.php\/wp-json\/wp\/v2\/posts\/19122","targetHints":{"allow":["GET"]}}],"collection":[{"href":"https:\/\/ipatingafc.com.br\/index.php\/wp-json\/wp\/v2\/posts"}],"about":[{"href":"https:\/\/ipatingafc.com.br\/index.php\/wp-json\/wp\/v2\/types\/post"}],"author":[{"embeddable":true,"href":"https:\/\/ipatingafc.com.br\/index.php\/wp-json\/wp\/v2\/users\/2"}],"replies":[{"embeddable":true,"href":"https:\/\/ipatingafc.com.br\/index.php\/wp-json\/wp\/v2\/comments?post=19122"}],"version-history":[{"count":0,"href":"https:\/\/ipatingafc.com.br\/index.php\/wp-json\/wp\/v2\/posts\/19122\/revisions"}],"wp:attachment":[{"href":"https:\/\/ipatingafc.com.br\/index.php\/wp-json\/wp\/v2\/media?parent=19122"}],"wp:term":[{"taxonomy":"category","embeddable":true,"href":"https:\/\/ipatingafc.com.br\/index.php\/wp-json\/wp\/v2\/categories?post=19122"},{"taxonomy":"post_tag","embeddable":true,"href":"https:\/\/ipatingafc.com.br\/index.php\/wp-json\/wp\/v2\/tags?post=19122"}],"curies":[{"name":"wp","href":"https:\/\/api.w.org\/{rel}","templated":true}]}}