{"id":19127,"date":"2025-03-08T09:04:45","date_gmt":"2025-03-08T12:04:45","guid":{"rendered":"https:\/\/ipatingafc.com.br\/index.php\/2025\/03\/08\/agencia-minas-gerais-governo-do-estado-participa-da-inauguracao-de-nova-sede-de-companhia-da-policia-militar-no-noroeste-de-minas\/"},"modified":"2025-03-08T09:04:45","modified_gmt":"2025-03-08T12:04:45","slug":"agencia-minas-gerais-governo-do-estado-participa-da-inauguracao-de-nova-sede-de-companhia-da-policia-militar-no-noroeste-de-minas","status":"publish","type":"post","link":"https:\/\/ipatingafc.com.br\/index.php\/2025\/03\/08\/agencia-minas-gerais-governo-do-estado-participa-da-inauguracao-de-nova-sede-de-companhia-da-policia-militar-no-noroeste-de-minas\/","title":{"rendered":"Ag\u00eancia Minas Gerais | Governo do Estado participa da inaugura\u00e7\u00e3o de nova sede de companhia da Pol\u00edcia Militar no Noroeste de Minas"},"content":{"rendered":"<p><\/p>\n<div>\n<section class=\"news-related \/ col-md-4 col-lg-3 \/ margin-md-bottom-2 margin-left-1 \/ pull-right \/ hidden-xs hidden-sm\">\n<header>\n<p class=\"text-title-section \/ margin-bottom-1\">Relacionadas<\/p>\n<\/header>\n<p>\t\t\t\t\t\t\t<main><\/p>\n<hr class=\"row margin-md-bottom-2\"\/>\n<hr class=\"row margin-md-bottom-2\"\/>\n\t\t\t\t\t\t\t<\/main><br \/>\n\t\t\t\t\t\t<\/section>\n<p>O governador Romeu Zema participou, nesta sexta-feira (7\/3), da inaugura\u00e7\u00e3o da nova sede de companhia da Pol\u00edcia Militar de Minas Gerais (PMMG), na cidade de Jo\u00e3o Pinheiro, na regi\u00e3o Noroeste do estado.<\/p>\n<p>O espa\u00e7o vai sediar a 206\u00aa Companhia de Pol\u00edcia Militar, o 2\u00ba Grupamento de Meio Ambiente e o 2\u00ba Grupamento de Pol\u00edcia Rodovi\u00e1ria da PMMG.<br \/>&#13;<br \/>\n\u00a0<\/p>\n<table align=\"center\" border=\"0\" cellpadding=\"1\" cellspacing=\"1\" style=\"width: 70%;\">&#13;<\/p>\n<tbody>&#13;<\/p>\n<tr>&#13;<\/p>\n<td colspan=\"5\" style=\"text-align: center; vertical-align: middle;\">&#13;<\/p>\n<p style=\"text-align:center\">\n<p>&#13;\n\t\t\t<\/td>\n<p>&#13;<br \/>\n\t\t<\/tr>\n<p>&#13;<\/p>\n<tr>&#13;<\/p>\n<td style=\"text-align: center; vertical-align: middle;\">\u00a0<\/td>\n<p>&#13;<\/p>\n<td colspan=\"3\" rowspan=\"3\" style=\"text-align: center; vertical-align: middle;\">&#13;<br \/>\n\t\t\t&#13;\n\t\t\t<\/td>\n<p>&#13;<\/p>\n<td style=\"text-align: center; vertical-align: middle;\">\u00a0<\/td>\n<p>&#13;<br \/>\n\t\t<\/tr>\n<p>&#13;<\/p>\n<tr>&#13;<\/p>\n<td style=\"text-align: center; vertical-align: middle;\">\u00a0<\/td>\n<p>&#13;<\/p>\n<td style=\"text-align: center; vertical-align: middle;\">\u00a0<\/td>\n<p>&#13;<br \/>\n\t\t<\/tr>\n<p>&#13;<\/p>\n<tr>&#13;<\/p>\n<td style=\"text-align: center; vertical-align: middle;\">\u00a0<\/td>\n<p>&#13;<\/p>\n<td style=\"text-align: center; vertical-align: middle;\">\u00a0<\/td>\n<p>&#13;<br \/>\n\t\t<\/tr>\n<p>&#13;<\/p>\n<tr>&#13;<\/p>\n<td colspan=\"5\" style=\"text-align: center; vertical-align: middle;\">&#13;<\/p>\n<p style=\"text-align:center\">\n<p>&#13;\n\t\t\t<\/td>\n<p>&#13;<br \/>\n\t\t<\/tr>\n<p>&#13;<br \/>\n\t<\/tbody>\n<p>&#13;<br \/>\n<\/table>\n<p>&#13;<br \/>\nA constru\u00e7\u00e3o ir\u00e1 aprimorar a presta\u00e7\u00e3o dos servi\u00e7os da corpora\u00e7\u00e3o aos mais de 60 mil habitantes de Jo\u00e3o Pinheiro e Brasil\u00e2ndia de Minas, al\u00e9m de oferecer melhores condi\u00e7\u00f5es de trabalho aos policiais militares.<\/p>\n<p>A nova sede da 206\u00aa Cia PMMG teve custo de R$ 1 milh\u00e3o e a execu\u00e7\u00e3o da obra, assim como a gest\u00e3o dos recursos, ficou sob responsabilidade do Conselho Municipal de Seguran\u00e7a P\u00fablica (Consep) de Jo\u00e3o Pinheiro, por meio de contribui\u00e7\u00f5es oriundas da participa\u00e7\u00e3o de \u00f3rg\u00e3os p\u00fablicos, emendas parlamentares e doa\u00e7\u00f5es, entre outras.<br \/>&#13;<br \/>\n\u00a0<\/p>\n<table align=\"center\" border=\"0\" cellpadding=\"1\" cellspacing=\"1\" style=\"width: 100%;\">&#13;<\/p>\n<tbody>&#13;<\/p>\n<tr>&#13;<\/p>\n<td colspan=\"5\" style=\"text-align: center; vertical-align: middle;\">&#13;<\/p>\n<p style=\"text-align:center\">\n<p>&#13;\n\t\t\t<\/td>\n<p>&#13;<br \/>\n\t\t<\/tr>\n<p>&#13;<\/p>\n<tr>&#13;<\/p>\n<td style=\"text-align: center; vertical-align: middle;\">\u00a0<\/td>\n<p>&#13;<\/p>\n<td colspan=\"3\" rowspan=\"3\" style=\"text-align: center; vertical-align: middle;\">&#13;<br \/>\n\t\t\t&#13;\n\t\t\t<\/td>\n<p>&#13;<\/p>\n<td style=\"text-align: center; vertical-align: middle;\">\u00a0<\/td>\n<p>&#13;<br \/>\n\t\t<\/tr>\n<p>&#13;<\/p>\n<tr>&#13;<\/p>\n<td style=\"text-align: center; vertical-align: middle;\">\u00a0<\/td>\n<p>&#13;<\/p>\n<td style=\"text-align: center; vertical-align: middle;\">\u00a0<\/td>\n<p>&#13;<br \/>\n\t\t<\/tr>\n<p>&#13;<\/p>\n<tr>&#13;<\/p>\n<td style=\"text-align: center; vertical-align: middle;\">\u00a0<\/td>\n<p>&#13;<\/p>\n<td style=\"text-align: center; vertical-align: middle;\">\u00a0<\/td>\n<p>&#13;<br \/>\n\t\t<\/tr>\n<p>&#13;<\/p>\n<tr>&#13;<\/p>\n<td colspan=\"5\" style=\"text-align: center; vertical-align: middle;\">&#13;<\/p>\n<p style=\"text-align:center\">\n<p>&#13;\n\t\t\t<\/td>\n<p>&#13;<br \/>\n\t\t<\/tr>\n<p>&#13;<br \/>\n\t<\/tbody>\n<p>&#13;<br \/>\n<\/table>\n<p>&#13;<br \/>\nA 206\u00aa Cia foi criada em 2007, subordinada ao 45\u00ba Batalh\u00e3o de Pol\u00edcia Militar de Paracatu. No ano seguinte, foi desvinculada do batalh\u00e3o e passou por reforma e amplia\u00e7\u00e3o. Em maio de 2022, foi lan\u00e7ada a pedra fundamental para a constru\u00e7\u00e3o da nova sede, conclu\u00edda em dezembro de 2024.<\/p>\n<p><strong>Mais policiamento<\/strong><\/p>\n<p>Em 2024, a presen\u00e7a da Pol\u00edcia Militar foi ampliada em Minas. Ao longo do ano, foram formados cerca de 3 mil novos militares, que refor\u00e7aram o policiamento em todas as regi\u00f5es e mais de 1,3 mil novas viaturas passaram a circular para a prote\u00e7\u00e3o dos mineiros. Foram mais de R$ 500 milh\u00f5es de investimentos, com destaque \u00e0 aquisi\u00e7\u00e3o de 8,2 mil coletes para a corpora\u00e7\u00e3o, al\u00e9m de um caminh\u00e3o para o transporte de combust\u00edveis. Em fevereiro de 2025, foram entregues 123 viaturas da Pol\u00edcia Militar de Minas Gerais, que j\u00e1 chegaram com a nova padroniza\u00e7\u00e3o visual. A frota atual da PMMG \u00e9 de 9.774 ve\u00edculos.<\/p>\n<p>As estrat\u00e9gias das For\u00e7as de Seguran\u00e7a no combate \u00e0 criminalidade resultaram na queda de 6% no n\u00famero de roubos em todo o estado, de 2023 para 2024. No mesmo per\u00edodo, a diminui\u00e7\u00e3o de roubos de celulares foi de 10%.<\/p>\n<\/p><\/div>\n","protected":false},"excerpt":{"rendered":"<p>Relacionadas O governador Romeu Zema participou, nesta sexta-feira (7\/3), da inaugura\u00e7\u00e3o da nova sede de&#8230;<\/p>\n","protected":false},"author":2,"featured_media":0,"comment_status":"","ping_status":"","sticky":false,"template":"","format":"standard","meta":{"footnotes":""},"categories":[2],"tags":[],"class_list":["post-19127","post","type-post","status-publish","format-standard","hentry","category-jogos-ao-vivo"],"amp_enabled":true,"_links":{"self":[{"href":"https:\/\/ipatingafc.com.br\/index.php\/wp-json\/wp\/v2\/posts\/19127","targetHints":{"allow":["GET"]}}],"collection":[{"href":"https:\/\/ipatingafc.com.br\/index.php\/wp-json\/wp\/v2\/posts"}],"about":[{"href":"https:\/\/ipatingafc.com.br\/index.php\/wp-json\/wp\/v2\/types\/post"}],"author":[{"embeddable":true,"href":"https:\/\/ipatingafc.com.br\/index.php\/wp-json\/wp\/v2\/users\/2"}],"replies":[{"embeddable":true,"href":"https:\/\/ipatingafc.com.br\/index.php\/wp-json\/wp\/v2\/comments?post=19127"}],"version-history":[{"count":0,"href":"https:\/\/ipatingafc.com.br\/index.php\/wp-json\/wp\/v2\/posts\/19127\/revisions"}],"wp:attachment":[{"href":"https:\/\/ipatingafc.com.br\/index.php\/wp-json\/wp\/v2\/media?parent=19127"}],"wp:term":[{"taxonomy":"category","embeddable":true,"href":"https:\/\/ipatingafc.com.br\/index.php\/wp-json\/wp\/v2\/categories?post=19127"},{"taxonomy":"post_tag","embeddable":true,"href":"https:\/\/ipatingafc.com.br\/index.php\/wp-json\/wp\/v2\/tags?post=19127"}],"curies":[{"name":"wp","href":"https:\/\/api.w.org\/{rel}","templated":true}]}}