{"id":19131,"date":"2025-03-08T10:38:50","date_gmt":"2025-03-08T13:38:50","guid":{"rendered":"https:\/\/ipatingafc.com.br\/index.php\/2025\/03\/08\/protagonismo-feminino-no-ordenamento-urbano-do-rio-de-janeiro-prefeitura-da-cidade-do-rio-de-janeiro\/"},"modified":"2025-03-08T10:38:50","modified_gmt":"2025-03-08T13:38:50","slug":"protagonismo-feminino-no-ordenamento-urbano-do-rio-de-janeiro-prefeitura-da-cidade-do-rio-de-janeiro","status":"publish","type":"post","link":"https:\/\/ipatingafc.com.br\/index.php\/2025\/03\/08\/protagonismo-feminino-no-ordenamento-urbano-do-rio-de-janeiro-prefeitura-da-cidade-do-rio-de-janeiro\/","title":{"rendered":"Protagonismo feminino no ordenamento urbano do Rio de Janeiro &#8211; Prefeitura da Cidade do Rio de Janeiro"},"content":{"rendered":"<p><\/p>\n<div wp_automatic_readability=\"91.871226969816\">\n<div class=\"image-post\" wp_automatic_readability=\"32\">\n                     As mulheres da Seop assumem o protagonismo em diversas frentes. Foto: Divulga\u00e7\u00e3o\/Seop                  <\/div>\n<p>O ordenamento de uma cidade como o Rio de Janeiro n\u00e3o \u00e9 algo trivial. A diversidade de a\u00e7\u00f5es e a complexidade do trabalho tornam esse desafio ainda maior. E como conseguir realiz\u00e1-lo e tornar a cidade mais ordenada sem a atua\u00e7\u00e3o fundamental das mulheres da ordem, ainda mais em uma \u00e1rea de atua\u00e7\u00e3o historicamente masculina? Elas assumem o protagonismo em diversas frentes, como o BRT Seguro, demoli\u00e7\u00f5es, fiscaliza\u00e7\u00e3o de ambulantes, controle do tr\u00e2nsito, inspe\u00e7\u00e3o de ferros-velhos e at\u00e9 no aux\u00edlio aos cariocas e aos turistas. Neste 8 de mar\u00e7o, Dia Internacional da Mulher, celebr\u00e1-las \u00e9 reconhecer sua for\u00e7a e o impacto transformador que geram na sociedade.<\/p>\n<p>Um dos exemplos de empoderamento na Ordem P\u00fablica \u00e9 Aim\u00e9e de La Torre, supervisora de turma na Subsecretaria de Opera\u00e7\u00f5es (Subop) da Seop. Para Aim\u00e9e, desempenhar sua fun\u00e7\u00e3o \u00e9 um exerc\u00edcio constante de comprometimento e coragem:<\/p>\n<blockquote wp_automatic_readability=\"13\">\n<p>\u2013 Tenho certeza de que servir e proteger s\u00e3o as minhas voca\u00e7\u00f5es. No meu trabalho, pude oferecer dignidade \u00e0 popula\u00e7\u00e3o e, especialmente, a outras mulheres, que acolhi e que tamb\u00e9m me acolheram em diversas ocorr\u00eancias, com olhares de respeito e admira\u00e7\u00e3o -, afirma Aim\u00e9e.<\/p>\n<\/blockquote>\n<p>O reconhecimento de seu trabalho \u00e9 evidente na rela\u00e7\u00e3o de prest\u00edgio que construiu com seus colegas de profiss\u00e3o. No in\u00edcio da carreira, como socorrista operacional no Grupamento de Opera\u00e7\u00f5es Especiais (GOE) da Guarda Municipal (GM-Rio), ela se destacou no atendimento emergencial, tanto \u00e0 popula\u00e7\u00e3o quanto \u00e0 pr\u00f3pria equipe.<\/p>\n<blockquote wp_automatic_readability=\"14\">\n<p>\u2013 Entre tantas ocorr\u00eancias, a que mais me impactou foi reanimar um homem ap\u00f3s uma parada card\u00edaca na praia de Copacabana, no Natal de 2021. Esse momento refor\u00e7ou minha certeza de que nossa miss\u00e3o vai al\u00e9m do ordenamento, sendo um compromisso com o cuidado e o bem-estar de todos ao nosso redor \u2013 e, acima de tudo, um grande desafio -, complementa.<\/p>\n<\/blockquote>\n<p>Lorraine Machado, agente do programa Rio + Seguro e Guarda Municipal h\u00e1 oito anos, tamb\u00e9m vivencia essa realidade de desafios e responsabilidades. Antes de integrar uma das equipes mais operacionais da Seop, atuava no Grupamento Especial de Praia (GEP) da GM-Rio, onde desempenhava diversas fun\u00e7\u00f5es, incluindo o aux\u00edlio a crian\u00e7as perdidas para reencontrar seus familiares.<\/p>\n<p>Para Lorraine, a rotina de uma mulher fardada, tanto nas praias quanto nas ruas, envolve obst\u00e1culos que v\u00e3o al\u00e9m do patrulhamento:<\/p>\n<blockquote wp_automatic_readability=\"16\">\n<p>\u2013 Impor-se \u00e9 uma necessidade constante. Muitas vezes, a presen\u00e7a feminina \u00e9 ignorada pelas pessoas. N\u00e3o \u00e9 raro que, mesmo com uma agente fardada \u00e0 sua frente, um homem prefira procurar um colega do sexo masculino para resolver a situa\u00e7\u00e3o. N\u00f3s, mulheres, precisamos, infelizmente, reafirmar nossa autoridade com frequ\u00eancia -, destaca a agente.<\/p>\n<\/blockquote>\n<p>A mesma determina\u00e7\u00e3o se reflete na atua\u00e7\u00e3o de Cristiane dos Santos, que atualmente faz parte da Coordenadoria de Controle Urbano (CCU) e dedica suas horas vagas de servi\u00e7o no Programa BRT Seguro.<\/p>\n<p>Durante a intensa fiscaliza\u00e7\u00e3o nas esta\u00e7\u00f5es, que recebem milhares de pessoas todos os dias, Cristiane lida com diversas ocorr\u00eancias. Entre as mais marcantes, destaca-se o atendimento prestado em 6 de setembro de 2024, quando socorreu o pequeno Gael, um rec\u00e9m-nascido de apenas 10 dias que havia se engasgado com leite materno:<\/p>\n<blockquote wp_automatic_readability=\"11\">\n<p>\u2013 Quando peguei o Gael nos bra\u00e7os, senti o peso da responsabilidade. Realizei a manobra de desengasgo e, ao perceber que ele voltava a respirar, a sensa\u00e7\u00e3o foi indescrit\u00edvel -, relembra a agente.<\/p>\n<\/blockquote>\n<p>Al\u00e9m das emerg\u00eancias, Cristiane se destaca pela combina\u00e7\u00e3o de cuidado, t\u00e9cnica e sensibilidade \u2013 qualidades essenciais em situa\u00e7\u00f5es que evidenciam a vulnerabilidade e a viol\u00eancia contra a mulher no cotidiano. Com experi\u00eancia nesse tipo de caso, ela refor\u00e7a a import\u00e2ncia do acolhimento e do apoio emocional, que se tornam ainda mais potentes quando oferecidos de mulher para mulher:<\/p>\n<blockquote wp_automatic_readability=\"18\">\n<p>\u2013 Participei de pris\u00f5es por importuna\u00e7\u00e3o sexual dentro dos coletivos, uma realidade que, infelizmente, ainda persiste. Tenho orgulho de ser mulher e de atuar em um projeto de refer\u00eancia como o BRT Seguro, onde posso, de fato, fazer a diferen\u00e7a. Estar na linha de frente nessas situa\u00e7\u00f5es \u00e9, muitas vezes, uma forma de fortalecer outras mulheres, para que saibam que n\u00e3o est\u00e3o sozinhas. Esse \u00e9 um dos nossos pap\u00e9is -, conclui Cristiane.<\/p>\n<\/blockquote>\n<p>             <!-- Compartilhe ---><\/p>\n<p>\t\t\t <!-- TAGS --><\/p>\n<section class=\"category-tags\">\n<div class=\"marcacao-category\">\n<article class=\"category-post\">\n<p>Categoria: <\/p>\n<\/article>\n<li>8 de mar\u00e7o de 2025<\/li><\/div>\n<article class=\"tags\">\n\t\t\t\t\tMarca\u00e7\u00f5es: BRT seguro Dia da Mulher GEP GOE Rio + Seguro SUBOP<br \/><\/article>\n<\/section>\n<p>            <!-- Mais Not&iacute;cias --><\/p>\n<p>\t\t<!-- Conte&uacute;do SIDEBAR --><\/p><\/div>\n","protected":false},"excerpt":{"rendered":"<p>As mulheres da Seop assumem o protagonismo em diversas frentes. Foto: Divulga\u00e7\u00e3o\/Seop O ordenamento de&#8230;<\/p>\n","protected":false},"author":2,"featured_media":0,"comment_status":"","ping_status":"","sticky":false,"template":"","format":"standard","meta":{"footnotes":""},"categories":[2],"tags":[],"class_list":["post-19131","post","type-post","status-publish","format-standard","hentry","category-jogos-ao-vivo"],"amp_enabled":true,"_links":{"self":[{"href":"https:\/\/ipatingafc.com.br\/index.php\/wp-json\/wp\/v2\/posts\/19131","targetHints":{"allow":["GET"]}}],"collection":[{"href":"https:\/\/ipatingafc.com.br\/index.php\/wp-json\/wp\/v2\/posts"}],"about":[{"href":"https:\/\/ipatingafc.com.br\/index.php\/wp-json\/wp\/v2\/types\/post"}],"author":[{"embeddable":true,"href":"https:\/\/ipatingafc.com.br\/index.php\/wp-json\/wp\/v2\/users\/2"}],"replies":[{"embeddable":true,"href":"https:\/\/ipatingafc.com.br\/index.php\/wp-json\/wp\/v2\/comments?post=19131"}],"version-history":[{"count":0,"href":"https:\/\/ipatingafc.com.br\/index.php\/wp-json\/wp\/v2\/posts\/19131\/revisions"}],"wp:attachment":[{"href":"https:\/\/ipatingafc.com.br\/index.php\/wp-json\/wp\/v2\/media?parent=19131"}],"wp:term":[{"taxonomy":"category","embeddable":true,"href":"https:\/\/ipatingafc.com.br\/index.php\/wp-json\/wp\/v2\/categories?post=19131"},{"taxonomy":"post_tag","embeddable":true,"href":"https:\/\/ipatingafc.com.br\/index.php\/wp-json\/wp\/v2\/tags?post=19131"}],"curies":[{"name":"wp","href":"https:\/\/api.w.org\/{rel}","templated":true}]}}