{"id":19133,"date":"2025-03-08T11:25:59","date_gmt":"2025-03-08T14:25:59","guid":{"rendered":"https:\/\/ipatingafc.com.br\/index.php\/2025\/03\/08\/agencia-minas-gerais-energia-gerada-pelos-folioes-em-bh-seria-suficiente-para-abastecer-cerca-de-10-mil-casas-por-um-mes\/"},"modified":"2025-03-08T11:25:59","modified_gmt":"2025-03-08T14:25:59","slug":"agencia-minas-gerais-energia-gerada-pelos-folioes-em-bh-seria-suficiente-para-abastecer-cerca-de-10-mil-casas-por-um-mes","status":"publish","type":"post","link":"https:\/\/ipatingafc.com.br\/index.php\/2025\/03\/08\/agencia-minas-gerais-energia-gerada-pelos-folioes-em-bh-seria-suficiente-para-abastecer-cerca-de-10-mil-casas-por-um-mes\/","title":{"rendered":"Ag\u00eancia Minas Gerais | Energia gerada pelos foli\u00f5es em BH seria suficiente para abastecer cerca de 10 mil casas por um m\u00eas\u00a0"},"content":{"rendered":"<p><\/p>\n<div>\n<p>Energia para abastecer quase 10 mil resid\u00eancias durante um m\u00eas inteiro. Energia para recarregar um smartphone por mais de 9 milh\u00f5es de vezes ou deixar mil aparelhos de TV ligados por mais de 6 mil horas. Essas s\u00e3o apenas algumas possibilidades de uso dos cerca de 1,4 milh\u00e3o de KWh gerados pelos foli\u00f5es no Carnaval, em Belo Horizonte, caso essa energia pudesse ter sido canalizada para a rede el\u00e9trica.\u00a0<\/p>\n<p>Durante os quatro dias de folia na capital mineira, a Cemig e o Governo de Minas registraram e computaram todo o movimento e vibra\u00e7\u00e3o da multid\u00e3o nas ruas e transformaram tudo isso em n\u00fameros. Chamada de Energiz\u00f4metro, a estrutura, instalada no cora\u00e7\u00e3o do hipercentro de BH, no cruzamento das Avenidas Afonso Pena e Amazonas, ia se atualizando em tempo real a partir de dados coletados de diferentes foli\u00f5es.\u00a0<\/p>\n<p>Al\u00e9m disso, leituristas acompanharam os blocos de rua e mediram os decib\u00e9is dos coros que embalaram as avenidas. Tudo isso foi projetado para os n\u00fameros de atra\u00e7\u00f5es e p\u00fablico nas ruas e, assim, foi estimada a energia produzida no Carnaval de Belo Horizonte.\u00a0<\/p>\n<p>A diretora de Comunica\u00e7\u00e3o e Sustentabilidade da Cemig, Cristiana Kumaira, explicou a iniciativa e falou da materializa\u00e7\u00e3o da energia gerada nas ruas. \u201cA Cemig distribuiu dezenas de rel\u00f3gios inteligentes para os foli\u00f5es monitorarem seus passos, calorias queimadas e quil\u00f4metros percorridos. Cada pulo, cada dan\u00e7a e cada deslocamento se transformaram em dados para alimentar o Energiz\u00f4metro. N\u00f3s sabemos que a folia em Minas tem uma energia \u00fanica e lan\u00e7amos esse desafio para tentar traduzir em n\u00fameros toda essa alegria\u201d, afirmou.\u00a0\u00a0\u00a0<\/p>\n<p><b>Cemig: energia do Carnaval\u00a0<\/b><\/p>\n<p>Como a maior incentivadora da cultura em Minas Gerais, a Cemig esteve, novamente, ao lado do setor e dos mineiros em mais uma edi\u00e7\u00e3o do Carnaval da Liberdade. Patrocinar as atra\u00e7\u00f5es art\u00edsticas, que encantaram e arrastaram multid\u00f5es durante os dias de folia, \u00e9 contribuir para dar vida \u00e0 arte, al\u00e9m de impulsionar a economia criativa com a gera\u00e7\u00e3o de emprego e renda.\u00a0<\/p>\n<p>Neste ano, foram mais de 60 projetos com a tem\u00e1tica de Carnaval patrocinados pela Cemig, em cerca de 30 cidades, de diferentes regi\u00f5es do estado. Ao investir no setor cultural do estado, com seus m\u00faltiplos e diversos projetos, a Cemig reafirma o posicionamento da Companhia em ser uma indutora do desenvolvimento social e econ\u00f4mico de Minas, refor\u00e7ando a identidade mineira no cen\u00e1rio nacional e internacional.\u00a0<\/p>\n<\/p><\/div>\n","protected":false},"excerpt":{"rendered":"<p>Energia para abastecer quase 10 mil resid\u00eancias durante um m\u00eas inteiro. Energia para recarregar um&#8230;<\/p>\n","protected":false},"author":2,"featured_media":0,"comment_status":"","ping_status":"","sticky":false,"template":"","format":"standard","meta":{"footnotes":""},"categories":[2],"tags":[],"class_list":["post-19133","post","type-post","status-publish","format-standard","hentry","category-jogos-ao-vivo"],"amp_enabled":true,"_links":{"self":[{"href":"https:\/\/ipatingafc.com.br\/index.php\/wp-json\/wp\/v2\/posts\/19133","targetHints":{"allow":["GET"]}}],"collection":[{"href":"https:\/\/ipatingafc.com.br\/index.php\/wp-json\/wp\/v2\/posts"}],"about":[{"href":"https:\/\/ipatingafc.com.br\/index.php\/wp-json\/wp\/v2\/types\/post"}],"author":[{"embeddable":true,"href":"https:\/\/ipatingafc.com.br\/index.php\/wp-json\/wp\/v2\/users\/2"}],"replies":[{"embeddable":true,"href":"https:\/\/ipatingafc.com.br\/index.php\/wp-json\/wp\/v2\/comments?post=19133"}],"version-history":[{"count":0,"href":"https:\/\/ipatingafc.com.br\/index.php\/wp-json\/wp\/v2\/posts\/19133\/revisions"}],"wp:attachment":[{"href":"https:\/\/ipatingafc.com.br\/index.php\/wp-json\/wp\/v2\/media?parent=19133"}],"wp:term":[{"taxonomy":"category","embeddable":true,"href":"https:\/\/ipatingafc.com.br\/index.php\/wp-json\/wp\/v2\/categories?post=19133"},{"taxonomy":"post_tag","embeddable":true,"href":"https:\/\/ipatingafc.com.br\/index.php\/wp-json\/wp\/v2\/tags?post=19133"}],"curies":[{"name":"wp","href":"https:\/\/api.w.org\/{rel}","templated":true}]}}