{"id":19138,"date":"2025-03-08T13:01:02","date_gmt":"2025-03-08T16:01:02","guid":{"rendered":"https:\/\/ipatingafc.com.br\/index.php\/2025\/03\/08\/agencia-minas-gerais-governo-de-minas-vistoria-entregas-da-educacao-nas-regioes-noroeste-e-centro-oeste\/"},"modified":"2025-03-08T13:01:02","modified_gmt":"2025-03-08T16:01:02","slug":"agencia-minas-gerais-governo-de-minas-vistoria-entregas-da-educacao-nas-regioes-noroeste-e-centro-oeste","status":"publish","type":"post","link":"https:\/\/ipatingafc.com.br\/index.php\/2025\/03\/08\/agencia-minas-gerais-governo-de-minas-vistoria-entregas-da-educacao-nas-regioes-noroeste-e-centro-oeste\/","title":{"rendered":"Ag\u00eancia Minas Gerais | Governo de Minas vistoria entregas da Educa\u00e7\u00e3o nas regi\u00f5es Noroeste e Centro-Oeste"},"content":{"rendered":"<p><\/p>\n<div>\n<p>O governador Romeu Zema vistoriou entregas feitas em quatro cidades na regi\u00e3o Noroeste e Centro-Oeste do estado com investimentos do Governo de Minas para garantir mais avan\u00e7os na Educa\u00e7\u00e3o.\u00a0<\/p>\n<p>&#8220;Desde que assumi o governo, estamos investindo na Educa\u00e7\u00e3o e os alunos, professores e diretores est\u00e3o vendo as melhorias no dia a dia. N\u00f3s destinamos mais de R$ 400 milh\u00f5es para a merenda escolar, antigamente eram apenas R$ 20 milh\u00f5es. Reformamos mais de 2.300 escolas estaduais, colocamos computadores novos e renovamos o mobili\u00e1rio. Estamos garantindo a infraestrutura adequada para o aprendizado dos mineiros. Com o projeto M\u00e3os Dadas, j\u00e1 investimos mais de R$ 1,2 bilh\u00e3o nas redes municipais de ensino &#8220;, destacou Romeu Zema.<\/p>\n<p><strong>M\u00e3os Dadas\u00a0<\/strong><\/p>\n<p>Zema esteve, neste s\u00e1bado (8\/3), em Cedro do Abaet\u00e9, na regi\u00e3o Centro-Oeste, para conferir as obras feitas com recursos do M\u00e3os Dadas. O munic\u00edpio recebeu, por meio do programa, R$ 2,9 milh\u00f5es.\u00a0<\/p>\n<p>Est\u00e1 na fase final a constru\u00e7\u00e3o do Centro Municipal de Educa\u00e7\u00e3o Infantil Vov\u00f3 Altiva. Al\u00e9m disso, a escola Municipal Frederico Campos foi ampliada e houve reformas nos banheiros, refeit\u00f3rio e cozinha. Houve ainda repasse para aquisi\u00e7\u00e3o de equipamentos de cozinha industrial, eletrodom\u00e9sticos, eletroeletr\u00f4nicos, mobili\u00e1rio escolar e parque infantil.<\/p>\n<p>Na sexta-feira (7\/3), o governador assinou a ordem de in\u00edcio das obras de reforma e amplia\u00e7\u00e3o das escolas: Municipal Martinho Matos e Escola Municipal Crian\u00e7a Feliz, em S\u00e3o Gon\u00e7alo do Abaet\u00e9. Para a realiza\u00e7\u00e3o dessas reformas, foram destinados R$ 1,9 milh\u00e3o por meio do programa M\u00e3os Dadas.<\/p>\n<p>Durante a solenidade, o governador encontrou alguns alunos da escola Martinho Matos, diretores e lideran\u00e7as locais.\u00a0<\/p>\n<p><strong>Fortalecimento da rede municipal\u00a0<\/strong><\/p>\n<p>Em Biquinhas, o governador vistoriou a Escola Municipal Jo\u00e3o Mendes de Souza que recebeu R$ 6,3 milh\u00f5es do Acordo de Brumadinho para reforma do refeit\u00f3rio, ambientes de circula\u00e7\u00e3o e salas, al\u00e9m da constru\u00e7\u00e3o do playground e uma horta.<\/p>\n<p><strong>Projeto de Leitura e Escrita<\/strong><\/p>\n<p>Foi inaugurada, na sexta-feira, a nova biblioteca da Escola Estadual Santa Terezinha, em Lagoa Grande, Noroeste mineiro. Com recursos do Projeto de Leitura e Escrita, iniciativa da Secretaria de Estado de Educa\u00e7\u00e3o (SEE-MG), a unidade escolar revitalizou o espa\u00e7o e adquiriu um novo acervo liter\u00e1rio.<\/p>\n<p>A revitaliza\u00e7\u00e3o da biblioteca, que contou com um investimento de R$ 91 mil, incluiu melhorias na infraestrutura do espa\u00e7o e aquisi\u00e7\u00e3o de mobili\u00e1rios e equipamentos, tornando-o mais acolhedor e adequado para a leitura e o estudo.\u00a0<\/p>\n<p>Al\u00e9m disso, a escola ampliou sua cole\u00e7\u00e3o de livros, garantindo um acervo diversificado e atualizado, com t\u00edtulos que atendem a diferentes faixas et\u00e1rias e \u00e1reas do conhecimento.<\/p>\n<p>Lan\u00e7ado em setembro de 2024, o Projeto Leitura e Escrita conta com um investimento de R$ 212 milh\u00f5es, o que representa o maior aporte j\u00e1 realizado pelo Estado com foco em desenvolver a leitura. Desse total, R$ 180 milh\u00f5es foram direcionados para reformar bibliotecas em escolas.\u00a0<\/p>\n<p><strong>Encontro com lideran\u00e7as e popula\u00e7\u00e3o\u00a0<\/strong><\/p>\n<p>O governo participou em Varj\u00e3o de Minas da comemora\u00e7\u00e3o municipal do Dia das Mulheres. Em S\u00e3o Gon\u00e7alo do Abaet\u00e9, Zema esteve na Pra\u00e7a Matriz, onde foi recepcionado pela fanfarra da cidade.<\/p>\n<\/p><\/div>\n","protected":false},"excerpt":{"rendered":"<p>O governador Romeu Zema vistoriou entregas feitas em quatro cidades na regi\u00e3o Noroeste e Centro-Oeste&#8230;<\/p>\n","protected":false},"author":2,"featured_media":0,"comment_status":"","ping_status":"","sticky":false,"template":"","format":"standard","meta":{"footnotes":""},"categories":[2],"tags":[],"class_list":["post-19138","post","type-post","status-publish","format-standard","hentry","category-jogos-ao-vivo"],"amp_enabled":true,"_links":{"self":[{"href":"https:\/\/ipatingafc.com.br\/index.php\/wp-json\/wp\/v2\/posts\/19138","targetHints":{"allow":["GET"]}}],"collection":[{"href":"https:\/\/ipatingafc.com.br\/index.php\/wp-json\/wp\/v2\/posts"}],"about":[{"href":"https:\/\/ipatingafc.com.br\/index.php\/wp-json\/wp\/v2\/types\/post"}],"author":[{"embeddable":true,"href":"https:\/\/ipatingafc.com.br\/index.php\/wp-json\/wp\/v2\/users\/2"}],"replies":[{"embeddable":true,"href":"https:\/\/ipatingafc.com.br\/index.php\/wp-json\/wp\/v2\/comments?post=19138"}],"version-history":[{"count":0,"href":"https:\/\/ipatingafc.com.br\/index.php\/wp-json\/wp\/v2\/posts\/19138\/revisions"}],"wp:attachment":[{"href":"https:\/\/ipatingafc.com.br\/index.php\/wp-json\/wp\/v2\/media?parent=19138"}],"wp:term":[{"taxonomy":"category","embeddable":true,"href":"https:\/\/ipatingafc.com.br\/index.php\/wp-json\/wp\/v2\/categories?post=19138"},{"taxonomy":"post_tag","embeddable":true,"href":"https:\/\/ipatingafc.com.br\/index.php\/wp-json\/wp\/v2\/tags?post=19138"}],"curies":[{"name":"wp","href":"https:\/\/api.w.org\/{rel}","templated":true}]}}