{"id":19157,"date":"2025-03-08T21:37:46","date_gmt":"2025-03-09T00:37:46","guid":{"rendered":"https:\/\/ipatingafc.com.br\/index.php\/2025\/03\/08\/agencia-minas-gerais-sucesso-de-publico-carnaval-em-minas-gerais-conquista-turistas-e-movimenta-a-economia-em-2025\/"},"modified":"2025-03-08T21:37:46","modified_gmt":"2025-03-09T00:37:46","slug":"agencia-minas-gerais-sucesso-de-publico-carnaval-em-minas-gerais-conquista-turistas-e-movimenta-a-economia-em-2025","status":"publish","type":"post","link":"https:\/\/ipatingafc.com.br\/index.php\/2025\/03\/08\/agencia-minas-gerais-sucesso-de-publico-carnaval-em-minas-gerais-conquista-turistas-e-movimenta-a-economia-em-2025\/","title":{"rendered":"Ag\u00eancia Minas Gerais | Sucesso de p\u00fablico, Carnaval em Minas Gerais conquista turistas e movimenta a economia em 2025"},"content":{"rendered":"<p><\/p>\n<div>\n<section class=\"news-related \/ col-md-4 col-lg-3 \/ margin-md-bottom-2 margin-left-1 \/ pull-right \/ hidden-xs hidden-sm\">\n<header>\n<p class=\"text-title-section \/ margin-bottom-1\">Relacionadas<\/p>\n<\/header>\n<p>\t\t\t\t\t\t\t<main><\/p>\n<hr class=\"row margin-md-bottom-2\"\/>\n<hr class=\"row margin-md-bottom-2\"\/>\n<hr class=\"row margin-md-bottom-2\"\/>\n<hr class=\"row margin-md-bottom-2\"\/>\n\t\t\t\t\t\t\t<\/main><br \/>\n\t\t\t\t\t\t<\/section>\n<p>O Carnaval da Liberdade e da Tranquilidade 2025, promovido pelo Governo de Minas, por meio da Secretaria de Estado de Cultura e Turismo (Secult), se encerra com n\u00fameros expressivos e crescimento em rela\u00e7\u00e3o ao ano passado. Nos quatro dias da folia, Minas Gerais recebeu 13,2 milh\u00f5es de foli\u00f5es, sendo 6 milh\u00f5es somente em Belo Horizonte. Em 2024, foram 12 milh\u00f5es de foli\u00f5es no estado, sendo 5,5 milh\u00f5es na capital.<\/p>\n<p>Com recorde de p\u00fablico em Belo Horizonte, presen\u00e7a de atra\u00e7\u00f5es nacionais e aumento no n\u00famero de turistas no interior, Minas Gerais cada vez mais se consolida entre os destinos mais relevantes durante a folia no Brasil, oferecendo seguran\u00e7a e atra\u00e7\u00f5es para todos os p\u00fablicos e gerando impacto econ\u00f4mico a partir de um modelo transversal de pol\u00edticas p\u00fablicas voltadas para a cultura, o turismo e a prote\u00e7\u00e3o do cidad\u00e3o.<\/p>\n<p>O balan\u00e7o com os n\u00fameros do carnaval em Minas Gerais foi apresentado pelo governador Romeu Zema, nesta quinta-feira (6\/3), no Pal\u00e1cio da Liberdade, com a presen\u00e7a de representantes das For\u00e7as de Seguran\u00e7a e das secretarias de Estados envolvidas na organiza\u00e7\u00e3o da festa.<\/p>\n<p>A economia criativa foi um dos grandes motores do evento, impulsionada pelos investimentos p\u00fablicos e privados, consolidando a gera\u00e7\u00e3o de emprego e renda como um dos legados. O modelo garantiu que cada setor fosse impactado de forma positiva, fortalecendo desde os pequenos empreendedores at\u00e9 as grandes cadeias produtivas do turismo, com\u00e9rcio e cultura.<\/p>\n<p>Os dados preliminares confirmam um impacto significativo na gera\u00e7\u00e3o de empregos e no crescimento da economia criativa. Mais de 440 munic\u00edpios participaram ativamente, integrando-se ao turismo e impulsionando seus setores culturais e de servi\u00e7os. Estima-se que R$ 5,3 bilh\u00f5es foram movimentados na economia mineira, gerando impacto expressivo no turismo, hotelaria, gastronomia, transporte e servi\u00e7os.<\/p>\n<p>Com a cria\u00e7\u00e3o de empregos tempor\u00e1rios, setores como seguran\u00e7a privada, produ\u00e7\u00e3o cultural, com\u00e9rcio e eventos se fortaleceram e microempreendedores se beneficiaram do alto fluxo de p\u00fablico.<br \/>&#13;<br \/>\n\u00a0<\/p>\n<table align=\"center\" border=\"0\" cellpadding=\"1\" cellspacing=\"1\" style=\"width: 70%;\">&#13;<\/p>\n<tbody>&#13;<\/p>\n<tr>&#13;<\/p>\n<td colspan=\"5\" style=\"text-align: center; vertical-align: middle;\">&#13;<\/p>\n<p style=\"text-align:center\">\n<p>&#13;\n\t\t\t<\/td>\n<p>&#13;<br \/>\n\t\t<\/tr>\n<p>&#13;<\/p>\n<tr>&#13;<\/p>\n<td style=\"text-align: center; vertical-align: middle;\">\u00a0<\/td>\n<p>&#13;<\/p>\n<td colspan=\"3\" rowspan=\"3\" style=\"text-align: center; vertical-align: middle;\">&#13;<br \/>\n\t\t\t&#13;\n\t\t\t<\/td>\n<p>&#13;<\/p>\n<td style=\"text-align: center; vertical-align: middle;\">\u00a0<\/td>\n<p>&#13;<br \/>\n\t\t<\/tr>\n<p>&#13;<\/p>\n<tr>&#13;<\/p>\n<td style=\"text-align: center; vertical-align: middle;\">\u00a0<\/td>\n<p>&#13;<\/p>\n<td style=\"text-align: center; vertical-align: middle;\">\u00a0<\/td>\n<p>&#13;<br \/>\n\t\t<\/tr>\n<p>&#13;<\/p>\n<tr>&#13;<\/p>\n<td style=\"text-align: center; vertical-align: middle;\">\u00a0<\/td>\n<p>&#13;<\/p>\n<td style=\"text-align: center; vertical-align: middle;\">\u00a0<\/td>\n<p>&#13;<br \/>\n\t\t<\/tr>\n<p>&#13;<\/p>\n<tr>&#13;<\/p>\n<td colspan=\"5\" style=\"text-align: center; vertical-align: middle;\">&#13;<\/p>\n<p style=\"text-align:center\">\n<p>&#13;\n\t\t\t<\/td>\n<p>&#13;<br \/>\n\t\t<\/tr>\n<p>&#13;<br \/>\n\t<\/tbody>\n<p>&#13;<br \/>\n<\/table>\n<p>&#13;<br \/>\nPara garantir que os investimentos gerassem impactos duradouros para o estado, foram diferentes frentes de atua\u00e7\u00e3o do Governo de Minas, como incentivos estaduais via ICMS Cultura, ICMS Turismo e Lei Estadual de Incentivo \u00e0 Cultura, que permitiram o fortalecimento de blocos, escolas de samba e projetos culturais.<\/p>\n<p>A articula\u00e7\u00e3o entre o setor p\u00fablico e privado garantiu um crescimento expressivo na hotelaria, gastronomia e no com\u00e9rcio de microempreendedores. Al\u00e9m disso, grandes marcas e patrocinadores aderiram, ampliando a capacidade de investimentos e fomentando um ciclo virtuoso para a economia mineira.<\/p>\n<p><strong>Hotelaria<\/strong><\/p>\n<p>A m\u00e9dia de ocupa\u00e7\u00e3o hoteleira em BH chegou a 87,5%, com pico 90,2% no domingo. A m\u00e9dia de 2025 na capital \u00e9 16 pontos percentuais maior que a de 2024, que foi de 71,3%. Muitos turistas optaram pelo Carnaval da Tranquilidade, que incluiu programa\u00e7\u00e3o em cidades hist\u00f3ricas e outros destinos no estado para quem prefere relaxar ou aproveitar o contato com a natureza.<\/p>\n<p>No interior, em 2025, diversas regi\u00f5es tur\u00edsticas, como o Mar de Minas (Capit\u00f3lio e Furnas) e Capara\u00f3 Mineiro registraram 100% de ocupa\u00e7\u00e3o hoteleira. Regi\u00f5es como Mantiqueira de Minas, Santana dos Montes e Serra da Moeda alcan\u00e7aram 90% de ocupa\u00e7\u00e3o.<\/p>\n<p>Com os resultados positivos, o modelo do Carnaval da Liberdade e da Tranquilidade, promovido pelo Governo de Minas, segue como refer\u00eancia para os pr\u00f3ximos anos, consolidando-se como um evento sustent\u00e1vel, seguro e economicamente vi\u00e1vel.<br \/>&#13;<br \/>\n\u00a0<\/p>\n<table align=\"center\" border=\"0\" cellpadding=\"1\" cellspacing=\"1\" style=\"width: 100%;\">&#13;<\/p>\n<tbody>&#13;<\/p>\n<tr>&#13;<\/p>\n<td colspan=\"5\" style=\"text-align: center; vertical-align: middle;\">&#13;<\/p>\n<p style=\"text-align:center\">\n<p>&#13;\n\t\t\t<\/td>\n<p>&#13;<br \/>\n\t\t<\/tr>\n<p>&#13;<\/p>\n<tr>&#13;<\/p>\n<td style=\"text-align: center; vertical-align: middle;\">\u00a0<\/td>\n<p>&#13;<\/p>\n<td colspan=\"3\" rowspan=\"3\" style=\"text-align: center; vertical-align: middle;\">&#13;<br \/>\n\t\t\t&#13;\n\t\t\t<\/td>\n<p>&#13;<\/p>\n<td style=\"text-align: center; vertical-align: middle;\">\u00a0<\/td>\n<p>&#13;<br \/>\n\t\t<\/tr>\n<p>&#13;<\/p>\n<tr>&#13;<\/p>\n<td style=\"text-align: center; vertical-align: middle;\">\u00a0<\/td>\n<p>&#13;<\/p>\n<td style=\"text-align: center; vertical-align: middle;\">\u00a0<\/td>\n<p>&#13;<br \/>\n\t\t<\/tr>\n<p>&#13;<\/p>\n<tr>&#13;<\/p>\n<td style=\"text-align: center; vertical-align: middle;\">\u00a0<\/td>\n<p>&#13;<\/p>\n<td style=\"text-align: center; vertical-align: middle;\">\u00a0<\/td>\n<p>&#13;<br \/>\n\t\t<\/tr>\n<p>&#13;<\/p>\n<tr>&#13;<\/p>\n<td colspan=\"5\" style=\"text-align: center; vertical-align: middle;\">&#13;<\/p>\n<p style=\"text-align:center\">\n<p>&#13;\n\t\t\t<\/td>\n<p>&#13;<br \/>\n\t\t<\/tr>\n<p>&#13;<br \/>\n\t<\/tbody>\n<p>&#13;<br \/>\n<\/table>\n<p>&#13;<br \/>\n<strong>Carnaval da Mobilidade<\/strong><\/p>\n<p>Para ajudar no deslocamento dos foli\u00f5es tanto na capital quanto no interior, a Secretaria de Estado de Infraestrutura, Mobilidade e Parcerias (Seinfra) lan\u00e7ou a p\u00e1gina Carnaval da Mobilidade, com informa\u00e7\u00f5es sobre as estradas e transporte p\u00fablico nesse per\u00edodo.<\/p>\n<p>Em rela\u00e7\u00e3o \u00e0s chegadas e partidas no Terminal Rodovi\u00e1rio Governador Israel Pinheiro (Tergip), em Belo Horizonte, foram 148.256 passageiros entre os dias 27\/2 e 4\/3. O maior fluxo ocorreu no dia 28\/2, com 40.795 pessoas. Em 2024, no mesmo per\u00edodo de seis dias (quinta a ter\u00e7a), foram registrados 137.760 passageiros, entre embarques e desembarques. Dessa forma, a Rodovi\u00e1ria de BH registrou um movimento 7,6% maior em 2025.<\/p>\n<p>Pelo Aeroporto Internacional de Belo Horizonte, em Confins, foram registrados 190 mil passageiros passando pelos terminais, sendo 7,5 mil advindos de voos internacionais. J\u00e1 a respeito da utiliza\u00e7\u00e3o do metr\u00f4, entre sexta-feira (1\/3) e a ter\u00e7a-feira de Carnaval (4\/3), cerca de 400 mil pessoas embarcaram na Regi\u00e3o Metropolitana de Belo Horizonte (RMBH). O \u00edndice \u00e9 id\u00eantico ao de 2024.<\/p>\n<p>Sobre o transporte metropolitano, o pico de demanda ocorreu no s\u00e1bado, assim como em 2024, segundo a Seinfra, quando 195.690 passageiros foram atendidos pelos \u00f4nibus que ligam a capital mineira aos munic\u00edpios vizinhos. Em 2024, nos \u00f4nibus metropolitanos, 678.625 passageiros embarcaram e desembarcaram nos quatro dias de Carnaval. Em 2025, foram 579.960 passageiros. A redu\u00e7\u00e3o est\u00e1 relacionada a fatores como a descentraliza\u00e7\u00e3o da folia.<\/p>\n<p>Para garantir a seguran\u00e7a dos passageiros e a fluidez do tr\u00e2nsito, tamb\u00e9m foram realizadas diversas opera\u00e7\u00f5es pelo Departamento de\u00a0Estradas de Rodagem de Minas Gerais (DER-MG), Pol\u00edcia Militar Rodovi\u00e1ria (PMRv) e outros \u00f3rg\u00e3os, contemplando desde a fiscaliza\u00e7\u00e3o contra o transporte clandestino, passando por opera\u00e7\u00f5es de restri\u00e7\u00e3o e monitoramento e blitze educativas.<br \/>&#13;<br \/>\n\u00a0<\/p>\n<p style=\"text-align:center\">\n<p><em>\u00a0 \u00a0 \u00a0 \u00a0 \u00a0 \u00a0 \u00a0 \u00a0 \u00a0 \u00a0 \u00a0 \u00a0 \u00a0 \u00a0 \u00a0 \u00a0 \u00a0 \u00a0 \u00a0 \u00a0 \u00a0 \u00a0 \u00a0 \u00a0 \u00a0 \u00a0 \u00a0 \u00a0 \u00a0 \u00a0 \u00a0 \u00a0 \u00a0 \u00a0 \u00a0 \u00a0 \u00a0 \u00a0 \u00a0 \u00a0 \u00a0 \u00a0 \u00a0 \u00a0 \u00a0 \u00a0 \u00a0 \u00a0 \u00a0 \u00a0 \u00a0 <sub>\u00a0 \u00a0 \u00a0 \u00a0 \u00a0 \u00a0 \u00a0 \u00a0 \u00a0 \u00a0 \u00a0 \u00a0 \u00a0 \u00a0 \u00a0Filipe Natanael \/ Digital MG<\/sub><\/em><\/p>\n<p><strong>Via das Artes e\u00a0Pal\u00e1cio do Samba<\/strong><\/p>\n<p>A Via das Artes foi a grande novidade do Carnaval multicultural de BH. Circo, dan\u00e7a, m\u00fasica, poesia, artes visuais e tecnologia se encontram na folia da capital mineira. Al\u00e9m dos 23 blocos que desfilaram nas avenidas sonorizadas (Andradas, Amazonas e Brasil), o projeto uniu diversas express\u00f5es art\u00edsticas e trouxe o ineditismo das programa\u00e7\u00f5es noturnas e da madrugada, como a Virada Eletr\u00f4nica, que chegou a reunir 10 mil pessoas, Alvorada Po\u00e9tica e o Quarteir\u00e3o Eletr\u00f4nico.\u00a0<br \/>&#13;<br \/>\n\u00a0<\/p>\n<table align=\"center\" border=\"0\" cellpadding=\"1\" cellspacing=\"1\" style=\"width: 100%;\">&#13;<\/p>\n<tbody>&#13;<\/p>\n<tr>&#13;<\/p>\n<td colspan=\"5\" style=\"text-align: center; vertical-align: middle;\">&#13;<\/p>\n<p style=\"text-align:center\">\n<p>&#13;\n\t\t\t<\/td>\n<p>&#13;<br \/>\n\t\t<\/tr>\n<p>&#13;<\/p>\n<tr>&#13;<\/p>\n<td style=\"text-align: center; vertical-align: middle;\">\u00a0<\/td>\n<p>&#13;<\/p>\n<td colspan=\"3\" rowspan=\"3\" style=\"text-align: center; vertical-align: middle;\">&#13;<br \/>\n\t\t\t&#13;\n\t\t\t<\/td>\n<p>&#13;<\/p>\n<td style=\"text-align: center; vertical-align: middle;\">\u00a0<\/td>\n<p>&#13;<br \/>\n\t\t<\/tr>\n<p>&#13;<\/p>\n<tr>&#13;<\/p>\n<td style=\"text-align: center; vertical-align: middle;\">\u00a0<\/td>\n<p>&#13;<\/p>\n<td style=\"text-align: center; vertical-align: middle;\">\u00a0<\/td>\n<p>&#13;<br \/>\n\t\t<\/tr>\n<p>&#13;<\/p>\n<tr>&#13;<\/p>\n<td style=\"text-align: center; vertical-align: middle;\">\u00a0<\/td>\n<p>&#13;<\/p>\n<td style=\"text-align: center; vertical-align: middle;\">\u00a0<\/td>\n<p>&#13;<br \/>\n\t\t<\/tr>\n<p>&#13;<\/p>\n<tr>&#13;<\/p>\n<td colspan=\"5\" style=\"text-align: center; vertical-align: middle;\">&#13;<\/p>\n<p style=\"text-align:center\">\n<p>&#13;\n\t\t\t<\/td>\n<p>&#13;<br \/>\n\t\t<\/tr>\n<p>&#13;<br \/>\n\t<\/tbody>\n<p>&#13;<br \/>\n<\/table>\n<p>&#13;<br \/>\nA segunda edi\u00e7\u00e3o do Pal\u00e1cio do Samba transformou novamente o Pal\u00e1cio da Liberdade, em BH, na casa da Velha Guarda do samba mineiro, onde\u00a0promoveu o di\u00e1logo entre as novas gera\u00e7\u00f5es e reuniu cerca de 15 mil pessoas de todas as idades durante o Carnaval. Al\u00e9m disso, o projeto contou com programa\u00e7\u00e3o infantil e mostra de cinema em homenagem a nomes do samba de Minas Gerais.<\/p>\n<p>O Atrium da Liberdade se consolidou como op\u00e7\u00e3o de tranquilidade e lazer tamb\u00e9m na Pra\u00e7a da Liberdade. Neste ano, o espa\u00e7o contou com \u00e1reas de descanso e hidrata\u00e7\u00e3o, equipadas com duchas refrescantes e mobili\u00e1rio confort\u00e1vel, distribui\u00e7\u00e3o de \u00e1gua, aulas de alongamento, espa\u00e7o kids, Kombi DJ com repert\u00f3rio musical tem\u00e1tico, sess\u00f5es de massoterapia, lounge e oficinas de maquiagem e customiza\u00e7\u00e3o de abad\u00e1s.<\/p>\n<p><strong>Prote\u00e7\u00e3o \u00e0s mulheres<\/strong><\/p>\n<p>A Secretaria de Estado de Desenvolvimento Social (Sedese) implementou um conjunto de a\u00e7\u00f5es para garantir a tranquilidade das mulheres e prevenir a viol\u00eancia durante o Carnaval da Liberdade 2025. Com iniciativas inovadoras, o Governo de Minas fortaleceu redes de apoio e preven\u00e7\u00e3o nos principais pontos de folia do estado.<\/p>\n<p>Na Pra\u00e7a Sete e na Savassi, duas unidades m\u00f3veis de atendimento ofereceram suporte a mulheres em situa\u00e7\u00e3o de viol\u00eancia entre os dias 1 e 4\/3.\u00a0As unidades m\u00f3veis, fruto da parceria entre Sedese, Minist\u00e9rio P\u00fablico de Minas Gerais (MPMG) e Defensoria P\u00fablica de Minas Gerais (DPMG), contaram com equipes multidisciplinares compostas por aproximadamente seis profissionais em cada van, incluindo promotores de Justi\u00e7a, defensores p\u00fablicos, policiais civis e especialistas do Centro Risoleta Neves de Atendimento \u00e0s Mulheres V\u00edtimas de Viol\u00eancia (Cerna).<br \/>&#13;<br \/>\n\u00a0<\/p>\n<table align=\"center\" border=\"0\" cellpadding=\"1\" cellspacing=\"1\" style=\"width: 100%;\">&#13;<\/p>\n<tbody>&#13;<\/p>\n<tr>&#13;<\/p>\n<td colspan=\"5\" style=\"text-align: center; vertical-align: middle;\">&#13;<\/p>\n<p style=\"text-align:center\">\n<p>&#13;\n\t\t\t<\/td>\n<p>&#13;<br \/>\n\t\t<\/tr>\n<p>&#13;<\/p>\n<tr>&#13;<\/p>\n<td style=\"text-align: center; vertical-align: middle;\">\u00a0<\/td>\n<p>&#13;<\/p>\n<td colspan=\"3\" rowspan=\"3\" style=\"text-align: center; vertical-align: middle;\">&#13;<br \/>\n\t\t\t&#13;\n\t\t\t<\/td>\n<p>&#13;<\/p>\n<td style=\"text-align: center; vertical-align: middle;\">\u00a0<\/td>\n<p>&#13;<br \/>\n\t\t<\/tr>\n<p>&#13;<\/p>\n<tr>&#13;<\/p>\n<td style=\"text-align: center; vertical-align: middle;\">\u00a0<\/td>\n<p>&#13;<\/p>\n<td style=\"text-align: center; vertical-align: middle;\">\u00a0<\/td>\n<p>&#13;<br \/>\n\t\t<\/tr>\n<p>&#13;<\/p>\n<tr>&#13;<\/p>\n<td style=\"text-align: center; vertical-align: middle;\">\u00a0<\/td>\n<p>&#13;<\/p>\n<td style=\"text-align: center; vertical-align: middle;\">\u00a0<\/td>\n<p>&#13;<br \/>\n\t\t<\/tr>\n<p>&#13;<\/p>\n<tr>&#13;<\/p>\n<td colspan=\"5\" style=\"text-align: center; vertical-align: middle;\">&#13;<\/p>\n<p style=\"text-align:center\">\n<p>&#13;\n\t\t\t<\/td>\n<p>&#13;<br \/>\n\t\t<\/tr>\n<p>&#13;<br \/>\n\t<\/tbody>\n<p>&#13;<br \/>\n<\/table>\n<p>&#13;<br \/>\nJ\u00e1 aplicado em bares, restaurantes, casas noturnas e grandes eventos, como festivais e jogos de futebol, o Protocolo Fale Agora foi adaptado para o Carnaval, incluindo a capacita\u00e7\u00e3o de blocos e foli\u00f5es em Belo Horizonte.\u00a0No total, 460 blocos de 16 munic\u00edpios foram capacitados, ampliando a conscientiza\u00e7\u00e3o e preparando a popula\u00e7\u00e3o para agir diante de situa\u00e7\u00f5es de viol\u00eancia sexual em espa\u00e7os de lazer e turismo.<\/p>\n<p>Um diferencial desta edi\u00e7\u00e3o foi a distribui\u00e7\u00e3o de pulseiras aos participantes capacitados, permitindo a identifica\u00e7\u00e3o daqueles aptos a prestar um primeiro atendimento \u00e0s v\u00edtimas. Ainda para ampliar a conscientiza\u00e7\u00e3o sobre os direitos das mulheres e canais de den\u00fancia, a Sedese\u00a0distribuiu quase 300 mil materiais informativos em 49 munic\u00edpios.<\/p>\n<\/p><\/div>\n","protected":false},"excerpt":{"rendered":"<p>Relacionadas O Carnaval da Liberdade e da Tranquilidade 2025, promovido pelo Governo de Minas, por&#8230;<\/p>\n","protected":false},"author":2,"featured_media":0,"comment_status":"","ping_status":"","sticky":false,"template":"","format":"standard","meta":{"footnotes":""},"categories":[2],"tags":[],"class_list":["post-19157","post","type-post","status-publish","format-standard","hentry","category-jogos-ao-vivo"],"amp_enabled":true,"_links":{"self":[{"href":"https:\/\/ipatingafc.com.br\/index.php\/wp-json\/wp\/v2\/posts\/19157","targetHints":{"allow":["GET"]}}],"collection":[{"href":"https:\/\/ipatingafc.com.br\/index.php\/wp-json\/wp\/v2\/posts"}],"about":[{"href":"https:\/\/ipatingafc.com.br\/index.php\/wp-json\/wp\/v2\/types\/post"}],"author":[{"embeddable":true,"href":"https:\/\/ipatingafc.com.br\/index.php\/wp-json\/wp\/v2\/users\/2"}],"replies":[{"embeddable":true,"href":"https:\/\/ipatingafc.com.br\/index.php\/wp-json\/wp\/v2\/comments?post=19157"}],"version-history":[{"count":0,"href":"https:\/\/ipatingafc.com.br\/index.php\/wp-json\/wp\/v2\/posts\/19157\/revisions"}],"wp:attachment":[{"href":"https:\/\/ipatingafc.com.br\/index.php\/wp-json\/wp\/v2\/media?parent=19157"}],"wp:term":[{"taxonomy":"category","embeddable":true,"href":"https:\/\/ipatingafc.com.br\/index.php\/wp-json\/wp\/v2\/categories?post=19157"},{"taxonomy":"post_tag","embeddable":true,"href":"https:\/\/ipatingafc.com.br\/index.php\/wp-json\/wp\/v2\/tags?post=19157"}],"curies":[{"name":"wp","href":"https:\/\/api.w.org\/{rel}","templated":true}]}}