{"id":19160,"date":"2025-03-08T23:12:01","date_gmt":"2025-03-09T02:12:01","guid":{"rendered":"https:\/\/ipatingafc.com.br\/index.php\/2025\/03\/08\/agencia-minas-gerais-instituto-estadual-de-florestas-incentiva-projeto-de-mobilizacao-para-protecao-de-ecossistemas-e-especies-ameacadas\/"},"modified":"2025-03-08T23:12:01","modified_gmt":"2025-03-09T02:12:01","slug":"agencia-minas-gerais-instituto-estadual-de-florestas-incentiva-projeto-de-mobilizacao-para-protecao-de-ecossistemas-e-especies-ameacadas","status":"publish","type":"post","link":"https:\/\/ipatingafc.com.br\/index.php\/2025\/03\/08\/agencia-minas-gerais-instituto-estadual-de-florestas-incentiva-projeto-de-mobilizacao-para-protecao-de-ecossistemas-e-especies-ameacadas\/","title":{"rendered":"Ag\u00eancia Minas Gerais | Instituto Estadual de Florestas incentiva projeto de mobiliza\u00e7\u00e3o para prote\u00e7\u00e3o de ecossistemas e esp\u00e9cies amea\u00e7adas"},"content":{"rendered":"<p><\/p>\n<div>\n<section class=\"news-related \/ col-md-4 col-lg-3 \/ margin-md-bottom-2 margin-left-1 \/ pull-right \/ hidden-xs hidden-sm\">\n<header>\n<p class=\"text-title-section \/ margin-bottom-1\">Relacionadas<\/p>\n<\/header>\n<p>\t\t\t\t\t\t\t<main><\/p>\n<hr class=\"row margin-md-bottom-2\"\/>\n<hr class=\"row margin-md-bottom-2\"\/>\n\t\t\t\t\t\t\t<\/main><br \/>\n\t\t\t\t\t\t<\/section>\n<p>O Instituto Estadual de Florestas (IEF) est\u00e1 promovendo o Projeto de Mobiliza\u00e7\u00e3o Inclusiva Socioambiental, com foco na conserva\u00e7\u00e3o e recupera\u00e7\u00e3o ambiental, al\u00e9m do apoio \u00e0 produ\u00e7\u00e3o sustent\u00e1vel. Em parceria com o Instituto Rupestris, o IEF busca a prote\u00e7\u00e3o de ecossistemas e esp\u00e9cies amea\u00e7adas, al\u00e9m de fomentar o desenvolvimento de pr\u00e1ticas produtivas respons\u00e1veis nas comunidades de Minas Gerais.<\/p>\n<p>Em fevereiro, o IEF realizou uma capacita\u00e7\u00e3o t\u00e9cnica no Viveiro Amarelo, em Caet\u00e9, na Regi\u00e3o Metropolitana de Belo Horizonte (RMBH), voltada para cerca de 60 produtores rurais. Durante o evento, foram abordadas t\u00e9cnicas de produ\u00e7\u00e3o de mudas em viveiros e Sistemas Agroflorestais, como forma de capacitar os produtores para atuarem de maneira mais sustent\u00e1vel, favorecendo a conserva\u00e7\u00e3o ambiental e a produ\u00e7\u00e3o, de maneira respons\u00e1vel.<\/p>\n<p>O projeto, que est\u00e1 sendo implementado nas sub bacias dos rios Taquara\u00e7u, Poderoso-Vermelho e Caet\u00e9-Sabar\u00e1, tem como objetivo envolver de forma participativa as comunidades locais, com um foco especial em jovens e mulheres. A proposta \u00e9 organizar as pessoas em torno da gest\u00e3o de alternativas produtivas socioambientais sustent\u00e1veis.<\/p>\n<p><strong>Integra\u00e7\u00e3o<\/strong><\/p>\n<p>As a\u00e7\u00f5es est\u00e3o sendo realizadas nas comunidades de Pinh\u00f5es (Santa Luzia), Ravena (Sabar\u00e1) e Taquara\u00e7u de Minas, com a cria\u00e7\u00e3o de tr\u00eas Unidades Demonstrativas de viveiros de mudas nativas e frut\u00edferas comunit\u00e1rias, al\u00e9m de tr\u00eas hectares dedicados a Sistemas Agroflorestais. As a\u00e7\u00f5es incentivam fontes de renda complementares, contribuindo para a conserva\u00e7\u00e3o ambiental, o desenvolvimento da agricultura familiar e a melhoria da qualidade de vida das comunidades. Jo\u00e3o Paulo Sarmento, analista do IEF, refor\u00e7a a import\u00e2ncia da mobiliza\u00e7\u00e3o participativa. \u201cO projeto trouxe para a regi\u00e3o uma mobiliza\u00e7\u00e3o onde todos entenderam que ter uma vis\u00e3o integrada de governan\u00e7a socioambiental ir\u00e1 gerar benef\u00edcios e ganhos, criando atividades econ\u00f4micas sustent\u00e1veis.\u201d<\/p>\n<p>O Projeto de Mobiliza\u00e7\u00e3o Inclusiva Socioambiental j\u00e1 passou por tr\u00eas oficinas participativas e encontros com as comunidades e poss\u00edveis benefici\u00e1rios. As atividades inclu\u00edram din\u00e2micas integradas que permitiram identificar as for\u00e7as, oportunidades, fraquezas e amea\u00e7as, com foco em promover uma governan\u00e7a socioambiental sustent\u00e1vel.<\/p>\n<p>Com o apoio cont\u00ednuo do IEF e do Instituto Rupestris, a expectativa \u00e9 de que, no futuro, sejam instaladas novas unidades administrativas por meio de mutir\u00f5es, garantindo o monitoramento e a assist\u00eancia t\u00e9cnica necess\u00e1rios. O projeto representa uma oportunidade \u00fanica para unir as comunidades e promover a conserva\u00e7\u00e3o e o desenvolvimento do territ\u00f3rio, com foco no fortalecimento do pequeno e do m\u00e9dio agricultor. O projeto \u00e9 financiado pelo Governo do Canad\u00e1, no \u00e2mbito do Programa de Lideran\u00e7a Florestal Global do Canad\u00e1 (Global Forest Leadership Program), administrado pela Natural Resources Canad\u00e1, e est\u00e1 vinculado \u00e0 Rede Internacional de Bosques Modelo e \u00e0 Rede Latino-Americana de Bosques Modelo.<\/p>\n<\/p><\/div>\n","protected":false},"excerpt":{"rendered":"<p>Relacionadas O Instituto Estadual de Florestas (IEF) est\u00e1 promovendo o Projeto de Mobiliza\u00e7\u00e3o Inclusiva Socioambiental,&#8230;<\/p>\n","protected":false},"author":2,"featured_media":0,"comment_status":"","ping_status":"","sticky":false,"template":"","format":"standard","meta":{"footnotes":""},"categories":[2],"tags":[],"class_list":["post-19160","post","type-post","status-publish","format-standard","hentry","category-jogos-ao-vivo"],"amp_enabled":true,"_links":{"self":[{"href":"https:\/\/ipatingafc.com.br\/index.php\/wp-json\/wp\/v2\/posts\/19160","targetHints":{"allow":["GET"]}}],"collection":[{"href":"https:\/\/ipatingafc.com.br\/index.php\/wp-json\/wp\/v2\/posts"}],"about":[{"href":"https:\/\/ipatingafc.com.br\/index.php\/wp-json\/wp\/v2\/types\/post"}],"author":[{"embeddable":true,"href":"https:\/\/ipatingafc.com.br\/index.php\/wp-json\/wp\/v2\/users\/2"}],"replies":[{"embeddable":true,"href":"https:\/\/ipatingafc.com.br\/index.php\/wp-json\/wp\/v2\/comments?post=19160"}],"version-history":[{"count":0,"href":"https:\/\/ipatingafc.com.br\/index.php\/wp-json\/wp\/v2\/posts\/19160\/revisions"}],"wp:attachment":[{"href":"https:\/\/ipatingafc.com.br\/index.php\/wp-json\/wp\/v2\/media?parent=19160"}],"wp:term":[{"taxonomy":"category","embeddable":true,"href":"https:\/\/ipatingafc.com.br\/index.php\/wp-json\/wp\/v2\/categories?post=19160"},{"taxonomy":"post_tag","embeddable":true,"href":"https:\/\/ipatingafc.com.br\/index.php\/wp-json\/wp\/v2\/tags?post=19160"}],"curies":[{"name":"wp","href":"https:\/\/api.w.org\/{rel}","templated":true}]}}