{"id":19303,"date":"2025-03-11T08:39:55","date_gmt":"2025-03-11T11:39:55","guid":{"rendered":"https:\/\/ipatingafc.com.br\/index.php\/2025\/03\/11\/marcelo-fronckowiak-e-bronze-no-grand-prix-da-austria\/"},"modified":"2025-03-11T08:39:55","modified_gmt":"2025-03-11T11:39:55","slug":"marcelo-fronckowiak-e-bronze-no-grand-prix-da-austria","status":"publish","type":"post","link":"https:\/\/ipatingafc.com.br\/index.php\/2025\/03\/11\/marcelo-fronckowiak-e-bronze-no-grand-prix-da-austria\/","title":{"rendered":"Marcelo Fronckowiak \u00e9 bronze no Grand Prix da \u00c1ustria"},"content":{"rendered":"<p><\/p>\n<div wp_automatic_readability=\"25.819332566168\">\n<p>O brasileiro Marcelo Fronckowiak conquistou, no \u00faltimo domingo (9), uma medalha de bronze no peso m\u00e9dio (90kg) do Grand Prix da \u00c1ustria de jud\u00f4 ap\u00f3s derrotar o austr\u00edaco Thomas Scharfetter por ippon.<\/p>\n<p>A estreia de Marcelo foi contra o belga Jarne Duyck, a quem derrotou por yuko. Nas oitavas de final o brasileiro superou o israelense Roy Sivan com dois waza-ari, enquanto nas quartas venceu o eslovaco Peter Zilka com um waza-ari.<\/p>\n<p>O \u00fanico rev\u00e9s do lutador do Brasil na competi\u00e7\u00e3o veio nas semifinais, contra o georgiano Giorgi Jabniashvili, que terminou a competi\u00e7\u00e3o como campe\u00e3o da categoria.<\/p>\n<p>A medalha de Marcelo foi a terceira do Brasil no Grand Prix da \u00c1ustria, pois na \u00faltima sexta-feira (7) Ronald Lima conquistou o ouro na categoria meio-leve (66kg) e Michel Augusto ficou com o bronze no ligeiro (60kg).<\/p>\n<\/div>\n","protected":false},"excerpt":{"rendered":"<p>O brasileiro Marcelo Fronckowiak conquistou, no \u00faltimo domingo (9), uma medalha de bronze no peso&#8230;<\/p>\n","protected":false},"author":2,"featured_media":0,"comment_status":"","ping_status":"","sticky":false,"template":"","format":"standard","meta":{"footnotes":""},"categories":[2],"tags":[],"class_list":["post-19303","post","type-post","status-publish","format-standard","hentry","category-jogos-ao-vivo"],"amp_enabled":true,"_links":{"self":[{"href":"https:\/\/ipatingafc.com.br\/index.php\/wp-json\/wp\/v2\/posts\/19303","targetHints":{"allow":["GET"]}}],"collection":[{"href":"https:\/\/ipatingafc.com.br\/index.php\/wp-json\/wp\/v2\/posts"}],"about":[{"href":"https:\/\/ipatingafc.com.br\/index.php\/wp-json\/wp\/v2\/types\/post"}],"author":[{"embeddable":true,"href":"https:\/\/ipatingafc.com.br\/index.php\/wp-json\/wp\/v2\/users\/2"}],"replies":[{"embeddable":true,"href":"https:\/\/ipatingafc.com.br\/index.php\/wp-json\/wp\/v2\/comments?post=19303"}],"version-history":[{"count":0,"href":"https:\/\/ipatingafc.com.br\/index.php\/wp-json\/wp\/v2\/posts\/19303\/revisions"}],"wp:attachment":[{"href":"https:\/\/ipatingafc.com.br\/index.php\/wp-json\/wp\/v2\/media?parent=19303"}],"wp:term":[{"taxonomy":"category","embeddable":true,"href":"https:\/\/ipatingafc.com.br\/index.php\/wp-json\/wp\/v2\/categories?post=19303"},{"taxonomy":"post_tag","embeddable":true,"href":"https:\/\/ipatingafc.com.br\/index.php\/wp-json\/wp\/v2\/tags?post=19303"}],"curies":[{"name":"wp","href":"https:\/\/api.w.org\/{rel}","templated":true}]}}