{"id":19574,"date":"2025-03-15T09:53:01","date_gmt":"2025-03-15T12:53:01","guid":{"rendered":"https:\/\/ipatingafc.com.br\/index.php\/2025\/03\/15\/festeiros-de-batatais-nao-perdem-a-festa-do-peao-de-barretos-2025-nos-vai-descer\/"},"modified":"2025-03-15T09:53:01","modified_gmt":"2025-03-15T12:53:01","slug":"festeiros-de-batatais-nao-perdem-a-festa-do-peao-de-barretos-2025-nos-vai-descer","status":"publish","type":"post","link":"https:\/\/ipatingafc.com.br\/index.php\/2025\/03\/15\/festeiros-de-batatais-nao-perdem-a-festa-do-peao-de-barretos-2025-nos-vai-descer\/","title":{"rendered":"Festeiros de Batatais n\u00e3o Perdem a Festa do Pe\u00e3o de Barretos 2025 , N\u00d3S VAI DESCER"},"content":{"rendered":"<p><\/p>\n<div wp_automatic_readability=\"61.831366577845\">\n<p>Fonte Noticias de Batatais ojornaldebatatais.com.br<\/p>\n<p><strong>Festeiros de Batatais n\u00e3o Perdem a Festa do Pe\u00e3o de Barretos \u2018N\u00d3S VAI DESCER\u2019<\/strong><\/p>\n<p>A Festa do Pe\u00e3o de Barretos, um dos maiores eventos de rodeio e m\u00fasica sertaneja do Brasil, \u00e9 aguardada com ansiedade por milhares de pessoas, e os moradores de Batatais s\u00e3o alguns dos mais entusi\u00e1sticos. Tradicionalmente, muitos batataenses \u201cdescem para Barretos\u201d para aproveitar o melhor do rodeio, das competi\u00e7\u00f5es e das atra\u00e7\u00f5es musicais. Com uma programa\u00e7\u00e3o que inclui grandes nomes da m\u00fasica sertaneja, como Fernando &amp; Sorocaba, Jo\u00e3o Bosco &amp; Vin\u00edcius e Guilherme &amp; Santiago, a festa promete ser um sucesso estrondoso, reunindo os amantes da cultura sertaneja e do rodeio.<\/p>\n<p>A Festa do Pe\u00e3o de Barretos, realizada anualmente na cidade de Barretos, no interior de S\u00e3o Paulo, atrai visitantes de v\u00e1rias cidades da regi\u00e3o, mas a participa\u00e7\u00e3o dos batataenses \u00e9 especialmente destacada. Para muitos, o evento \u00e9 uma oportunidade de celebrar a cultura rural, assistir aos emocionantes rodeios e, claro, curtir os shows de artistas consagrados no cen\u00e1rio musical brasileiro.<\/p>\n<p>Este ano, a festa contar\u00e1 com uma pr\u00e9-programa\u00e7\u00e3o musical de peso no primeiro dia, incluindo shows de artistas renomados que garantem agitar o p\u00fablico presente. A diversidade de atra\u00e7\u00f5es tamb\u00e9m \u00e9 um dos principais atrativos, fazendo com que o evento seja uma verdadeira mistura de tradi\u00e7\u00e3o, emo\u00e7\u00e3o e muita divers\u00e3o.<\/p>\n<p>Para Batatais, a Festa do Pe\u00e3o de Barretos vai al\u00e9m de uma simples visita; \u00e9 uma verdadeira tradi\u00e7\u00e3o de uni\u00e3o e confraterniza\u00e7\u00e3o. Moradores se reunem em grupos para a viagem at\u00e9 Barretos, compartilhando momentos de divers\u00e3o e amizade enquanto aproveitam a programa\u00e7\u00e3o de rodeio e m\u00fasica sertaneja.<\/p>\n<p>Dessa forma, a Festa do Pe\u00e3o de Barretos continua a ser um evento imperd\u00edvel para a popula\u00e7\u00e3o de Batatais, que n\u00e3o deixa de \u201cdescer para Barretos\u201d e viver essa experi\u00eancia \u00fanica a cada edi\u00e7\u00e3o.<\/p>\n<p><!-- CONTENT END 2 --><\/p><\/div>\n","protected":false},"excerpt":{"rendered":"<p>Fonte Noticias de Batatais ojornaldebatatais.com.br Festeiros de Batatais n\u00e3o Perdem a Festa do Pe\u00e3o de&#8230;<\/p>\n","protected":false},"author":2,"featured_media":0,"comment_status":"","ping_status":"","sticky":false,"template":"","format":"standard","meta":{"footnotes":""},"categories":[2],"tags":[],"class_list":["post-19574","post","type-post","status-publish","format-standard","hentry","category-jogos-ao-vivo"],"amp_enabled":true,"_links":{"self":[{"href":"https:\/\/ipatingafc.com.br\/index.php\/wp-json\/wp\/v2\/posts\/19574","targetHints":{"allow":["GET"]}}],"collection":[{"href":"https:\/\/ipatingafc.com.br\/index.php\/wp-json\/wp\/v2\/posts"}],"about":[{"href":"https:\/\/ipatingafc.com.br\/index.php\/wp-json\/wp\/v2\/types\/post"}],"author":[{"embeddable":true,"href":"https:\/\/ipatingafc.com.br\/index.php\/wp-json\/wp\/v2\/users\/2"}],"replies":[{"embeddable":true,"href":"https:\/\/ipatingafc.com.br\/index.php\/wp-json\/wp\/v2\/comments?post=19574"}],"version-history":[{"count":0,"href":"https:\/\/ipatingafc.com.br\/index.php\/wp-json\/wp\/v2\/posts\/19574\/revisions"}],"wp:attachment":[{"href":"https:\/\/ipatingafc.com.br\/index.php\/wp-json\/wp\/v2\/media?parent=19574"}],"wp:term":[{"taxonomy":"category","embeddable":true,"href":"https:\/\/ipatingafc.com.br\/index.php\/wp-json\/wp\/v2\/categories?post=19574"},{"taxonomy":"post_tag","embeddable":true,"href":"https:\/\/ipatingafc.com.br\/index.php\/wp-json\/wp\/v2\/tags?post=19574"}],"curies":[{"name":"wp","href":"https:\/\/api.w.org\/{rel}","templated":true}]}}