{"id":19778,"date":"2025-03-18T21:25:44","date_gmt":"2025-03-19T00:25:44","guid":{"rendered":"https:\/\/ipatingafc.com.br\/index.php\/2025\/03\/18\/cet-rio-anuncia-interdicoes-nos-tuneis-reboucas-e-jose-de-alencar-e-na-avenida-niemeyer-prefeitura-da-cidade-do-rio-de-janeiro\/"},"modified":"2025-03-18T21:25:44","modified_gmt":"2025-03-19T00:25:44","slug":"cet-rio-anuncia-interdicoes-nos-tuneis-reboucas-e-jose-de-alencar-e-na-avenida-niemeyer-prefeitura-da-cidade-do-rio-de-janeiro","status":"publish","type":"post","link":"https:\/\/ipatingafc.com.br\/index.php\/2025\/03\/18\/cet-rio-anuncia-interdicoes-nos-tuneis-reboucas-e-jose-de-alencar-e-na-avenida-niemeyer-prefeitura-da-cidade-do-rio-de-janeiro\/","title":{"rendered":"CET-Rio anuncia interdi\u00e7\u00f5es nos t\u00faneis Rebou\u00e7as e Jos\u00e9 de Alencar e na Avenida Niemeyer &#8211; Prefeitura da Cidade do Rio de Janeiro"},"content":{"rendered":"<p><\/p>\n<div id=\"main\">\n<div class=\"wrapper-breadcrumbs\" wp_automatic_readability=\"58.75390625\">\n<div class=\"image-post\" wp_automatic_readability=\"33\">\n                     O T\u00fanel Vice Presidente Jos\u00e9 Alencar ser\u00e1 interditado no sentido Santa Cruz. Foto: Arquivo\/Prefeitura do Rio                  <\/div>\n<p><strong>T\u00daNEL VICE-PRESIDENTE JOS\u00c9 ALENCAR<\/strong><\/p>\n<p>A CET Rio informa que o T\u00fanel Vice Presidente Jos\u00e9 Alencar ser\u00e1 interditado nesta ter\u00e7a-feira (18\/03), no sentido Santa Cruz, das 23h \u00e0s 4h do dia seguinte (19\/03), para servi\u00e7os de manuten\u00e7\u00e3o.<\/p>\n<p>Os ve\u00edculos do sentido interditado ser\u00e3o desviados pela Serra da Grota Funda (Avenida Artur Xex\u00e9o).<\/p>\n<p>Os \u00f4nibus do BRT, sentido Santa Cruz, ir\u00e3o trafegar pela calha da galeria oposta. J\u00e1 os \u00f4nibus que trafegam originalmente pela calha, sentido Barra da Tijuca, seguir\u00e3o pela pista comum a todos os ve\u00edculos.<br \/>___________________<\/p>\n<p><strong>AVENIDA NIEMEYER<\/strong><\/p>\n<p>A CET-Rio informa que a avenida Niemeyer ser\u00e1 interditada parcialmente, nesta ter\u00e7a-feira (18\/03), das 22h at\u00e9 \u00e0s 5h do dia seguinte (19\/03), entre o Leblon e S\u00e3o Conrado, para execu\u00e7\u00e3o de obras da concession\u00e1ria Claro.<\/p>\n<p>Uma faixa da via ser\u00e1 interditada ao tr\u00e2nsito de ve\u00edculos e o desvio ser\u00e1 feito na mesma pista, com a OPERA\u00c7\u00c3O PARE E SIGA, mantendo a circula\u00e7\u00e3o em ambos os sentidos.<\/p>\n<p>\u00c9 recomendado aos motoristas que, durante a interdi\u00e7\u00e3o parcial, seja priorizada a utiliza\u00e7\u00e3o de rotas alternativas, como por exemplo, os t\u00faneis Zuzu Angel e Rafael Mascarenhas.<\/p>\n<p>______________________<br \/><strong>T\u00daNEL REBOU\u00c7AS<\/strong><\/p>\n<p>A CET-Rio Informa que as galerias do T\u00fanel Rebou\u00e7as, sentido Centro, ser\u00e3o fechadas nesta ter\u00e7a-feira (18\/03), das 23h30 \u00e0s 5h do dia seguinte (19\/03), para servi\u00e7os de manuten\u00e7\u00e3o.<\/p>\n<p>As galerias de sentido oposto funcionar\u00e3o com uma faixa revers\u00edvel, da esquerda no sentido Zona Sul. As outras duas faixas de tr\u00e2nsito, sentido Centro.<\/p>\n<p>A sinaliza\u00e7\u00e3o espec\u00edfica ser\u00e1 instalada para orientar e alertar os motoristas e operadores da CET-Rio far\u00e3o o monitoramento das condi\u00e7\u00f5es do tr\u00e2nsito e, se necess\u00e1rio, ir\u00e3o atuar. Al\u00e9m disso, os tempos semaf\u00f3ricos ser\u00e3o ajustados para a fluidez nas rotas de desvios e nos principais corredores das regi\u00f5es.<\/p>\n<p>A programa\u00e7\u00e3o poder\u00e1 ser suspensa a qualquer momento em raz\u00e3o de condi\u00e7\u00f5es clim\u00e1ticas ou por quest\u00f5es operacionais da cidade.<\/p>\n<p>             <!-- Compartilhe ---><\/p>\n<p>\t\t\t <!-- TAGS --><\/p>\n<section class=\"category-tags\">\n<div class=\"marcacao-category\">\n<article class=\"category-post\">\n<p>Categoria: <\/p>\n<\/article>\n<li>18 de mar\u00e7o de 2025<\/li><\/div>\n<article class=\"tags\">\n\t\t\t\t\tMarca\u00e7\u00f5es: Avenida Niemeyer interdi\u00e7\u00f5es T\u00fanel Jos\u00e9 de Alencar t\u00fanel rebou\u00e7as<br \/><\/article>\n<\/section>\n<p>            <!-- Mais Not&iacute;cias --><\/p>\n<p>\t\t<!-- Conte&uacute;do SIDEBAR --><\/p><\/div>\n<\/p><\/div>\n","protected":false},"excerpt":{"rendered":"<p>O T\u00fanel Vice Presidente Jos\u00e9 Alencar ser\u00e1 interditado no sentido Santa Cruz. Foto: Arquivo\/Prefeitura do&#8230;<\/p>\n","protected":false},"author":2,"featured_media":0,"comment_status":"","ping_status":"","sticky":false,"template":"","format":"standard","meta":{"footnotes":""},"categories":[2],"tags":[],"class_list":["post-19778","post","type-post","status-publish","format-standard","hentry","category-jogos-ao-vivo"],"amp_enabled":true,"_links":{"self":[{"href":"https:\/\/ipatingafc.com.br\/index.php\/wp-json\/wp\/v2\/posts\/19778","targetHints":{"allow":["GET"]}}],"collection":[{"href":"https:\/\/ipatingafc.com.br\/index.php\/wp-json\/wp\/v2\/posts"}],"about":[{"href":"https:\/\/ipatingafc.com.br\/index.php\/wp-json\/wp\/v2\/types\/post"}],"author":[{"embeddable":true,"href":"https:\/\/ipatingafc.com.br\/index.php\/wp-json\/wp\/v2\/users\/2"}],"replies":[{"embeddable":true,"href":"https:\/\/ipatingafc.com.br\/index.php\/wp-json\/wp\/v2\/comments?post=19778"}],"version-history":[{"count":0,"href":"https:\/\/ipatingafc.com.br\/index.php\/wp-json\/wp\/v2\/posts\/19778\/revisions"}],"wp:attachment":[{"href":"https:\/\/ipatingafc.com.br\/index.php\/wp-json\/wp\/v2\/media?parent=19778"}],"wp:term":[{"taxonomy":"category","embeddable":true,"href":"https:\/\/ipatingafc.com.br\/index.php\/wp-json\/wp\/v2\/categories?post=19778"},{"taxonomy":"post_tag","embeddable":true,"href":"https:\/\/ipatingafc.com.br\/index.php\/wp-json\/wp\/v2\/tags?post=19778"}],"curies":[{"name":"wp","href":"https:\/\/api.w.org\/{rel}","templated":true}]}}