{"id":19786,"date":"2025-03-19T00:33:48","date_gmt":"2025-03-19T03:33:48","guid":{"rendered":"https:\/\/ipatingafc.com.br\/index.php\/2025\/03\/19\/atletas-da-prefeitura-do-rio-conquistam-15-medalhas-em-competicoes-de-aguas-abertas-prefeitura-da-cidade-do-rio-de-janeiro\/"},"modified":"2025-03-19T00:33:48","modified_gmt":"2025-03-19T03:33:48","slug":"atletas-da-prefeitura-do-rio-conquistam-15-medalhas-em-competicoes-de-aguas-abertas-prefeitura-da-cidade-do-rio-de-janeiro","status":"publish","type":"post","link":"https:\/\/ipatingafc.com.br\/index.php\/2025\/03\/19\/atletas-da-prefeitura-do-rio-conquistam-15-medalhas-em-competicoes-de-aguas-abertas-prefeitura-da-cidade-do-rio-de-janeiro\/","title":{"rendered":"Atletas da Prefeitura do Rio conquistam 15 medalhas em competi\u00e7\u00f5es de \u00e1guas abertas &#8211; Prefeitura da Cidade do Rio de Janeiro"},"content":{"rendered":"<p><\/p>\n<div wp_automatic_readability=\"122.09246575342\">\n<div class=\"image-post\" wp_automatic_readability=\"35\">\n                     Vit\u00f3ria David, aluna da Vila Ol\u00edmpica de Pedra de Guaratiba, ganhou a medalha de ouro no Rainha do Mar &#8211; Divulga\u00e7\u00e3o                  <\/div>\n<p>Quinze atletas da Prefeitura do Rio se destacaram nas competi\u00e7\u00f5es de \u00e1guas abertas realizadas no \u00faltimo fim de semana (15 e 16\/3). No Rainha do Mar, em Copacabana, Vit\u00f3ria David, aluna da Vila Ol\u00edmpica de Pedra de Guaratiba, ganhou ouro, e Gessyca Guerra, do Time Rio Paral\u00edmpico, a prata. No Aloha Spirit, em Saquarema, treze atletas da Vila Ol\u00edmpica da Mangueira medalharam. Foram cinco ouros, sete pratas e seis bronzes.<\/p>\n<blockquote wp_automatic_readability=\"11\">\n<p>\u2013 \u00c9 um orgulho ver os atletas da Prefeitura alcan\u00e7ando o p\u00f3dio e se destacando em grandes competi\u00e7\u00f5es, como o Rainha do Mar. Tamb\u00e9m tivemos grandes conquistas em Saquarema, com os atletas da Mangueira. Isso mostra que estamos no caminho certo \u2013 afirmou o secret\u00e1rio de Esportes, Guilherme Schleder.<\/p>\n<\/blockquote>\n<p>A aluna Vit\u00f3ria Brito David, da Vila Ol\u00edmpica Doutor S\u00f3crates Brasileiro, em Pedra de Guaratiba, foi campe\u00e3 do Rainha do Mar. Ela venceu em sua categoria, de 11 a 13 anos, e ficou em 5\u00b0 lugar geral, na prova Open de 500 metros. Diagnosticada com TDAH (Transtorno do D\u00e9ficit de Aten\u00e7\u00e3o e Hiperatividade), Vit\u00f3ria ingressou no esporte por recomenda\u00e7\u00e3o m\u00e9dica. Em 2021, aos nove anos, entrou na Vila Ol\u00edmpica e n\u00e3o parou mais. A atleta que sofria com sobrepeso e tinha dificuldade de socializa\u00e7\u00e3o virou inspira\u00e7\u00e3o para os alunos da Vila, por conta das in\u00fameras conquistas na nata\u00e7\u00e3o. A m\u00e3e, Evelin David, tamb\u00e9m come\u00e7ou a nadar por causa da filha e fala com orgulho do desempenho da pupila.<\/p>\n<blockquote wp_automatic_readability=\"15\">\n<p>\u2013 \u00c9 gratificante ver a Vit\u00f3ria conquistando tudo isso. Ela chegou na Vila Ol\u00edmpica com nove anos, passou pelo bal\u00e9, hip hop, mas a paix\u00e3o sempre foi a nata\u00e7\u00e3o. Ela tinha muitas dificuldades no in\u00edcio, mas sempre foi muito focada e era atenta \u00e0s aulas. Os professores sempre destacavam o esfor\u00e7o dela, esse incentivo foi fundamental e d\u00e1 orgulho ver a evolu\u00e7\u00e3o dela. Minha filha fazia uso de medica\u00e7\u00e3o controlada e, depois que entrou para o esporte de alto rendimento, o neurologista deu alta \u2013 disse Evelin.<\/p>\n<\/blockquote>\n<p>Em 2023, a m\u00e3e de Vit\u00f3ria estava prestes a se formar na faculdade e conciliava sua rotina de estudos com os treinos da filha. Pensando em dar uma pausa na nata\u00e7\u00e3o da filha, foi convencida pela atleta Giovanna Paix\u00e3o, que tinha sido aluna da Vila. Giovanna indicou Vit\u00f3ria para um teste no clube. Ela foi aprovada e, desde ent\u00e3o, treina de segunda a s\u00e1bado, no polo do Recreio do Fluminense, e \u00e0s quartas e sextas na Vila Ol\u00edmpica. Depois da participa\u00e7\u00e3o no Rainha do Mar, Vit\u00f3ria j\u00e1 possui novas competi\u00e7\u00f5es em mente.<\/p>\n<blockquote wp_automatic_readability=\"9\">\n<p>\u2013 Na pr\u00f3xima quinta-feira vamos viajar para o Campeonato Brasileiro de \u00c1guas Abertas e ela vai competir na seletiva de 3 mil metros na categoria dela, valendo vaga para o Pan-Americano, que ser\u00e1 realizado na Col\u00f4mbia. Estamos muito felizes e confiantes \u2013 contou a m\u00e3e da Vit\u00f3ria.<\/p>\n<\/blockquote>\n<p>A atleta de remo do Time Rio Paral\u00edmpico, Gessyca Guerra participou do Rainha do Mar, na modalidade, a corrida. Ela disputou o Beach Run Feminino PCD 2.5K e conquistou a segunda coloca\u00e7\u00e3o. Antes de ser remadora, Gessyca era atleta de atletismo pela Andef Niter\u00f3i e sempre sonhou em ser da sele\u00e7\u00e3o brasileira. Ap\u00f3s sofrer uma les\u00e3o grave no quadril, uma displasia, ela n\u00e3o conseguiria seguir na modalidade, mas ainda queria realizar o sonho. Estudante de enfermagem, Gessyca participou de uma live durante a pandemia, em que comentou sua hist\u00f3ria e a import\u00e2ncia do suporte dos profissionais, e isso acabou abrindo portas para um novo esporte: o remo. Desde ent\u00e3o se encontrou e h\u00e1 4 anos \u00e9 remadora do Clube de Regatas Flamengo e faz parte da sele\u00e7\u00e3o brasileira.<\/p>\n<blockquote wp_automatic_readability=\"15\">\n<p>\u2013 Foi uma experi\u00eancia incr\u00edvel. Essa foi minha segunda participa\u00e7\u00e3o no evento, incentivada pela minha amiga Laura, que tamb\u00e9m competiu. A \u00fanica paralisada cerebral na minha bateria era eu. Na edi\u00e7\u00e3o dos 15 anos eu fiquei na segunda coloca\u00e7\u00e3o e gostei muito. Dessa vez me preparei mais. E o apoio do Time Rio me ajuda demais, possibilita que eu consiga suplementar melhor, ter uma estrutura de profissionais qualificados, de materiais. E foi com esse apoio que consegui fazer uma consultoria com uma profissional de corrida para essa prova. Eu amo correr, me traz uma sensa\u00e7\u00e3o de liberdade e possibilita que eu me mantenha ativa. Al\u00e9m disso, a viv\u00eancia da corrida com outras pessoas com defici\u00eancia faz com que a gente possa acreditar ainda mais no nosso potencial e saber que podemos estar no ambiente em que quisermos estar.<\/p>\n<\/blockquote>\n<p>Quem tamb\u00e9m vem se destacando nas competi\u00e7\u00f5es s\u00e3o os atletas da Vila Ol\u00edmpica da Mangueira, que fizeram dobradinha no \u00faltimo fim de semana. No s\u00e1bado, a equipe de nata\u00e7\u00e3o participou da primeira etapa do Aloha Spirit, em Saquarema, na Regi\u00e3o dos Lagos. O evento reuniu a nata de esportes aqu\u00e1ticos como o surf, paddle, canoa, entre outros. Foram 50 alunos competindo nas provas de 5km, 3km, 2km, 1km e a prova noturna de 500m. Nos 3km, Bryan Dias foi campe\u00e3o no masculino, e no feminino Maria Luyza Barros foi campe\u00e3, e Leticia Amorim ficou em segundo.<\/p>\n<p>Nos 2km, o atleta Marcos Silva ficou em terceiro lugar geral; na categoria feminina Jessica Nascimento ficou em primeiro, Mait\u00ea em segundo e Ester Souza em terceiro; e no masculino Luiz Miguel Silva foi campe\u00e3o, Luiz Miguel Pereira Silva ganhou prata e Jo\u00e3o Guilherme Louren\u00e7o Silva bronze.<\/p>\n<p>Na prova de 1km, ganharam medalhas as atletas: Rafaela, que foi campe\u00e3, Jessica Nascimento, com a prata, e Let\u00edcia Amorim, com o bronze. Na categoria 20 a 24 anos, Maria Luyza Barros foi a segunda e J\u00falia Vit\u00f3ria Santos, a terceira. A Professora Danuza Siqueira tamb\u00e9m conquistou medalha. Ela ficou em segundo lugar na categoria.<\/p>\n<p>Na prova noturna de 500m, o atleta Wladimir ficou quarto lugar geral e nos 5 km ele ficou em segundo. No domingo, 32 participantes da Vila competiram no Rainha do Mar.<\/p>\n<blockquote wp_automatic_readability=\"8\">\n<p>\u2013 Nosso final de semana foi bem agitado com duas competi\u00e7\u00f5es muito importantes para a nossa equipe e tamb\u00e9m para mim que venho me preparando para realizar o meu primeiro triatlhon em abril. Nossos resultados t\u00eam me deixado cada vez mais animada para as pr\u00f3ximas etapas. Ver os meus atletas subindo no p\u00f3dio me orgulha e ao mesmo tempo tamb\u00e9m me inspira \u2013 disse a professora.<\/p>\n<\/blockquote>\n<p>             <!-- Compartilhe ---><\/p>\n<p>\t\t\t <!-- TAGS --><\/p>\n<section class=\"category-tags\">\n<div class=\"marcacao-category\">\n<article class=\"category-post\">\n<p>Categoria: <\/p>\n<\/article>\n<li>18 de mar\u00e7o de 2025<\/li><\/div>\n<article class=\"tags\">\n\t\t\t\t\tMarca\u00e7\u00f5es: \u00e1guas abertas competi\u00e7\u00f5es Esportes Medalhas Prefeitura do Rio Time Rio Paral\u00edmpico Vila Ol\u00edmpica<br \/><\/article>\n<\/section>\n<p>            <!-- Mais Not&iacute;cias --><\/p>\n<p>\t\t<!-- Conte&uacute;do SIDEBAR --><\/p><\/div>\n","protected":false},"excerpt":{"rendered":"<p>Vit\u00f3ria David, aluna da Vila Ol\u00edmpica de Pedra de Guaratiba, ganhou a medalha de ouro&#8230;<\/p>\n","protected":false},"author":2,"featured_media":0,"comment_status":"","ping_status":"","sticky":false,"template":"","format":"standard","meta":{"footnotes":""},"categories":[2],"tags":[],"class_list":["post-19786","post","type-post","status-publish","format-standard","hentry","category-jogos-ao-vivo"],"amp_enabled":true,"_links":{"self":[{"href":"https:\/\/ipatingafc.com.br\/index.php\/wp-json\/wp\/v2\/posts\/19786","targetHints":{"allow":["GET"]}}],"collection":[{"href":"https:\/\/ipatingafc.com.br\/index.php\/wp-json\/wp\/v2\/posts"}],"about":[{"href":"https:\/\/ipatingafc.com.br\/index.php\/wp-json\/wp\/v2\/types\/post"}],"author":[{"embeddable":true,"href":"https:\/\/ipatingafc.com.br\/index.php\/wp-json\/wp\/v2\/users\/2"}],"replies":[{"embeddable":true,"href":"https:\/\/ipatingafc.com.br\/index.php\/wp-json\/wp\/v2\/comments?post=19786"}],"version-history":[{"count":0,"href":"https:\/\/ipatingafc.com.br\/index.php\/wp-json\/wp\/v2\/posts\/19786\/revisions"}],"wp:attachment":[{"href":"https:\/\/ipatingafc.com.br\/index.php\/wp-json\/wp\/v2\/media?parent=19786"}],"wp:term":[{"taxonomy":"category","embeddable":true,"href":"https:\/\/ipatingafc.com.br\/index.php\/wp-json\/wp\/v2\/categories?post=19786"},{"taxonomy":"post_tag","embeddable":true,"href":"https:\/\/ipatingafc.com.br\/index.php\/wp-json\/wp\/v2\/tags?post=19786"}],"curies":[{"name":"wp","href":"https:\/\/api.w.org\/{rel}","templated":true}]}}