{"id":19795,"date":"2025-03-19T03:41:44","date_gmt":"2025-03-19T06:41:44","guid":{"rendered":"https:\/\/ipatingafc.com.br\/index.php\/2025\/03\/19\/proxima-parada-do-trabalha-rio-sera-nesta-quarta-feira-em-realengo-prefeitura-da-cidade-do-rio-de-janeiro\/"},"modified":"2025-03-19T03:41:44","modified_gmt":"2025-03-19T06:41:44","slug":"proxima-parada-do-trabalha-rio-sera-nesta-quarta-feira-em-realengo-prefeitura-da-cidade-do-rio-de-janeiro","status":"publish","type":"post","link":"https:\/\/ipatingafc.com.br\/index.php\/2025\/03\/19\/proxima-parada-do-trabalha-rio-sera-nesta-quarta-feira-em-realengo-prefeitura-da-cidade-do-rio-de-janeiro\/","title":{"rendered":"Pr\u00f3xima parada do Trabalha Rio ser\u00e1 nesta quarta-feira, em Realengo &#8211; Prefeitura da Cidade do Rio de Janeiro"},"content":{"rendered":"<p><\/p>\n<div id=\"main\">\n<div class=\"wrapper-breadcrumbs\" wp_automatic_readability=\"43.373262032086\">\n<div class=\"image-post\" wp_automatic_readability=\"32\">\n                     As equipes do Trabalha Rio cadastram os curr\u00edculos dos trabalhadores &#8211; Roberto Moreyra\/SMTE                  <\/div>\n<p>Os profissionais que est\u00e3o em busca de uma vaga de emprego t\u00eam um encontro marcado, nesta quarta-feira (19\/3), com a equipe do Trabalha Rio em Realengo. O servi\u00e7o de cadastramento de curr\u00edculos e encaminhamento dos trabalhadores e trabalhadoras para empresas parceiras da Secretaria de Trabalho e Renda (SMTE) estar\u00e1, das 10h \u00e0s 14h, na Rua Miranda Correia, 35. Na quinta-feira (20\/), tamb\u00e9m das 10h \u00e0s 14h, o Trabalha Rio estar\u00e1 a postos na FAF, na Rua Maranh\u00e3o 1.057, no Lins. J\u00e1 no s\u00e1bado (22\/3) a van da SMTE segue em dire\u00e7\u00e3o \u00e0 Escola Alina de Brito, na Avenida dos Bandeirantes, 4.450, em Curicica.<\/p>\n<blockquote wp_automatic_readability=\"11\">\n<p>\u2013 N\u00f3s sabemos que as pessoas em busca de uma oportunidade t\u00eam dificuldades para se deslocar pela cidade. Por isso, toda semana levamos o Trabalha Rio para diferentes bairros do Rio. E temos incentivado empresas a conhecerem as nossas Centrais dos Trabalhadores. Na \u00faltima ter\u00e7a-feira, uma grande rede de supermercados esteve no CIAD entrevistando pessoas com defici\u00eancia para preencher 15 vagas de PCDs \u2013 assinalou o secret\u00e1rio municipal de Trabalho e Renda, Manoel Vieira.<\/p>\n<\/blockquote>\n<p>Para participar do Trabalha Rio, al\u00e9m de identidade e CPF, o interessado em fazer seu cadastro no banco de oportunidades da SMTE deve levar carteira de trabalho, PIS e curr\u00edculo para os locais de atendimento. Quem n\u00e3o puder ir \u00e0s a\u00e7\u00f5es itinerantes, pode se inscrever no banco de oportunidades da SMTE.<\/p>\n<p>Pessoas sem acesso \u00e0 rede tamb\u00e9m podem se inscrever presencialmente em um dos sete postos da Central do Trabalhador, nos seguintes endere\u00e7os: Centro (Av. Presidente Vargas, 1.997, no CIAD); Campo Grande (Rua Coxilha, s\/n\u00ba); Engenho Novo (Rua Vinte Quatro de Maio, 931); Ilha do Governador (Estrada do Dend\u00ea, 2.080); Jacarepagu\u00e1 (Av. Gerem\u00e1rio Dantas, 1.400, salas 248 e 268); Santa Cruz (Rua Lopes de Moura, 58) e Tijuca (Rua Camaragibe, 25). Os postos funcionam de segunda-feira a sexta-feira, das 8h \u00e0s 16h.<\/p>\n<p>As a\u00e7\u00f5es da SMTE s\u00e3o divulgadas no site da secretaria e no Instagram (@trabalho.rio).<\/p>\n<p>             <!-- Compartilhe ---><\/p>\n<p>\t\t\t <!-- TAGS --><\/p>\n<section class=\"category-tags\">\n<article class=\"tags\">\n\t\t\t\t\tMarca\u00e7\u00f5es: cadastramento de curr\u00edculos Trabalha Rio vaga de emprego<br \/><\/article>\n<\/section>\n<p>            <!-- Mais Not&iacute;cias --><\/p>\n<p>\t\t<!-- Conte&uacute;do SIDEBAR --><\/p><\/div>\n<\/p><\/div>\n","protected":false},"excerpt":{"rendered":"<p>As equipes do Trabalha Rio cadastram os curr\u00edculos dos trabalhadores &#8211; Roberto Moreyra\/SMTE Os profissionais&#8230;<\/p>\n","protected":false},"author":2,"featured_media":0,"comment_status":"","ping_status":"","sticky":false,"template":"","format":"standard","meta":{"footnotes":""},"categories":[2],"tags":[],"class_list":["post-19795","post","type-post","status-publish","format-standard","hentry","category-jogos-ao-vivo"],"amp_enabled":true,"_links":{"self":[{"href":"https:\/\/ipatingafc.com.br\/index.php\/wp-json\/wp\/v2\/posts\/19795","targetHints":{"allow":["GET"]}}],"collection":[{"href":"https:\/\/ipatingafc.com.br\/index.php\/wp-json\/wp\/v2\/posts"}],"about":[{"href":"https:\/\/ipatingafc.com.br\/index.php\/wp-json\/wp\/v2\/types\/post"}],"author":[{"embeddable":true,"href":"https:\/\/ipatingafc.com.br\/index.php\/wp-json\/wp\/v2\/users\/2"}],"replies":[{"embeddable":true,"href":"https:\/\/ipatingafc.com.br\/index.php\/wp-json\/wp\/v2\/comments?post=19795"}],"version-history":[{"count":0,"href":"https:\/\/ipatingafc.com.br\/index.php\/wp-json\/wp\/v2\/posts\/19795\/revisions"}],"wp:attachment":[{"href":"https:\/\/ipatingafc.com.br\/index.php\/wp-json\/wp\/v2\/media?parent=19795"}],"wp:term":[{"taxonomy":"category","embeddable":true,"href":"https:\/\/ipatingafc.com.br\/index.php\/wp-json\/wp\/v2\/categories?post=19795"},{"taxonomy":"post_tag","embeddable":true,"href":"https:\/\/ipatingafc.com.br\/index.php\/wp-json\/wp\/v2\/tags?post=19795"}],"curies":[{"name":"wp","href":"https:\/\/api.w.org\/{rel}","templated":true}]}}