{"id":19799,"date":"2025-03-19T05:15:56","date_gmt":"2025-03-19T08:15:56","guid":{"rendered":"https:\/\/ipatingafc.com.br\/index.php\/2025\/03\/19\/exposicao-no-terminal-sao-paulo-mostra-especies-de-animais-que-habitam-o-rio-sorocaba-agencia-de-noticias\/"},"modified":"2025-03-19T05:15:56","modified_gmt":"2025-03-19T08:15:56","slug":"exposicao-no-terminal-sao-paulo-mostra-especies-de-animais-que-habitam-o-rio-sorocaba-agencia-de-noticias","status":"publish","type":"post","link":"https:\/\/ipatingafc.com.br\/index.php\/2025\/03\/19\/exposicao-no-terminal-sao-paulo-mostra-especies-de-animais-que-habitam-o-rio-sorocaba-agencia-de-noticias\/","title":{"rendered":"Exposi\u00e7\u00e3o no Terminal S\u00e3o Paulo mostra esp\u00e9cies de animais que habitam o Rio Sorocaba \u2013 Ag\u00eancia de Not\u00edcias"},"content":{"rendered":"<p><\/p>\n<div>\n<div class=\"col\">\n<p class=\"mt-0\">\n                        <strong><br \/>\n                            <span class=\"far fa-calendar mr-1 mt-2\"\/><br \/>\n                            18 de mar\u00e7o de 2025<br \/>\n                            <span class=\"far fa-clock ml-3 mt-2\"\/><br \/>\n                            10:02<br \/>\n                        <\/strong>\n                    <\/p>\n<p class=\"mb-0\">Por: <strong>Mariana Campos<\/strong><\/p>\n<\/p><\/div>\n<\/p><\/div>\n<div>\n<p>Quem estiver no Terminal S\u00e3o Paulo, neta quarta-feira (19), entre 8h30 e 15h30, poder\u00e1 conferir gratuitamente a exposi\u00e7\u00e3o \u201cAnimais do Rio\u201d, com exemplares taxidermizados (\u201cempalhados\u201d) de diferentes esp\u00e9cies da fauna que habitam o Rio Sorocaba. Tamb\u00e9m ser\u00e1 realizada a doa\u00e7\u00e3o de mudas de diferentes esp\u00e9cies de \u00e1rvores frut\u00edferas, plantas ornamentais e temperos.<\/p>\n<p>Promovida pela Prefeitura de Sorocaba, por meio da Secretaria do Meio Ambiente, Prote\u00e7\u00e3o e Bem-Estar Animal (Sema), a atividade educativa faz parte da programa\u00e7\u00e3o especial em comemora\u00e7\u00e3o ao Dia do Rio Sorocaba e ao Dia Mundial da \u00c1gua (22 de mar\u00e7o), que visa sensibilizar a popula\u00e7\u00e3o sobre a import\u00e2ncia da \u00e1gua para a vida, seu uso consciente, qualidade das \u00e1guas do Rio Sorocaba e a conserva\u00e7\u00e3o dos mananciais.<\/p>\n<p>No local, a popula\u00e7\u00e3o poder\u00e1 ver, por exemplo, exemplares taxidemizados de rat\u00e3o-do-banhado, jacar\u00e9-de-papo-amarelo, bigu\u00e1, frango d\u2019\u00e1gua, entre outros. Com isso, a ideia \u00e9 mostrar a pessoas de todas as idades os impactos positivos das a\u00e7\u00f5es para a recupera\u00e7\u00e3o do Rio Sorocaba e a preserva\u00e7\u00e3o da sua fauna.<\/p>\n<p>Os mun\u00edcipes que desejarem tamb\u00e9m poder\u00e3o levar para casa mudas de diferentes esp\u00e9cies, como lambari, onze horas, urucum, melissa, poejo, manjeric\u00e3o, cerejeira do rio grande, uvaia e jabuticaba.<\/p>\n<p>O Dia Mundial da \u00c1gua foi criado pela Assembleia Geral da Organiza\u00e7\u00e3o das Na\u00e7\u00f5es Unidas (ONU), em 1993, para promover a consci\u00eancia em todo o mundo sobre a import\u00e2ncia deste recurso natural para a promo\u00e7\u00e3o da vida saud\u00e1vel no planeta. Em Sorocaba, o Dia Mundial da \u00c1gua e o Dia do Rio Sorocaba foram institu\u00eddos pela Lei Municipal n\u00ba 8.812, de 15 de julho de 2009.<\/p>\n<p>Mais informa\u00e7\u00f5es sobre a programa\u00e7\u00e3o podem ser obtidas junto \u00e0 Sema, de segunda a sexta-feira, das 8h \u00e0s 17h, pelo telefone: (15) 3219-2280 ou pelo e-mail: sema@sorocaba.sp.gov.br.<\/p>\n<\/p><\/div>\n","protected":false},"excerpt":{"rendered":"<p>18 de mar\u00e7o de 2025 10:02 Por: Mariana Campos Quem estiver no Terminal S\u00e3o Paulo,&#8230;<\/p>\n","protected":false},"author":2,"featured_media":0,"comment_status":"","ping_status":"","sticky":false,"template":"","format":"standard","meta":{"footnotes":""},"categories":[2],"tags":[],"class_list":["post-19799","post","type-post","status-publish","format-standard","hentry","category-jogos-ao-vivo"],"amp_enabled":true,"_links":{"self":[{"href":"https:\/\/ipatingafc.com.br\/index.php\/wp-json\/wp\/v2\/posts\/19799","targetHints":{"allow":["GET"]}}],"collection":[{"href":"https:\/\/ipatingafc.com.br\/index.php\/wp-json\/wp\/v2\/posts"}],"about":[{"href":"https:\/\/ipatingafc.com.br\/index.php\/wp-json\/wp\/v2\/types\/post"}],"author":[{"embeddable":true,"href":"https:\/\/ipatingafc.com.br\/index.php\/wp-json\/wp\/v2\/users\/2"}],"replies":[{"embeddable":true,"href":"https:\/\/ipatingafc.com.br\/index.php\/wp-json\/wp\/v2\/comments?post=19799"}],"version-history":[{"count":0,"href":"https:\/\/ipatingafc.com.br\/index.php\/wp-json\/wp\/v2\/posts\/19799\/revisions"}],"wp:attachment":[{"href":"https:\/\/ipatingafc.com.br\/index.php\/wp-json\/wp\/v2\/media?parent=19799"}],"wp:term":[{"taxonomy":"category","embeddable":true,"href":"https:\/\/ipatingafc.com.br\/index.php\/wp-json\/wp\/v2\/categories?post=19799"},{"taxonomy":"post_tag","embeddable":true,"href":"https:\/\/ipatingafc.com.br\/index.php\/wp-json\/wp\/v2\/tags?post=19799"}],"curies":[{"name":"wp","href":"https:\/\/api.w.org\/{rel}","templated":true}]}}