{"id":19814,"date":"2025-03-19T10:56:00","date_gmt":"2025-03-19T13:56:00","guid":{"rendered":"https:\/\/ipatingafc.com.br\/index.php\/2025\/03\/19\/dorival-comanda-primeiro-treino-com-grupo-completo\/"},"modified":"2025-03-19T10:56:00","modified_gmt":"2025-03-19T13:56:00","slug":"dorival-comanda-primeiro-treino-com-grupo-completo","status":"publish","type":"post","link":"https:\/\/ipatingafc.com.br\/index.php\/2025\/03\/19\/dorival-comanda-primeiro-treino-com-grupo-completo\/","title":{"rendered":"Dorival comanda primeiro treino com grupo completo"},"content":{"rendered":"<p><\/p>\n<div wp_automatic_readability=\"51.250528988574\">\n<p>O t\u00e9cnico Dorival J\u00fanior comandou nesta ter\u00e7a-feira (18) no Est\u00e1dio Valdir Campelo Bezerra, o Bezerr\u00e3o, em Gama (DF), o primeiro treino da sele\u00e7\u00e3o brasileira com o grupo completo. A atividade serve como prepara\u00e7\u00e3o para a partida contra a Col\u00f4mbia, que ser\u00e1 disputada a partir das 21h45 (hor\u00e1rio de Bras\u00edlia) da pr\u00f3xima quinta-feira (20) no est\u00e1dio Man\u00e9 Garrincha, em Bras\u00edlia, pelas Eliminat\u00f3rias Sul-Americanas para a Copa do Mundo.<\/p>\n<p>Para este desafio o Brasil contar\u00e1 com o apoio maci\u00e7o da torcida brasileira, que esgotou os mais de 60 mil ingressos colocados \u00e0 venda. \u201cFico feliz que esgotaram os ingressos, no \u00faltimo jogo ficou muito ingresso faltando. Conversamos sobre encher os est\u00e1dios. Em casa queremos sentir o torcedor do lado, eles podem fazer a diferen\u00e7a. A gente canta o hino, todo mundo vai junto e praticamente come\u00e7a 1 a 0. Temos que dar resposta, prazer, orgulho. Vai ser uma festa bonita para conseguirmos a vit\u00f3ria\u201d, declarou o meio-campista Bruno Guimar\u00e3es em entrevista coletiva concedida nesta ter\u00e7a.<\/p>\n<blockquote class=\"twitter-tweet\" wp_automatic_readability=\"11.590785907859\">\n<p dir=\"ltr\" lang=\"pt\" xml:lang=\"pt\">VAMOS PRA CIMA! \ud83c\udde7\ud83c\uddf7\ud83d\udd25<\/p>\n<p>A Sele\u00e7\u00e3o Brasileira deu in\u00edcio no final da tarde desta segunda-feira (17) \u00e0 prepara\u00e7\u00e3o para o confronto contra a Col\u00f4mbia, pela 13\u00aa rodada das Eliminat\u00f3rias para a Copa do Mundo de 2026. O primeiro treino da equipe comandada pelo t\u00e9cnico Dorival Jr. foi\u2026 <a href=\"https:\/\/t.co\/7AWGuK9cUR\">pic.twitter.com\/7AWGuK9cUR<\/a><\/p>\n<p>\u2014 CBF Futebol (@CBF_Futebol) <a href=\"https:\/\/twitter.com\/CBF_Futebol\/status\/1901990818061181092?ref_src=twsrc%5Etfw\">March 18, 2025<\/a><\/p>\n<\/blockquote>\n<p>Segundo o jogador do Newcastle (Inglaterra), vencer a Col\u00f4mbia (4\u00aa colocada das Eliminat\u00f3rias com 19 pontos) \u00e9 fundamental para o restante da campanha da sele\u00e7\u00e3o brasileira (5\u00aa colocada com 18 pontos), que na pr\u00f3xima rodada ter\u00e1 o desafio de encarar a Argentina (l\u00edder com 25 pontos) fora de casa: \u201cS\u00e3o dois jogos cruciais, estamos focando jogo a jogo. O mais importante \u00e9 esse da Col\u00f4mbia por conta da tabela. Queremos iniciar bem, somar tr\u00eas pontos, para depois pensar na Argentina. Sabemos que jogamos melhor aqui, onde temos mais espa\u00e7o, ent\u00e3o estamos esperan\u00e7osos para fazer dois jogos bom e encaminhar a classifica\u00e7\u00e3o\u201d.<\/p>\n<p>Na pr\u00f3xima quarta-feira (19), v\u00e9spera do confronto, o t\u00e9cnico Dorival J\u00fanior realiza um treino no palco da partida a partir das 17h. Antes, \u00e0s 15h45, o t\u00e9cnico Dorival J\u00fanior concede uma entrevista coletiva na sala de imprensa do est\u00e1dio.<\/p>\n<\/div>\n<p><script async src=\"\/\/platform.twitter.com\/widgets.js\" charset=\"utf-8\"><\/script><\/p>\n","protected":false},"excerpt":{"rendered":"<p>O t\u00e9cnico Dorival J\u00fanior comandou nesta ter\u00e7a-feira (18) no Est\u00e1dio Valdir Campelo Bezerra, o Bezerr\u00e3o,&#8230;<\/p>\n","protected":false},"author":2,"featured_media":0,"comment_status":"","ping_status":"","sticky":false,"template":"","format":"standard","meta":{"footnotes":""},"categories":[2],"tags":[],"class_list":["post-19814","post","type-post","status-publish","format-standard","hentry","category-jogos-ao-vivo"],"amp_enabled":true,"_links":{"self":[{"href":"https:\/\/ipatingafc.com.br\/index.php\/wp-json\/wp\/v2\/posts\/19814","targetHints":{"allow":["GET"]}}],"collection":[{"href":"https:\/\/ipatingafc.com.br\/index.php\/wp-json\/wp\/v2\/posts"}],"about":[{"href":"https:\/\/ipatingafc.com.br\/index.php\/wp-json\/wp\/v2\/types\/post"}],"author":[{"embeddable":true,"href":"https:\/\/ipatingafc.com.br\/index.php\/wp-json\/wp\/v2\/users\/2"}],"replies":[{"embeddable":true,"href":"https:\/\/ipatingafc.com.br\/index.php\/wp-json\/wp\/v2\/comments?post=19814"}],"version-history":[{"count":0,"href":"https:\/\/ipatingafc.com.br\/index.php\/wp-json\/wp\/v2\/posts\/19814\/revisions"}],"wp:attachment":[{"href":"https:\/\/ipatingafc.com.br\/index.php\/wp-json\/wp\/v2\/media?parent=19814"}],"wp:term":[{"taxonomy":"category","embeddable":true,"href":"https:\/\/ipatingafc.com.br\/index.php\/wp-json\/wp\/v2\/categories?post=19814"},{"taxonomy":"post_tag","embeddable":true,"href":"https:\/\/ipatingafc.com.br\/index.php\/wp-json\/wp\/v2\/tags?post=19814"}],"curies":[{"name":"wp","href":"https:\/\/api.w.org\/{rel}","templated":true}]}}