{"id":19815,"date":"2025-03-19T11:32:42","date_gmt":"2025-03-19T14:32:42","guid":{"rendered":"https:\/\/ipatingafc.com.br\/index.php\/2025\/03\/19\/agencia-minas-gerais-instituto-de-desenvolvimento-do-norte-e-nordeste-de-minas-gerais-viabiliza-participacao-de-artesaos-em-feiras-e-exposicoes\/"},"modified":"2025-03-19T11:32:42","modified_gmt":"2025-03-19T14:32:42","slug":"agencia-minas-gerais-instituto-de-desenvolvimento-do-norte-e-nordeste-de-minas-gerais-viabiliza-participacao-de-artesaos-em-feiras-e-exposicoes","status":"publish","type":"post","link":"https:\/\/ipatingafc.com.br\/index.php\/2025\/03\/19\/agencia-minas-gerais-instituto-de-desenvolvimento-do-norte-e-nordeste-de-minas-gerais-viabiliza-participacao-de-artesaos-em-feiras-e-exposicoes\/","title":{"rendered":"Ag\u00eancia Minas Gerais | Instituto de Desenvolvimento do Norte e Nordeste de Minas Gerais viabiliza participa\u00e7\u00e3o de artes\u00e3os em feiras e exposi\u00e7\u00f5es"},"content":{"rendered":"<p><\/p>\n<div>\n<p><figure class=\"image\" style=\"float:left\">&#13;<figcaption><sub><em>Aline Vieira &#8211; Arquivo pessoal<\/em><\/sub><\/figcaption>&#13;<br \/>\n<\/figure>\n<p>&#13;<br \/>\n&#13;\n<\/p>\n<p>Um dos desafios enfrentados pelos pequenos neg\u00f3cios \u00e9 ampliar o n\u00famero de clientes e, com isso, aumentar as vendas e remunera\u00e7\u00e3o. Para isso, a participa\u00e7\u00e3o em feiras e exposi\u00e7\u00f5es torna-se estrat\u00e9gica. Por\u00e9m, nem sempre eles t\u00eam condi\u00e7\u00f5es de custear financeiramente a participa\u00e7\u00e3o nestes eventos.<\/p>\n<p>Considerando esse cen\u00e1rio, o Instituto de Desenvolvimento do Norte e Nordeste de Minas Gerais (Idene) vem atuando para ajudar pequenos empreendedores, entre eles, artes\u00e3os, a participarem de eventos importantes dentro e fora de suas regi\u00f5es regi\u00e3o. Eles podem expor os trabalhos, de forma gratuita, em estandes do instituto. \u00c9 uma forma de fomentar a economia e contribuir para a melhoria da qualidade de vida da popula\u00e7\u00e3o.<\/p>\n<p>Nos \u00faltimos dois anos o instituto participou de 12 feiras e exposi\u00e7\u00f5es, viabilizando a participa\u00e7\u00e3o gratuita de 128 expositores de diversas \u00e1reas. No estande do instituto eles podem apresentar seus produtos, realizar vendas e fazer contatos. No Dia Mundial do Artes\u00e3o, celebrado nesta quarta-feira (19\/3), eles reafirmam a import\u00e2ncia de participar das feiras.<\/p>\n<p>M\u00f4nica Stabler, da Bem Croch\u00ea, de Montes Claros, afirma que o neg\u00f3cio deslanchou ap\u00f3s participar da Fenics, realizada naquela cidade. Desde ent\u00e3o, seu artesanato com amiguruni &#8211; t\u00e9cnica japonesa de confec\u00e7\u00e3o de pequenas pe\u00e7as e objetos com croch\u00ea e tric\u00f4 \u2013 viajou para feiras inclusive de outros estados. \u201cO instituto me ajudou a prosperar como artes\u00e3. Foi o ponto de partida para o crescimento do meu neg\u00f3cio\u201d, diz.<\/p>\n<p>Aline Vieira mora em Governador Valadares e participou, em 2024, da Feira Nacional de Artesanato, em Belo Horizonte. Ela produz pe\u00e7as diversas em macram\u00ea utilizando fibras naturais e destaca os contatos que fez, no evento, com outros artes\u00e3os. \u201cParticipar da feira expandiu meus horizontes. Me estimulou, inclusive, a abrir a minha pr\u00f3pria loja, o que j\u00e1 aconteceu\u201d, conta.<\/p>\n<p><strong>Apoio<\/strong><\/p>\n<p>\u201cO Idene me abra\u00e7ou. Al\u00e9m do estande gratuito temos o apoio dos servidores durante toda a feira. \u00c9 dif\u00edcil chegar um apoio desse tipo aqui no interior\u201d, relata In\u00e1cio Jos\u00e9, de Medina, no Vale do Jequitinhonha, que cria quadros esculpidos em madeira de reciclagem. Ele destaca as vendas durante e no p\u00f3s-feira, pelas encomendas que recebe. \u201cHoje eu vivo do artesanato\u201d, diz.<\/p>\n<p>A fam\u00edlia de Camily Vit\u00f3ria &#8211; pais e duas irm\u00e3s -, produz biscoitos de polvilho e rapadura em Brejaubinha, distrito de Governador Valadares. Em 2024 participou da Expoleste, realizada naquela cidade.<\/p>\n<p>\u201cFoi bom porque divulgamos nossos produtos para um p\u00fablico maior e isso ajuda a aumentar as vendas, com encomendas para outras cidades\u201d, relata. \u201cVendemos praticamente tudo que levamos\u201d, conclui.<\/p>\n<p>Herm\u00ednio Ribeiro possui uma pequena charcutaria em Itanhomi, pr\u00f3ximo a\u00a0 Governador Valadares, onde produz um variado leque de defumados artesanais incluindo lingui\u00e7a e copa lombo. Em 2024 ele participou da Expoleste e do Festival Mundial da Cacha\u00e7a de Salinas. \u201c\u00c9 muito gratificante participar das feiras, pois as vendas aumentam depois\u201d, ressalta.<\/p>\n<p>As bordadeiras da Associa\u00e7\u00e3o M\u00e3os que criam, de Bocai\u00fava, fazem bordados diversos, tric\u00f4 e croch\u00ea. A associa\u00e7\u00e3o j\u00e1 participou duas edi\u00e7\u00f5es da Fenics e da Feira Nacional de Artesanato.<\/p>\n<p>A associada Maria Clara Almeida diz que ainda hoje recebe encomendas de clientes que conheceu nas feiras. \u201cO dinheiro que ganho com a venda das pe\u00e7as me ajuda a comprar meus rem\u00e9dios. Me ajudou at\u00e9 a construir minha casa\u201d, afirma.<\/p>\n<\/p><\/div>\n","protected":false},"excerpt":{"rendered":"<p>&#13;Aline Vieira &#8211; Arquivo pessoal&#13; &#13; &#13; Um dos desafios enfrentados pelos pequenos neg\u00f3cios \u00e9&#8230;<\/p>\n","protected":false},"author":2,"featured_media":0,"comment_status":"","ping_status":"","sticky":false,"template":"","format":"standard","meta":{"footnotes":""},"categories":[2],"tags":[],"class_list":["post-19815","post","type-post","status-publish","format-standard","hentry","category-jogos-ao-vivo"],"amp_enabled":true,"_links":{"self":[{"href":"https:\/\/ipatingafc.com.br\/index.php\/wp-json\/wp\/v2\/posts\/19815","targetHints":{"allow":["GET"]}}],"collection":[{"href":"https:\/\/ipatingafc.com.br\/index.php\/wp-json\/wp\/v2\/posts"}],"about":[{"href":"https:\/\/ipatingafc.com.br\/index.php\/wp-json\/wp\/v2\/types\/post"}],"author":[{"embeddable":true,"href":"https:\/\/ipatingafc.com.br\/index.php\/wp-json\/wp\/v2\/users\/2"}],"replies":[{"embeddable":true,"href":"https:\/\/ipatingafc.com.br\/index.php\/wp-json\/wp\/v2\/comments?post=19815"}],"version-history":[{"count":0,"href":"https:\/\/ipatingafc.com.br\/index.php\/wp-json\/wp\/v2\/posts\/19815\/revisions"}],"wp:attachment":[{"href":"https:\/\/ipatingafc.com.br\/index.php\/wp-json\/wp\/v2\/media?parent=19815"}],"wp:term":[{"taxonomy":"category","embeddable":true,"href":"https:\/\/ipatingafc.com.br\/index.php\/wp-json\/wp\/v2\/categories?post=19815"},{"taxonomy":"post_tag","embeddable":true,"href":"https:\/\/ipatingafc.com.br\/index.php\/wp-json\/wp\/v2\/tags?post=19815"}],"curies":[{"name":"wp","href":"https:\/\/api.w.org\/{rel}","templated":true}]}}