{"id":19824,"date":"2025-03-19T14:40:57","date_gmt":"2025-03-19T17:40:57","guid":{"rendered":"https:\/\/ipatingafc.com.br\/index.php\/2025\/03\/19\/agencia-minas-gerais-minas-santa-2025-governo-lanca-terceira-edicao-do-programa-que-transforma-o-estado-em-grande-destino-de-fe-arte-e-natureza\/"},"modified":"2025-03-19T14:40:57","modified_gmt":"2025-03-19T17:40:57","slug":"agencia-minas-gerais-minas-santa-2025-governo-lanca-terceira-edicao-do-programa-que-transforma-o-estado-em-grande-destino-de-fe-arte-e-natureza","status":"publish","type":"post","link":"https:\/\/ipatingafc.com.br\/index.php\/2025\/03\/19\/agencia-minas-gerais-minas-santa-2025-governo-lanca-terceira-edicao-do-programa-que-transforma-o-estado-em-grande-destino-de-fe-arte-e-natureza\/","title":{"rendered":"Ag\u00eancia Minas Gerais | Minas Santa 2025: Governo lan\u00e7a terceira edi\u00e7\u00e3o do programa que transforma o estado em grande destino de f\u00e9, arte e natureza"},"content":{"rendered":"<p><\/p>\n<div>\n<section class=\"news-related \/ col-md-4 col-lg-3 \/ margin-md-bottom-2 margin-left-1 \/ pull-right \/ hidden-xs hidden-sm\">\n<header>\n<p class=\"text-title-section \/ margin-bottom-1\">Relacionadas<\/p>\n<\/header>\n<p>\t\t\t\t\t\t\t<main><\/p>\n<hr class=\"row margin-md-bottom-2\"\/>\n\t\t\t\t\t\t\t<\/main><br \/>\n\t\t\t\t\t\t<\/section>\n<p>Para consolidar Minas como principal destino tur\u00edstico brasileiro e convidar mineiros e visitantes a terem experi\u00eancias \u00fanicas durante a Semana Santa, o vice-governador Mateus Sim\u00f5es lan\u00e7ou, nesta quarta-feira (19\/3), a terceira edi\u00e7\u00e3o do programa Minas Santa.<\/p>\n<p>Em evento realizado no Museu Mineiro, o vice-governador detalhou a import\u00e2ncia do Minas Santa como um destino que tamb\u00e9m impulsiona a economia a partir dos roteiros de f\u00e9, sendo alguns deles express\u00f5es centen\u00e1rias da cultura mineira.<\/p>\n<p>O programa apresenta a\u00e7\u00f5es que abrangem os 853 munic\u00edpios e mais de mil distritos. Isso inclui celebra\u00e7\u00f5es cat\u00f3licas, suas prociss\u00f5es e encena\u00e7\u00f5es da Paix\u00e3o de Cristo, passando pela arte e m\u00fasica gospel, at\u00e9 as express\u00f5es culturais afro-mineiras, como a Feitura do Cord\u00e3o de S\u00e3o Francisco do Quilombo Pena Branca, em S\u00e3o Francisco, no Vale do Jequitinhonha, que acontece h\u00e1 mais de 60 anos.<\/p>\n<p>&#8220;S\u00e3o 550 mil visitantes sendo esperados na Semana Santa e R$ 5,5 bilh\u00f5es circulando na economia do turismo religioso. A Semana Santa \u00e9 o nosso per\u00edodo de maior atra\u00e7\u00e3o de visitantes de fora, bate todos os recordes de outros per\u00edodos do ano em Minas Gerais. O que n\u00f3s temos feito \u00e9 organizar o estado para que isso possa se potencializar. Temos seis rotas tur\u00edsticas bem organizadas para poder dar suporte para esse momento\u201d, disse o vice-governador.<\/p>\n<p>\u00a0<\/p>\n<table align=\"center\" border=\"0\" cellpadding=\"1\" cellspacing=\"1\" style=\"width: 100%;\">&#13;<\/p>\n<tbody>&#13;<\/p>\n<tr>&#13;<\/p>\n<td colspan=\"5\" style=\"text-align: center; vertical-align: middle;\">&#13;<\/p>\n<p style=\"text-align:center\">\n<p>&#13;\n\t\t\t<\/td>\n<p>&#13;<br \/>\n\t\t<\/tr>\n<p>&#13;<\/p>\n<tr>&#13;<\/p>\n<td style=\"text-align: center; vertical-align: middle;\">\u00a0<\/td>\n<p>&#13;<\/p>\n<td colspan=\"3\" rowspan=\"3\" style=\"text-align: center; vertical-align: middle;\">&#13;<br \/>\n\t\t\t&#13;\n\t\t\t<\/td>\n<p>&#13;<\/p>\n<td style=\"text-align: center; vertical-align: middle;\">\u00a0<\/td>\n<p>&#13;<br \/>\n\t\t<\/tr>\n<p>&#13;<\/p>\n<tr>&#13;<\/p>\n<td style=\"text-align: center; vertical-align: middle;\">\u00a0<\/td>\n<p>&#13;<\/p>\n<td style=\"text-align: center; vertical-align: middle;\">\u00a0<\/td>\n<p>&#13;<br \/>\n\t\t<\/tr>\n<p>&#13;<\/p>\n<tr>&#13;<\/p>\n<td style=\"text-align: center; vertical-align: middle;\">\u00a0<\/td>\n<p>&#13;<\/p>\n<td style=\"text-align: center; vertical-align: middle;\">\u00a0<\/td>\n<p>&#13;<br \/>\n\t\t<\/tr>\n<p>&#13;<\/p>\n<tr>&#13;<\/p>\n<td colspan=\"5\" style=\"text-align: center; vertical-align: middle;\">&#13;<\/p>\n<p style=\"text-align:center\">\n<p>&#13;\n\t\t\t<\/td>\n<p>&#13;<br \/>\n\t\t<\/tr>\n<p>&#13;<br \/>\n\t<\/tbody>\n<p>&#13;<br \/>\n<\/table>\n<p>\u00a0<\/p>\n<p>O secret\u00e1rio de Estado de Cultura e Turismo, Le\u00f4nidas Oliveira, aproveitou a oportunidade para fazer um chamado aos turistas, lembrando que o Minas Santa \u00e9 um programa voltado n\u00e3o apenas aos mineiros, mas aos visitantes de todas as partes do mundo.<\/p>\n<p>\u00a0<\/p>\n<table align=\"center\" border=\"0\" cellpadding=\"1\" cellspacing=\"1\" style=\"width: 100%;\">&#13;<\/p>\n<tbody>&#13;<\/p>\n<tr>&#13;<\/p>\n<td colspan=\"5\" style=\"text-align: center; vertical-align: middle;\">&#13;<\/p>\n<p style=\"text-align:center\">\n<p>&#13;\n\t\t\t<\/td>\n<p>&#13;<br \/>\n\t\t<\/tr>\n<p>&#13;<\/p>\n<tr>&#13;<\/p>\n<td style=\"text-align: center; vertical-align: middle;\">\u00a0<\/td>\n<p>&#13;<\/p>\n<td colspan=\"3\" rowspan=\"3\" style=\"text-align: center; vertical-align: middle;\">&#13;<br \/>\n\t\t\t&#13;\n\t\t\t<\/td>\n<p>&#13;<\/p>\n<td style=\"text-align: center; vertical-align: middle;\">\u00a0<\/td>\n<p>&#13;<br \/>\n\t\t<\/tr>\n<p>&#13;<\/p>\n<tr>&#13;<\/p>\n<td style=\"text-align: center; vertical-align: middle;\">\u00a0<\/td>\n<p>&#13;<\/p>\n<td style=\"text-align: center; vertical-align: middle;\">\u00a0<\/td>\n<p>&#13;<br \/>\n\t\t<\/tr>\n<p>&#13;<\/p>\n<tr>&#13;<\/p>\n<td style=\"text-align: center; vertical-align: middle;\">\u00a0<\/td>\n<p>&#13;<\/p>\n<td style=\"text-align: center; vertical-align: middle;\">\u00a0<\/td>\n<p>&#13;<br \/>\n\t\t<\/tr>\n<p>&#13;<\/p>\n<tr>&#13;<\/p>\n<td colspan=\"5\" style=\"text-align: center; vertical-align: middle;\">&#13;<\/p>\n<p style=\"text-align:center\">\n<p>&#13;\n\t\t\t<\/td>\n<p>&#13;<br \/>\n\t\t<\/tr>\n<p>&#13;<br \/>\n\t<\/tbody>\n<p>&#13;<br \/>\n<\/table>\n<p>\u00a0<\/p>\n<p>O lan\u00e7amento do Minas Santa 2025 tamb\u00e9m contou com a presen\u00e7a da secret\u00e1ria-adjunta de Cultura e Turismo, Josiane de Souza; do presidente do Instituto Estadual do Patrim\u00f4nio Hist\u00f3rico e Art\u00edstico (Iepha-MG), Jo\u00e3o Paulo Martins; do presidente da Funda\u00e7\u00e3o Cl\u00f3vis Salgado\u00a0(FCS), S\u00e9rgio Rodrigo Reis; do presidente da Funda\u00e7\u00e3o de Artes de Ouro Preto (Faop), Wirley Reis; do pr\u00f3-reitor de Comunica\u00e7\u00e3o do Santu\u00e1rio Bas\u00edlica Nossa Senhora da Piedade, Padre Wagner Colegario; e do pastor F\u00e1bio Lacerda, da Igreja Batista da Lagoinha.<\/p>\n<p>Como aperitivo da programa\u00e7\u00e3o, o grupo \u00c1urea Musical, de S\u00e3o Jo\u00e3o del-Rei, realizou uma apresenta\u00e7\u00e3o de m\u00fasicas sacras, em meio \u00e0 representa\u00e7\u00e3o de personagens b\u00edblicos das prociss\u00f5es e dos tradicionais anjos barrocos de Ouro Preto.<\/p>\n<p><strong>Programa\u00e7\u00e3o<\/strong><\/p>\n<p>O Minas Santa 2025 ter\u00e1 programa\u00e7\u00e3o em todo o estado at\u00e9 o Dia da Inconfid\u00eancia (21\/4). As a\u00e7\u00f5es incluem prociss\u00f5es, feitura de tapetes devocionais e cord\u00f5es, shows, visitas a igrejas e museus, al\u00e9m de eventos como o semin\u00e1rio Bens Culturais e Turismo da F\u00e9\u00a0(9 e 10\/4, em Mariana), a apresenta\u00e7\u00e3o Ritos da F\u00e9 Mineira (18\/4, em Belo Horizonte) e o musical Cante Comigo: L\u00e1zaros\u00a0(19\/4, tamb\u00e9m na capital).<\/p>\n<p>A Prociss\u00e3o da Guarda Romana, em Diamantina, a Encomenda\u00e7\u00e3o das Almas, em Manga, e a tradicional Folia das Almas da Canastra, em Delfin\u00f3polis, tamb\u00e9m est\u00e3o no roteiro.<\/p>\n<p>O cadastro das Celebra\u00e7\u00f5es e Ritos da Quaresma e Semana Santa, organizado pelo Iepha-MG, j\u00e1 conta com 679 manifesta\u00e7\u00f5es at\u00e9 o momento. Todos os detalhes da programa\u00e7\u00e3o ser\u00e3o disponibilizados no site www.minasgerais.com.br.<\/p>\n<p><strong>Rotas de turismo e f\u00e9<\/strong><\/p>\n<p>Al\u00e9m das celebra\u00e7\u00f5es religiosas, o Minas Santa convida os visitantes a percorrerem rotas tur\u00edsticas que integram f\u00e9, arte, cozinha mineira, natureza e cultura, como os santu\u00e1rios e os caminhos de peregrina\u00e7\u00e3o em Caet\u00e9, Congonhas, Mariana, Tiradentes e S\u00e3o Jo\u00e3o del-Rei. Na Rota das Artes, que abrange Belo Horizonte, Brumadinho (Inhotim), Ouro Preto e Sabar\u00e1, museus e ateli\u00eas revelam a riqueza art\u00edstica mineira.<\/p>\n<p>As regi\u00f5es produtoras do Queijo Minas Artesanal, cujos Modos de Fazer foram reconhecidos como Patrim\u00f4nio Cultural Imaterial da Humanidade pela Unesco, como Canastra, Serro e Campo das Vertentes, atraem turistas de todo o pa\u00eds. Experi\u00eancias nos territ\u00f3rios dos caf\u00e9s e dos vinhos mineiros, nas regi\u00f5es do Sul de Minas, do Cerrado Mineiro e do Campo das Vertentes, tamb\u00e9m chamam aten\u00e7\u00e3o dos visitantes.<\/p>\n<p>Outros destinos imperd\u00edveis s\u00e3o a Cordilheira do Espinha\u00e7o, S\u00e3o Thom\u00e9 das Letras e Mantiqueira de Minas, no Sul do estado; Delfin\u00f3polis, com as Cachoeiras da Canastra, na Zona da Mata; e o Parque Nacional Cavernas do Perua\u00e7u, no Norte de Minas, com suas cavernas imensas, arte rupestre milenar e paisagens sagradas.<\/p>\n<p><strong>Minas Santa em n\u00fameros<\/strong><\/p>\n<p>Em 2024, cerca de 500 mil pessoas visitaram Minas Gerais durante a Semana Santa. O turismo religioso, ao longo de todo o ano, movimenta aproximadamente R$ 5 bilh\u00f5es no estado, sendo um dos principais vetores de gera\u00e7\u00e3o de emprego, renda e desenvolvimento.<\/p>\n<p>Em n\u00edvel internacional, Minas atraiu turistas de diversos pa\u00edses em 2024, com o Chile se destacando como a principal origem dos visitantes estrangeiros.<\/p>\n<p><strong>Realiza\u00e7\u00e3o e parcerias<\/strong><\/p>\n<p>O Minas Santa \u00e9 promovido pelo Governo de Minas, por meio da Secult-MG, do Iepha-MG, da Funda\u00e7\u00e3o Cl\u00f3vis Salgado\u00a0e da Faop, com apoio da Cemig, Federa\u00e7\u00e3o dos Circuitos Tur\u00edsticos (Fecitur), Associa\u00e7\u00e3o Mineira de Munic\u00edpios (AMM), da Rede Estadual de Gestores Municipais de Cultura e Turismo e Associa\u00e7\u00e3o das Cidades Hist\u00f3ricas de Minas Gerais.<\/p>\n<p>As a\u00e7\u00f5es do Minas Santa tamb\u00e9m integram o Ano Mineiro das Artes (AMA). O portf\u00f3lio com celebra\u00e7\u00f5es das cidades e mais informa\u00e7\u00f5es podem ser acessadas em www.minasgerais.com.br<\/p>\n<\/p><\/div>\n","protected":false},"excerpt":{"rendered":"<p>Relacionadas Para consolidar Minas como principal destino tur\u00edstico brasileiro e convidar mineiros e visitantes a&#8230;<\/p>\n","protected":false},"author":2,"featured_media":0,"comment_status":"","ping_status":"","sticky":false,"template":"","format":"standard","meta":{"footnotes":""},"categories":[2],"tags":[],"class_list":["post-19824","post","type-post","status-publish","format-standard","hentry","category-jogos-ao-vivo"],"amp_enabled":true,"_links":{"self":[{"href":"https:\/\/ipatingafc.com.br\/index.php\/wp-json\/wp\/v2\/posts\/19824","targetHints":{"allow":["GET"]}}],"collection":[{"href":"https:\/\/ipatingafc.com.br\/index.php\/wp-json\/wp\/v2\/posts"}],"about":[{"href":"https:\/\/ipatingafc.com.br\/index.php\/wp-json\/wp\/v2\/types\/post"}],"author":[{"embeddable":true,"href":"https:\/\/ipatingafc.com.br\/index.php\/wp-json\/wp\/v2\/users\/2"}],"replies":[{"embeddable":true,"href":"https:\/\/ipatingafc.com.br\/index.php\/wp-json\/wp\/v2\/comments?post=19824"}],"version-history":[{"count":0,"href":"https:\/\/ipatingafc.com.br\/index.php\/wp-json\/wp\/v2\/posts\/19824\/revisions"}],"wp:attachment":[{"href":"https:\/\/ipatingafc.com.br\/index.php\/wp-json\/wp\/v2\/media?parent=19824"}],"wp:term":[{"taxonomy":"category","embeddable":true,"href":"https:\/\/ipatingafc.com.br\/index.php\/wp-json\/wp\/v2\/categories?post=19824"},{"taxonomy":"post_tag","embeddable":true,"href":"https:\/\/ipatingafc.com.br\/index.php\/wp-json\/wp\/v2\/tags?post=19824"}],"curies":[{"name":"wp","href":"https:\/\/api.w.org\/{rel}","templated":true}]}}