{"id":19830,"date":"2025-03-19T17:01:43","date_gmt":"2025-03-19T20:01:43","guid":{"rendered":"https:\/\/ipatingafc.com.br\/index.php\/2025\/03\/19\/programa-educacao-para-o-transito-2025-tem-inicio-em-guaratingueta-prefeitura-estancia-turistica-guaratingueta\/"},"modified":"2025-03-19T17:01:43","modified_gmt":"2025-03-19T20:01:43","slug":"programa-educacao-para-o-transito-2025-tem-inicio-em-guaratingueta-prefeitura-estancia-turistica-guaratingueta","status":"publish","type":"post","link":"https:\/\/ipatingafc.com.br\/index.php\/2025\/03\/19\/programa-educacao-para-o-transito-2025-tem-inicio-em-guaratingueta-prefeitura-estancia-turistica-guaratingueta\/","title":{"rendered":"Programa Educa\u00e7\u00e3o Para o Tr\u00e2nsito 2025 tem in\u00edcio em Guaratinguet\u00e1 \u2013 Prefeitura Est\u00e2ncia Tur\u00edstica Guaratinguet\u00e1"},"content":{"rendered":"<p><\/p>\n<div>\n<p>A Secretaria de Seguran\u00e7a e Mobilidade Urbana, em parceria com a Secretaria de Educa\u00e7\u00e3o, deu in\u00edcio nesta segunda-feira (17), ao Programa Educa\u00e7\u00e3o Para o Tr\u00e2nsito 2025.<\/p>\n<p>A a\u00e7\u00e3o \u00e9 voltada para os alunos dos terceiros anos do ensino fundamental da rede p\u00fablica municipal e, desde sua implanta\u00e7\u00e3o, j\u00e1 impactou mais de 30.000 estudantes.<\/p>\n<p>Ministrado pela Equipe de Agentes de Tr\u00e2nsito, o projeto aborda temas fundamentais como Cidadania, Respeito ao Pr\u00f3ximo e Comportamento Seguro dentro e fora dos ve\u00edculos, contribuindo para a forma\u00e7\u00e3o de cidad\u00e3os mais prudentes e multiplicadores de conhecimento.<\/p>\n<p>Neste primeiro semestre, as seguintes escolas ser\u00e3o contempladas:<\/p>\n<p>\u2013 Dr. Guilherme Filippo;<br \/>\u2013 Maria J\u00falia;<br \/>\u2013 Maria Carmelita;<br \/>\u2013 Zez\u00e9 Figueiredo;<br \/>\u2013 Jo\u00e3o Mendes;<br \/>\u2013 Elvira M. Giannico;<br \/>\u2013 Helo\u00edsa Helena;<br \/>\u2013 Virg\u00edlio Rosas;<br \/>\u2013 Antonio C. Pay\u00e3o;<br \/>\u2013 Luzia C. Mittidieri.<\/p>\n<p>O Programa Educa\u00e7\u00e3o Para o Tr\u00e2nsito refor\u00e7a o compromisso de Guaratinguet\u00e1 com a seguran\u00e7a e a conscientiza\u00e7\u00e3o no tr\u00e2nsito.<\/p>\n<\/p><\/div>\n","protected":false},"excerpt":{"rendered":"<p>A Secretaria de Seguran\u00e7a e Mobilidade Urbana, em parceria com a Secretaria de Educa\u00e7\u00e3o, deu&#8230;<\/p>\n","protected":false},"author":2,"featured_media":0,"comment_status":"","ping_status":"","sticky":false,"template":"","format":"standard","meta":{"footnotes":""},"categories":[2],"tags":[],"class_list":["post-19830","post","type-post","status-publish","format-standard","hentry","category-jogos-ao-vivo"],"amp_enabled":true,"_links":{"self":[{"href":"https:\/\/ipatingafc.com.br\/index.php\/wp-json\/wp\/v2\/posts\/19830","targetHints":{"allow":["GET"]}}],"collection":[{"href":"https:\/\/ipatingafc.com.br\/index.php\/wp-json\/wp\/v2\/posts"}],"about":[{"href":"https:\/\/ipatingafc.com.br\/index.php\/wp-json\/wp\/v2\/types\/post"}],"author":[{"embeddable":true,"href":"https:\/\/ipatingafc.com.br\/index.php\/wp-json\/wp\/v2\/users\/2"}],"replies":[{"embeddable":true,"href":"https:\/\/ipatingafc.com.br\/index.php\/wp-json\/wp\/v2\/comments?post=19830"}],"version-history":[{"count":0,"href":"https:\/\/ipatingafc.com.br\/index.php\/wp-json\/wp\/v2\/posts\/19830\/revisions"}],"wp:attachment":[{"href":"https:\/\/ipatingafc.com.br\/index.php\/wp-json\/wp\/v2\/media?parent=19830"}],"wp:term":[{"taxonomy":"category","embeddable":true,"href":"https:\/\/ipatingafc.com.br\/index.php\/wp-json\/wp\/v2\/categories?post=19830"},{"taxonomy":"post_tag","embeddable":true,"href":"https:\/\/ipatingafc.com.br\/index.php\/wp-json\/wp\/v2\/tags?post=19830"}],"curies":[{"name":"wp","href":"https:\/\/api.w.org\/{rel}","templated":true}]}}