{"id":19837,"date":"2025-03-19T19:22:57","date_gmt":"2025-03-19T22:22:57","guid":{"rendered":"https:\/\/ipatingafc.com.br\/index.php\/2025\/03\/19\/agentes-de-saude-mirins-aprendem-sobre-combate-a-dengue-prefeitura-da-cidade-do-rio-de-janeiro\/"},"modified":"2025-03-19T19:22:57","modified_gmt":"2025-03-19T22:22:57","slug":"agentes-de-saude-mirins-aprendem-sobre-combate-a-dengue-prefeitura-da-cidade-do-rio-de-janeiro","status":"publish","type":"post","link":"https:\/\/ipatingafc.com.br\/index.php\/2025\/03\/19\/agentes-de-saude-mirins-aprendem-sobre-combate-a-dengue-prefeitura-da-cidade-do-rio-de-janeiro\/","title":{"rendered":"Agentes de sa\u00fade mirins aprendem sobre combate \u00e0 dengue &#8211; Prefeitura da Cidade do Rio de Janeiro"},"content":{"rendered":"<p><\/p>\n<div wp_automatic_readability=\"93.202702702703\">\n<div class=\"image-post\" wp_automatic_readability=\"33\">\n                     A\u00e7\u00e3o realizada em escola municipal objetiva conscientizar crian\u00e7as sobre cuidados preventivos &#8211;   Edu Kapps\/SMS<\/p><\/div>\n<p>Agentes mirins em a\u00e7\u00e3o! Nesta quarta-feira (19), os alunos do 4\u00ba ano do Gin\u00e1sio Educacional Tecnol\u00f3gico Isabel Mendes, no M\u00e9ier, foram agentes de vigil\u00e2ncia em sa\u00fade (AVS) por um dia. Em conjunto com as equipes da Secretaria Municipal de Sa\u00fade (SMS), os alunos participaram de atividades educativas sobre o combate \u00e0 dengue, que envolveram a busca por condi\u00e7\u00f5es que favorecessem o surgimento de focos do Aedes aegypti no p\u00e1tio da escola. De forma l\u00fadica, os agentes adultos orientaram as crian\u00e7as sobre os cuidados que elas devem ter em suas casas para combater o mosquito transmissor das arboviroses urbanas, como a dengue, zika e a chikungunya.<\/p>\n<blockquote wp_automatic_readability=\"12\">\n<p>\u2013 \u00c9 uma a\u00e7\u00e3o entre Sa\u00fade e Educa\u00e7\u00e3o, pelo Programa Sa\u00fade na Escola (PSE), onde estamos trabalhando nas escolas o tema de preven\u00e7\u00e3o das arboviroses. Acreditamos muito no potencial das crian\u00e7as, e os adultos t\u00eam muito o que aprender com elas. Essas crian\u00e7as est\u00e3o aprendendo sobre como prevenir o mosquito e tamb\u00e9m quais cuidados devem ter em casa. E com certeza elas v\u00e3o levar esse conhecimento pra casa e replicar o que aprenderam com suas fam\u00edlias e em seus territ\u00f3rios. \u00c9 muito importante que todos n\u00f3s aprendamos com elas para evitar as arboviroses na cidade do Rio \u2013 explicou a superintendente de Vigil\u00e2ncia em Sa\u00fade, Gislani Mateus.<\/p>\n<\/blockquote>\n<p>Uniformizadas com coletes de AVS, as crian\u00e7as foram divididas em grupos e percorreram o p\u00e1tio da escola em busca de recipientes que pudessem acumular \u00e1gua parada, enquanto os agentes ensinavam o que deveria ser feito com os reservat\u00f3rios. Em uma maquete de certo ou errado, os alunos aprenderam sobre o que pode e n\u00e3o pode em uma casa para evitar a prolifera\u00e7\u00e3o do mosquito. Al\u00e9m disso, as equipes mostraram \u00e0s crian\u00e7as as fases de vida do Aedes aegypti e como ele se desenvolve.<\/p>\n<blockquote wp_automatic_readability=\"16\">\n<p>\u2013 Essa iniciativa atende aos nossos cuidados com as crian\u00e7as, com a comunidade e com a sociedade. Estamos levando conscientiza\u00e7\u00e3o aos alunos e alunas, que, por sua vez, v\u00e3o levar essa conscientiza\u00e7\u00e3o aos pais, m\u00e3es e respons\u00e1veis. V\u00e3o fazer uma ponte importante entre a escola e as suas fam\u00edlias, pela sa\u00fade e pelo bem-estar. Quando tudo isso funciona em conjunto, \u00e9 um sucesso \u2013 disse a diretora da escola, Amanda Gomes.<\/p>\n<\/blockquote>\n<p>Ao final das atividades, os alunos receberam um certificado de agente de vigil\u00e2ncia em sa\u00fade mirim e se mostraram super competentes para transmitir todo conhecimento adquirido para as pessoas do seu conv\u00edvio.<\/p>\n<p>\u2013 A gente aprendeu que n\u00e3o pode deixar \u00e1gua parada, que a caixa d\u2019\u00e1gua tem que estar fechada, tudo que tem tampa tem que ficar fechado para o mosquito n\u00e3o botar os ovinhos l\u00e1. T\u00f4 aprendendo muita coisa aqui, est\u00e1 muito legal! Vou levar tudo pra casa! \u2013 disse o estudante Lucas Paiva, de 11 anos.<\/p>\n<p>\u2013 Eu aprendi que n\u00e3o pode deixar \u00e1gua parada, n\u00e3o pode deixar a piscina destampada e tamb\u00e9m tem que colocar os recipientes de cabe\u00e7a pra baixo, sen\u00e3o o mosquito vai l\u00e1 colocar os ovos. Vou ensinar em casa tudo que eu aprendi aqui hoje \u2013 ensinou Melanny Luiza, de 9 anos.<\/p>\n<p>\u2013 A cada quatro casos de dengue na cidade, o foco do mosquito est\u00e1 dentro do munic\u00edpio. Por isso, a\u00e7\u00f5es de preven\u00e7\u00e3o e educa\u00e7\u00e3o s\u00e3o de grande import\u00e2ncia para conscientizar a popula\u00e7\u00e3o sobre os cuidados dentro de suas casas. \u00c9 importante que a popula\u00e7\u00e3o separe 10 minutos por semana para vistoriar vasos de plantas, caixas d\u2019\u00e1guas e eliminar recipientes com \u00e1gua parada e evitar a prolifera\u00e7\u00e3o do mosquito \u2013 concluiu Gislani Mateus, ressaltando que este m\u00eas o PSE est\u00e1 trabalhando o tema da preven\u00e7\u00e3o da dengue nas escolas da rede municipal em toda a cidade.<\/p>\n<p><strong>Vigil\u00e2ncia em Sa\u00fade na rua<\/strong><\/p>\n<p>Os trabalhos de controle das arboviroses, tanto nas \u00e1reas residenciais quanto nos locais considerados pontos estrat\u00e9gicos (cemit\u00e9rios, borracharias, ferros-velhos, dep\u00f3sitos de sucata ou de materiais de constru\u00e7\u00e3o, garagens de \u00f4nibus, etc), s\u00e3o realizados pela SMS durante todo o ano. Nos meses de calor, dentro da programa\u00e7\u00e3o do Plano Ver\u00e3o, as a\u00e7\u00f5es s\u00e3o refor\u00e7adas.<\/p>\n<p>Este ano, at\u00e9 o dia 15 de mar\u00e7o, foram visitados 2.461.837 im\u00f3veis para preven\u00e7\u00e3o e controle do Aedes aegypti e 336.500 recipientes que poderiam servir de criadouros de mosquitos foram tratados ou eliminados. Em 2024, foram realizadas 11,6 milh\u00f5es de vistorias em im\u00f3veis para controle e preven\u00e7\u00e3o de poss\u00edveis focos do mosquito, com elimina\u00e7\u00e3o ou tratamento de mais de 1,8 milh\u00e3o de recipientes.<\/p>\n<p>A SMS tamb\u00e9m realiza constantemente a\u00e7\u00f5es educativas e de mobiliza\u00e7\u00e3o social para orientar a popula\u00e7\u00e3o sobre as medidas para a preven\u00e7\u00e3o de arboviroses urbanas, visando despertar a responsabilidade sanit\u00e1ria individual e coletiva. Quando necess\u00e1rio, a popula\u00e7\u00e3o pode fazer pedidos de vistoria ou denunciar poss\u00edveis focos do mosquito pela Central 1746 de atendimento ao cidad\u00e3o, pelo telefone ou site.<\/p>\n<p>             <!-- Compartilhe ---><\/p>\n<p>\t\t\t <!-- TAGS --><\/p>\n<section class=\"category-tags\">\n<div class=\"marcacao-category\">\n<article class=\"category-post\">\n<p>Categoria: <\/p>\n<\/article>\n<li>19 de mar\u00e7o de 2025<\/li><\/div>\n<article class=\"tags\">\n\t\t\t\t\tMarca\u00e7\u00f5es: Agentes de sa\u00fade mirins combate \u00e0 dengue Prefeitura do Rio preven\u00e7\u00e3o sa\u00fade Secretaria Municipal de Sa\u00fade<br \/><\/article>\n<\/section>\n<p>            <!-- Mais Not&iacute;cias --><\/p>\n<p>\t\t<!-- Conte&uacute;do SIDEBAR --><\/p><\/div>\n","protected":false},"excerpt":{"rendered":"<p>A\u00e7\u00e3o realizada em escola municipal objetiva conscientizar crian\u00e7as sobre cuidados preventivos &#8211; Edu Kapps\/SMS Agentes&#8230;<\/p>\n","protected":false},"author":2,"featured_media":0,"comment_status":"","ping_status":"","sticky":false,"template":"","format":"standard","meta":{"footnotes":""},"categories":[2],"tags":[],"class_list":["post-19837","post","type-post","status-publish","format-standard","hentry","category-jogos-ao-vivo"],"amp_enabled":true,"_links":{"self":[{"href":"https:\/\/ipatingafc.com.br\/index.php\/wp-json\/wp\/v2\/posts\/19837","targetHints":{"allow":["GET"]}}],"collection":[{"href":"https:\/\/ipatingafc.com.br\/index.php\/wp-json\/wp\/v2\/posts"}],"about":[{"href":"https:\/\/ipatingafc.com.br\/index.php\/wp-json\/wp\/v2\/types\/post"}],"author":[{"embeddable":true,"href":"https:\/\/ipatingafc.com.br\/index.php\/wp-json\/wp\/v2\/users\/2"}],"replies":[{"embeddable":true,"href":"https:\/\/ipatingafc.com.br\/index.php\/wp-json\/wp\/v2\/comments?post=19837"}],"version-history":[{"count":0,"href":"https:\/\/ipatingafc.com.br\/index.php\/wp-json\/wp\/v2\/posts\/19837\/revisions"}],"wp:attachment":[{"href":"https:\/\/ipatingafc.com.br\/index.php\/wp-json\/wp\/v2\/media?parent=19837"}],"wp:term":[{"taxonomy":"category","embeddable":true,"href":"https:\/\/ipatingafc.com.br\/index.php\/wp-json\/wp\/v2\/categories?post=19837"},{"taxonomy":"post_tag","embeddable":true,"href":"https:\/\/ipatingafc.com.br\/index.php\/wp-json\/wp\/v2\/tags?post=19837"}],"curies":[{"name":"wp","href":"https:\/\/api.w.org\/{rel}","templated":true}]}}