{"id":19843,"date":"2025-03-19T21:43:59","date_gmt":"2025-03-20T00:43:59","guid":{"rendered":"https:\/\/ipatingafc.com.br\/index.php\/2025\/03\/19\/segunda-edicao-do-ano-do-quarta-com-o-prefeito-reune-aproximadamente-1-000-pessoas-nesta-quarta-feira-19-agencia-de-noticias\/"},"modified":"2025-03-19T21:43:59","modified_gmt":"2025-03-20T00:43:59","slug":"segunda-edicao-do-ano-do-quarta-com-o-prefeito-reune-aproximadamente-1-000-pessoas-nesta-quarta-feira-19-agencia-de-noticias","status":"publish","type":"post","link":"https:\/\/ipatingafc.com.br\/index.php\/2025\/03\/19\/segunda-edicao-do-ano-do-quarta-com-o-prefeito-reune-aproximadamente-1-000-pessoas-nesta-quarta-feira-19-agencia-de-noticias\/","title":{"rendered":"Segunda edi\u00e7\u00e3o do ano do \u201cQuarta com o Prefeito\u201d re\u00fane aproximadamente 1.000 pessoas nesta quarta-feira (19) \u2013 Ag\u00eancia de Not\u00edcias"},"content":{"rendered":"<p><\/p>\n<div wp_automatic_readability=\"31\">\n<div class=\"col\" wp_automatic_readability=\"7\">\n<p class=\"mt-0\">\n                        <strong><br \/>\n                            <span class=\"far fa-calendar mr-1 mt-2\"\/><br \/>\n                            19 de mar\u00e7o de 2025<br \/>\n                            <span class=\"far fa-clock ml-3 mt-2\"\/><br \/>\n                            17:08<br \/>\n                        <\/strong>\n                    <\/p>\n<p class=\"mb-0\">Por: <strong>Rose Campos<\/strong><\/p>\n<\/p><\/div>\n<\/p><\/div>\n<div wp_automatic_readability=\"136.86765484383\">\n<p>\u00a0<\/p>\n<p><em>Fotos: Renata Giron<\/em><\/p>\n<p class=\"western\" align=\"left\"><span style=\"font-size: medium;\">O programa \u201cQuarta com o Prefeito\u201d, nesta quarta-feira (19), mais uma vez, lotou as depend\u00eancias do Teatro Municipal \u201cTeot\u00f4nio Vilela\u201d (TMTV). Foi a segunda edi\u00e7\u00e3o de 2025, reunindo um p\u00fablico de, aproximadamente, 1.000 pessoas, no per\u00edodo entre 9h e 16h. Al\u00e9m de mun\u00edcipes, que chegam com suas demandas, ou mesmo para agradecer o chefe do Executivo sorocabano e sua equipe, esses eventos mensais v\u00eam atraindo, cada vez, mais, pessoas e organiza\u00e7\u00f5es de outras cidades.<\/span><\/p>\n<p>Entre os exemplos, \u00e9 poss\u00edvel citar Fernanda King, de uma empresa de consultoria em educa\u00e7\u00e3o. Ela veio da cidade de S\u00e3o Paulo, interessada n\u00e3o apenas em conhecer melhor o trabalho de Sorocaba nessa \u00e1rea, bem como apresentar os trabalhos que realiza, voltados \u00e0 primeira inf\u00e2ncia e que ela define como educa\u00e7\u00e3o humanizada.<\/p>\n<p>Tamb\u00e9m compareceram o vice-prefeito do munic\u00edpio de Rio das Pedras, do interior de S\u00e3o Paulo, Tutinho, e o diretor de Seguran\u00e7a P\u00fablica da cidade, Jo\u00e3o de Oliveira. \u201cViemos trazer uma homenagem ao prefeito Rodrigo Manga. Al\u00e9m do trabalho que ele faz como prefeito, vemos que, como pessoa, ele \u00e9 uma pessoa exemplar e de muita capacidade. Caso contr\u00e1rio, n\u00e3o venceria tantos desafios dif\u00edceis, como prefeito. Nossa cidade \u00e9 pequena, com cerca de 35 mil habitantes, mas, ainda assim, alguns dos problemas que enfrentamos s\u00e3o muito parecidos ao de uma metr\u00f3pole como Sorocaba. Da\u00ed a import\u00e2ncia desse interc\u00e2mbio e di\u00e1logo entre os munic\u00edpios\u201d, afirmou Tutinho.<\/p>\n<p>Tamb\u00e9m a pedagoga e <em>coach<\/em> Jaqueline Marques resolveu sair de sua cidade, Osasco, para vir at\u00e9 Sorocaba encontrar o prefeito Rodrigo Manga, conhecer um pouco do trabalho que \u00e9 oferecido durante o \u201cQuarta com o Prefeito\u201d e fazer um convite para que o chefe do Executivo sorocabano conhe\u00e7a sua cidade e um pouco do trabalho que ela realiza l\u00e1. \u201cVim trazer um convite e espero que ele possa ir at\u00e9 l\u00e1. Acompanho tudo o que ele posta sobre Sorocaba nas redes sociais\u201d, disse ela.<\/p>\n<p>Em paralelo \u00e0s conversas com o prefeito, mun\u00edcipes tamb\u00e9m acessaram as mesas de todas as secretarias e autarquias da cidade, buscando orienta\u00e7\u00f5es e informa\u00e7\u00f5es, d\u00favidas, reclama\u00e7\u00f5es e at\u00e9 sugest\u00f5es para a Administra\u00e7\u00e3o P\u00fablica.<\/p>\n<p>Durante todo o dia, ainda, se sucederam os registros de ve\u00edculos da imprensa e de canais digitais, a exemplo das entrevistas feitas pela plataforma UOL, de S\u00e3o Paulo, e pelo portal RMS News, de Sorocaba.<\/p>\n<p>A iniciativa de realizar mensalmente o \u201cQuarta com o Prefeito\u201d \u00e9 da Prefeitura de Sorocaba, por meio da Secretaria de Governo (Segov), contando com o apoio da Ouvidoria Geral do Munic\u00edpio. O objetivo \u00e9 aproximar, cada vez mais, o Poder P\u00fablico do cidad\u00e3o sorocabano, garantindo o acesso aos servi\u00e7os municipais e providenciando solu\u00e7\u00f5es para as necessidades da popula\u00e7\u00e3o e das comunidades.<\/p>\n<p>Al\u00e9m do prefeito Rodrigo Manga, dos secret\u00e1rios municipais, dirigentes de autarquias e equipes, a primeira-dama e presidente do Fundo Social de Solidariedade (FSS) de Sorocaba, Sirlange Frate Maganhato, esteve presente na iniciativa, atendendo o p\u00fablico. Os vereadores F\u00e1bio Simoa, Silvano J\u00fanior, Henri Arida, Fausto Peres, Jo\u00e3o Donizete, que \u00e9 tamb\u00e9m l\u00edder do governo na C\u00e2mara, e Rodolfo Ganem tamb\u00e9m participaram do evento.<\/p>\n<p>O p\u00fablico ainda teve \u00e0 disposi\u00e7\u00e3o o atendimento do \u00d4nibus Azul e \u00d4nibus Rosa e aferi\u00e7\u00e3o de press\u00e3o e glicemia no Teatro Municipal, al\u00e9m dos servi\u00e7os dos postos m\u00f3veis do Procon Sorocaba e da unidade local do Sistema Nacional de Emprego (Sine). A pr\u00f3xima edi\u00e7\u00e3o da \u201cQuarta com o Prefeito\u201d ser\u00e1 no dia 2 de abril, com divulga\u00e7\u00e3o pr\u00e9via no site da Prefeitura de Sorocaba (https:\/\/www.sorocaba.sp.gov.br\/) e nos demais canais oficias do Munic\u00edpio.<\/p>\n<p><!-- Root element of PhotoSwipe. Must have class pswp. --><\/p>\n<p>\u00a0<\/p>\n<\/p><\/div>\n","protected":false},"excerpt":{"rendered":"<p>19 de mar\u00e7o de 2025 17:08 Por: Rose Campos \u00a0 Fotos: Renata Giron O programa&#8230;<\/p>\n","protected":false},"author":2,"featured_media":0,"comment_status":"","ping_status":"","sticky":false,"template":"","format":"standard","meta":{"footnotes":""},"categories":[2],"tags":[],"class_list":["post-19843","post","type-post","status-publish","format-standard","hentry","category-jogos-ao-vivo"],"amp_enabled":true,"_links":{"self":[{"href":"https:\/\/ipatingafc.com.br\/index.php\/wp-json\/wp\/v2\/posts\/19843","targetHints":{"allow":["GET"]}}],"collection":[{"href":"https:\/\/ipatingafc.com.br\/index.php\/wp-json\/wp\/v2\/posts"}],"about":[{"href":"https:\/\/ipatingafc.com.br\/index.php\/wp-json\/wp\/v2\/types\/post"}],"author":[{"embeddable":true,"href":"https:\/\/ipatingafc.com.br\/index.php\/wp-json\/wp\/v2\/users\/2"}],"replies":[{"embeddable":true,"href":"https:\/\/ipatingafc.com.br\/index.php\/wp-json\/wp\/v2\/comments?post=19843"}],"version-history":[{"count":0,"href":"https:\/\/ipatingafc.com.br\/index.php\/wp-json\/wp\/v2\/posts\/19843\/revisions"}],"wp:attachment":[{"href":"https:\/\/ipatingafc.com.br\/index.php\/wp-json\/wp\/v2\/media?parent=19843"}],"wp:term":[{"taxonomy":"category","embeddable":true,"href":"https:\/\/ipatingafc.com.br\/index.php\/wp-json\/wp\/v2\/categories?post=19843"},{"taxonomy":"post_tag","embeddable":true,"href":"https:\/\/ipatingafc.com.br\/index.php\/wp-json\/wp\/v2\/tags?post=19843"}],"curies":[{"name":"wp","href":"https:\/\/api.w.org\/{rel}","templated":true}]}}