{"id":22908,"date":"2025-05-14T23:34:52","date_gmt":"2025-05-15T02:34:52","guid":{"rendered":"https:\/\/ipatingafc.com.br\/index.php\/2025\/05\/14\/comlurb-50-anos-exposicao-no-galpao-das-artes-exalta-o-gari-prefeitura-da-cidade-do-rio-de-janeiro\/"},"modified":"2025-05-14T23:34:52","modified_gmt":"2025-05-15T02:34:52","slug":"comlurb-50-anos-exposicao-no-galpao-das-artes-exalta-o-gari-prefeitura-da-cidade-do-rio-de-janeiro","status":"publish","type":"post","link":"https:\/\/ipatingafc.com.br\/index.php\/2025\/05\/14\/comlurb-50-anos-exposicao-no-galpao-das-artes-exalta-o-gari-prefeitura-da-cidade-do-rio-de-janeiro\/","title":{"rendered":"Comlurb 50 anos: exposi\u00e7\u00e3o no Galp\u00e3o das Artes exalta o gari &#8211; Prefeitura da Cidade do Rio de Janeiro"},"content":{"rendered":"<p><\/p>\n<div id=\"main\">\n<div class=\"wrapper-breadcrumbs\" wp_automatic_readability=\"74.345987506007\">\n<div class=\"image-post\" wp_automatic_readability=\"32\">\n                     As obras expostas mostram a diversidade cultural em variados g\u00eaneros art\u00edsticos &#8211; Divulga\u00e7\u00e3o                  <\/div>\n<p>A Comlurb comemora nesta quinta-feira (15\/5) seus 50 anos e na sexta (16\/5) o Dia do Gari. As datas ser\u00e3o celebradas antecipadamente, nesta quarta-feira (14\/5), \u00e0s 11h, com a abertura da exposi\u00e7\u00e3o coletiva Expo Gari 2025 \u2013 Al\u00e9m da vassoura, a Magia da Arte. A mostra, instalada no Galp\u00e3o das Artes Urbanas Helio G. Pellegrino, na G\u00e1vea, homenageia os trabalhadores da limpeza urbana que reutilizam materiais retirados do pr\u00f3prio servi\u00e7o de limpeza e transformam em artes sustent\u00e1veis.<\/p>\n<p>As obras expostas mostram a diversidade cultural em variados g\u00eaneros art\u00edsticos. Em comum, as pe\u00e7as t\u00eam uma linguagem \u00fanica que passa pela conscientiza\u00e7\u00e3o e a cidadania: a arte sustent\u00e1vel. A Expo Gari 2025 re\u00fane obras de garis de v\u00e1rios setores da Comlurb, que trabalham na limpeza de escolas e de hospitais municipais, no manejo arb\u00f3reo, na Oficina de Troncos, no Ecoparque do Caju e no Galp\u00e3o das Artes. O evento contar\u00e1 com a presen\u00e7a dos garis artistas, convidados e p\u00fablico em geral, e a exposi\u00e7\u00e3o poder\u00e1 ser visitada at\u00e9 27 de junho, gratuitamente.<\/p>\n<p>A exibi\u00e7\u00e3o mostra que os garis s\u00e3o tamb\u00e9m poetas, escritores, escultores e pintores. Na Expo Gari 2025, os artistas mostram seus poemas e outras obras liter\u00e1rias, pinturas e esculturas, especialmente as criadas com madeiras provenientes de \u00e1rvores ca\u00eddas, troncos e galhos da poda retirados pelo servi\u00e7o de manejo arb\u00f3reo da cidade. A busca por solu\u00e7\u00f5es sustent\u00e1veis e art\u00edsticas contribui ainda para a diminui\u00e7\u00e3o de lixo nos aterros e, consequente, preserva\u00e7\u00e3o do meio ambiente.<\/p>\n<p>O reaproveitamento de troncos e grandes galhos de \u00e1rvores retirados das opera\u00e7\u00f5es de manejo de \u00e1rvores ou quedas na cidade \u00e9 feito na Oficina de Troncos da Comlurb, no Catiri, em Bangu. No local, garis e empregados em outras atividades com voca\u00e7\u00e3o art\u00edstica transformam o material, que antes era destinado ao Centro de Tratamento de Res\u00edduos, em Serop\u00e9dica, em pe\u00e7as de mobili\u00e1rio, como mesas, bancos, pergolados, caminhos de bolacha e brinquedos, utilizados em pra\u00e7as e parques da cidade.<\/p>\n<p>J\u00e1 os res\u00edduos das podas s\u00e3o aproveitados no EcoParque do Caju para produ\u00e7\u00e3o do composto org\u00e2nico Fertilub, usado na regenera\u00e7\u00e3o de solos e em substrato para viveiros de mudas, insumo para o reflorestamento da Floresta da Tijuca e aduba\u00e7\u00e3o de plantas em pra\u00e7as e jardins da cidade.<\/p>\n<p>Segue a rela\u00e7\u00e3o dos garis que participar\u00e3o da exposi\u00e7\u00e3o com suas pe\u00e7as: garis na literatura: o escritor Valdeci Boareto e as poetas Bruna Maria Gomes, Maria das Gra\u00e7as Pimenta Ribeiro (Gracinha Pimenta) e M\u00e1rio Luiz Pereira Silva; Garis nas artes pl\u00e1sticas: desenho, pintura e arte com pneus: Ederlan Matos Almeida e Jonaisa D\u00b4\u00c1vila Cust\u00f3dio (Isa D\u00b4\u00c1vila), e entalhe em madeira de \u00e1rvores e galhos do manejo arb\u00f3reo e da F\u00e1brica de Troncos: Carlos Eduardo Jo\u00e3o de Azevedo (Jo\u00e3o), Felipe Matias, Fernando Paiva, marcos Souza e Miguel Nascimento.<\/p>\n<p>\u00a0<\/p>\n<p><strong>Servi\u00e7o:<\/strong><\/p>\n<p>Exposi\u00e7\u00e3o: Expo Gari 2025 \u2013 al\u00e9m da vassoura, a magia da arte<br \/>Abertura: 14\/5 \u2013 11 h<br \/>Visita\u00e7\u00e3o: 14\/5 a 27\/6, sempre nos dias \u00fateis, das 9h \u00e0s 17h<br \/>Local: Galp\u00e3o das Artes Urbanas Helio G. Pellegrino\/Comlurb<br \/>Endere\u00e7o : Av. Padre Leonel Franca s\/n\u00ba \u2013 G\u00e1vea (sob o Viaduto Lagoa-Barra, em frente ao Planet\u00e1rio da Cidade)<br \/>Entrada gratuita<br \/>Contato:\u00a0galpaodasartes@gmail.com<\/p>\n<p>             <!-- Compartilhe ---><\/p>\n<p>\t\t\t <!-- TAGS --><\/p>\n<section class=\"category-tags\">\n<div class=\"marcacao-category\">\n<article class=\"category-post\">\n<p>Categoria: <\/p>\n<\/article>\n<li>13 de maio de 2025<\/li><\/div>\n<article class=\"tags\">\n\t\t\t\t\tMarca\u00e7\u00f5es: Anivers\u00e1rio Anivers\u00e1rio de 50 anos Comlurb Expo Gari 2025 Exposi\u00e7\u00e3o Galp\u00e3o das artes urbanas<br \/><\/article>\n<\/section>\n<p>            <!-- Mais Not&iacute;cias --><\/p>\n<p>\t\t<!-- Conte&uacute;do SIDEBAR --><\/p><\/div>\n<\/p><\/div>\n","protected":false},"excerpt":{"rendered":"<p>As obras expostas mostram a diversidade cultural em variados g\u00eaneros art\u00edsticos &#8211; Divulga\u00e7\u00e3o A Comlurb&#8230;<\/p>\n","protected":false},"author":2,"featured_media":0,"comment_status":"","ping_status":"","sticky":false,"template":"","format":"standard","meta":{"footnotes":""},"categories":[2],"tags":[],"class_list":["post-22908","post","type-post","status-publish","format-standard","hentry","category-jogos-ao-vivo"],"amp_enabled":true,"_links":{"self":[{"href":"https:\/\/ipatingafc.com.br\/index.php\/wp-json\/wp\/v2\/posts\/22908","targetHints":{"allow":["GET"]}}],"collection":[{"href":"https:\/\/ipatingafc.com.br\/index.php\/wp-json\/wp\/v2\/posts"}],"about":[{"href":"https:\/\/ipatingafc.com.br\/index.php\/wp-json\/wp\/v2\/types\/post"}],"author":[{"embeddable":true,"href":"https:\/\/ipatingafc.com.br\/index.php\/wp-json\/wp\/v2\/users\/2"}],"replies":[{"embeddable":true,"href":"https:\/\/ipatingafc.com.br\/index.php\/wp-json\/wp\/v2\/comments?post=22908"}],"version-history":[{"count":0,"href":"https:\/\/ipatingafc.com.br\/index.php\/wp-json\/wp\/v2\/posts\/22908\/revisions"}],"wp:attachment":[{"href":"https:\/\/ipatingafc.com.br\/index.php\/wp-json\/wp\/v2\/media?parent=22908"}],"wp:term":[{"taxonomy":"category","embeddable":true,"href":"https:\/\/ipatingafc.com.br\/index.php\/wp-json\/wp\/v2\/categories?post=22908"},{"taxonomy":"post_tag","embeddable":true,"href":"https:\/\/ipatingafc.com.br\/index.php\/wp-json\/wp\/v2\/tags?post=22908"}],"curies":[{"name":"wp","href":"https:\/\/api.w.org\/{rel}","templated":true}]}}