{"id":24014,"date":"2025-06-10T21:28:57","date_gmt":"2025-06-11T00:28:57","guid":{"rendered":"https:\/\/ipatingafc.com.br\/index.php\/2025\/06\/10\/motta-diz-que-vai-levar-ao-plenario-perda-do-mandato-de-carla-zambelli\/"},"modified":"2025-06-10T21:28:57","modified_gmt":"2025-06-11T00:28:57","slug":"motta-diz-que-vai-levar-ao-plenario-perda-do-mandato-de-carla-zambelli","status":"publish","type":"post","link":"https:\/\/ipatingafc.com.br\/index.php\/2025\/06\/10\/motta-diz-que-vai-levar-ao-plenario-perda-do-mandato-de-carla-zambelli\/","title":{"rendered":"Motta diz que vai levar ao plen\u00e1rio perda do mandato de Carla Zambelli"},"content":{"rendered":"<p><\/p>\n<div wp_automatic_readability=\"69.370629370629\">\n<p>O <strong>presidente da C\u00e2mara dos Deputados, Hugo Motta (Republicanos-PB), afirmou hoje (10) que caber\u00e1 ao plen\u00e1rio da Casa decidir sobre a perda do mandato da deputada Carla Zambelli (PL-SP)<\/strong>. No s\u00e1bado (7), o <strong>ministro do Supremo Tribunal Federal (STF), Alexandre de Moraes determinou, al\u00e9m da perda do mandato, que Zambelli comece a cumprir, de forma definitiva, a pena de 10 anos de pris\u00e3o pela invas\u00e3o ao sistema do Conselho Nacional de Justi\u00e7a (CNJ)<\/strong>. O ministro converteu, de preventiva para definitiva, a pris\u00e3o da parlamentar.<\/p>\n<blockquote wp_automatic_readability=\"7\">\n<p>\u201cEu darei o cumprimento regimental. N\u00f3s vamos notificar para que ela possa se defender e a palavra final ser\u00e1 a palavra do plen\u00e1rio. Isso \u00e9 cumprir a decis\u00e3o.\u201d, disse Motta.<\/p>\n<\/blockquote>\n<p>Ontem (9), o presidente da C\u00e2mara\u00a0disse que o Parlamento cumpriria\u00a0a determina\u00e7\u00e3o do STF de\u00a0declarar\u00a0a cassa\u00e7\u00e3o do mandato da deputada, que tamb\u00e9m teve decretado o bloqueio das contas banc\u00e1rias e ativos financeiros.<\/p>\n<p><strong>Potencial de estados com cr\u00e9dito de carbono na Amaz\u00f4nia passa de 10 bi<\/strong><\/p>\n<p><strong>Braga Netto nega ter repassado dinheiro em sacola a Mauro Cid<\/strong><\/p>\n<blockquote wp_automatic_readability=\"8\">\n<p>\u201cEssa decis\u00e3o poderia ser cumprida pela Mesa [Diretora] ou pelo Plen\u00e1rio. E \u00e9 o Plen\u00e1rio que tem a legitimidade desta Casa e ele decide para onde a Casa vai. Ele \u00e9 soberano e est\u00e1 acima de cada um de n\u00f3s\u201d, declarou.<\/p>\n<\/blockquote>\n<p>A C\u00e2mara dos Deputados autorizou, na quinta-feira (5), o pedido de licen\u00e7a n\u00e3o remunerada\u00a0da deputada, apresentado no dia 29, 6 dias antes da parlamentar, condenada a 10 anos de pris\u00e3o pelo Supremo Tribunal Federal (STF), tornar p\u00fablico que havia deixado o Brasil.<\/p>\n<p>Em meados de maio, a Primeira Turma do STF condenou\u00a0Zambelli a dez anos de pris\u00e3o e \u00e0 perda do mandato.\u00a0 A pena foi aplicada a Zambelli e o <em>hacker<\/em>, r\u00e9u confesso e tamb\u00e9m condenado no mesmo processo, Walter Delgatti, por terem invadido o sistema eletr\u00f4nico do Conselho Nacional de Justi\u00e7a (CNJ), onde inseriram documentos falsos, incluindo um mandato de pris\u00e3o fraudulento contra o ministro do STF, Alexandre de Moraes.<\/p>\n<p>Na \u00faltima sexta-feira (6), a mesma Primeira Turma rejeitou\u00a0os recursos que a deputada apresentou\u00a0a fim de tentar reverter a senten\u00e7a inicial.<\/p>\n<p><strong>Ex-ministro diz que alertou Bolsonaro sobre gravidade de golpe<\/strong><\/p>\n<p><strong>General ex-chefe do GSI nega envolvimento em suposto plano golpista<\/strong><\/p>\n<p>A confirma\u00e7\u00e3o da condena\u00e7\u00e3o de Zambelli foi anunciada tr\u00eas dias ap\u00f3s a parlamentar anunciar que deixou o Brasil\u00a0com o prop\u00f3sito de se estabelecer na Europa e, assim, evitar ser\u00a0presa.<\/p>\n<p><strong>Um dia antes, o Banco Central informou ao STF que emitiu a ordem de bloqueio\u00a0das contas banc\u00e1rias e ativos financeiros da deputada Carla Zambelli (PL-SP)<\/strong>. A <strong>medida foi autorizada na quarta-feira\u00a0(4) pelo ministro Alexandre de Moraes, ap\u00f3s a expedi\u00e7\u00e3o do mandado de pris\u00e3o da deputada, que fugiu do Brasil semanas ap\u00f3s ser condenada.<\/strong><\/p>\n<p>\u00a0<\/p>\n<\/div>\n","protected":false},"excerpt":{"rendered":"<p>O presidente da C\u00e2mara dos Deputados, Hugo Motta (Republicanos-PB), afirmou hoje (10) que caber\u00e1 ao&#8230;<\/p>\n","protected":false},"author":2,"featured_media":0,"comment_status":"","ping_status":"","sticky":false,"template":"","format":"standard","meta":{"footnotes":""},"categories":[2],"tags":[],"class_list":["post-24014","post","type-post","status-publish","format-standard","hentry","category-jogos-ao-vivo"],"amp_enabled":true,"_links":{"self":[{"href":"https:\/\/ipatingafc.com.br\/index.php\/wp-json\/wp\/v2\/posts\/24014","targetHints":{"allow":["GET"]}}],"collection":[{"href":"https:\/\/ipatingafc.com.br\/index.php\/wp-json\/wp\/v2\/posts"}],"about":[{"href":"https:\/\/ipatingafc.com.br\/index.php\/wp-json\/wp\/v2\/types\/post"}],"author":[{"embeddable":true,"href":"https:\/\/ipatingafc.com.br\/index.php\/wp-json\/wp\/v2\/users\/2"}],"replies":[{"embeddable":true,"href":"https:\/\/ipatingafc.com.br\/index.php\/wp-json\/wp\/v2\/comments?post=24014"}],"version-history":[{"count":0,"href":"https:\/\/ipatingafc.com.br\/index.php\/wp-json\/wp\/v2\/posts\/24014\/revisions"}],"wp:attachment":[{"href":"https:\/\/ipatingafc.com.br\/index.php\/wp-json\/wp\/v2\/media?parent=24014"}],"wp:term":[{"taxonomy":"category","embeddable":true,"href":"https:\/\/ipatingafc.com.br\/index.php\/wp-json\/wp\/v2\/categories?post=24014"},{"taxonomy":"post_tag","embeddable":true,"href":"https:\/\/ipatingafc.com.br\/index.php\/wp-json\/wp\/v2\/tags?post=24014"}],"curies":[{"name":"wp","href":"https:\/\/api.w.org\/{rel}","templated":true}]}}