{"id":24015,"date":"2025-06-10T22:09:55","date_gmt":"2025-06-11T01:09:55","guid":{"rendered":"https:\/\/ipatingafc.com.br\/index.php\/2025\/06\/10\/pedro-severino-recebe-alta-apos-98-dias-de-tratamento\/"},"modified":"2025-06-10T22:09:55","modified_gmt":"2025-06-11T01:09:55","slug":"pedro-severino-recebe-alta-apos-98-dias-de-tratamento","status":"publish","type":"post","link":"https:\/\/ipatingafc.com.br\/index.php\/2025\/06\/10\/pedro-severino-recebe-alta-apos-98-dias-de-tratamento\/","title":{"rendered":"Pedro Severino recebe alta ap\u00f3s 98 dias de tratamento"},"content":{"rendered":"<p><\/p>\n<div wp_automatic_readability=\"49.256603773585\">\n<p>O jogador Pedro Severino, da equipe sub-20 do Bragantino, recebeu alta m\u00e9dica ap\u00f3s 98 dias de tratamento, informou a equipe de Bragan\u00e7a Paulista nesta ter\u00e7a-feira (10). Segundo a nota do Massa Bruta, o atleta seguir\u00e1 \u201cprocesso de recupera\u00e7\u00e3o motora, neurol\u00f3gica e f\u00edsica em casa\u201d.<\/p>\n<p>O atleta de 19 anos de idade e seu companheiro de equipe Pedro Castro ficaram feridos em um acidente de tr\u00e2nsito no dia 4 de mar\u00e7o na Rodovia Anhanguera. Segundo o Bragantino, os atletas estavam em um ve\u00edculo que colidiu com uma carreta. Nenhum dos jogadores dirigia o ve\u00edculo no momento do acidente. Pedro Castro teve apenas ferimentos leves.<\/p>\n<p>J\u00e1 Pedro Severino foi encaminhado inicialmente ao Hospital Municipal Dr. Waldemar Tebaldi, em Americana, onde passou por cirurgia por causa de um traumatismo craniano. O atleta permaneceu dois dias na Unidade de Terapia Intensiva (UTI) da institui\u00e7\u00e3o e, no dia 6 de mar\u00e7o, foi transferido para um hospital particular em Ribeir\u00e3o Preto.<\/p>\n<p><strong>Bragantino x Bahia ; Hor\u00e1rio, Onde Assistir, Placar ao vivo, e Palpites para o Brasileir\u00e3o S\u00e9rie A 2025<\/strong><\/p>\n<p><strong>Gr\u00eamio x Corinthians; Hor\u00e1rio, Onde Assistir, Placar ao vivo, e Palpites para o Brasileir\u00e3o S\u00e9rie A 2025<\/strong><\/p>\n<p>Nesta nova etapa do tratamento, Pedro permaneceu monitorado na UTI, passando por diversos exames e procedimentos cir\u00fargicos, incluindo a reconstru\u00e7\u00e3o da parte frontal do cr\u00e2nio, que foi considerada bem-sucedida.<\/p>\n<p>\u201cO Red Bull Bragantino agradece o carinho e a solidariedade de todos que, de alguma forma, estiveram ao lado de Pedro e sua fam\u00edlia ao longo dos \u00faltimos meses. O clube seguir\u00e1 acompanhando de perto sua evolu\u00e7\u00e3o e refor\u00e7a que permanece integralmente \u00e0 disposi\u00e7\u00e3o para oferecer todo o suporte necess\u00e1rio neste novo momento da recupera\u00e7\u00e3o\u201d, diz a nota da equipe de Bragan\u00e7a Paulista.<\/p>\n<\/div>\n","protected":false},"excerpt":{"rendered":"<p>O jogador Pedro Severino, da equipe sub-20 do Bragantino, recebeu alta m\u00e9dica ap\u00f3s 98 dias&#8230;<\/p>\n","protected":false},"author":2,"featured_media":0,"comment_status":"","ping_status":"","sticky":false,"template":"","format":"standard","meta":{"footnotes":""},"categories":[2],"tags":[],"class_list":["post-24015","post","type-post","status-publish","format-standard","hentry","category-jogos-ao-vivo"],"amp_enabled":true,"_links":{"self":[{"href":"https:\/\/ipatingafc.com.br\/index.php\/wp-json\/wp\/v2\/posts\/24015","targetHints":{"allow":["GET"]}}],"collection":[{"href":"https:\/\/ipatingafc.com.br\/index.php\/wp-json\/wp\/v2\/posts"}],"about":[{"href":"https:\/\/ipatingafc.com.br\/index.php\/wp-json\/wp\/v2\/types\/post"}],"author":[{"embeddable":true,"href":"https:\/\/ipatingafc.com.br\/index.php\/wp-json\/wp\/v2\/users\/2"}],"replies":[{"embeddable":true,"href":"https:\/\/ipatingafc.com.br\/index.php\/wp-json\/wp\/v2\/comments?post=24015"}],"version-history":[{"count":0,"href":"https:\/\/ipatingafc.com.br\/index.php\/wp-json\/wp\/v2\/posts\/24015\/revisions"}],"wp:attachment":[{"href":"https:\/\/ipatingafc.com.br\/index.php\/wp-json\/wp\/v2\/media?parent=24015"}],"wp:term":[{"taxonomy":"category","embeddable":true,"href":"https:\/\/ipatingafc.com.br\/index.php\/wp-json\/wp\/v2\/categories?post=24015"},{"taxonomy":"post_tag","embeddable":true,"href":"https:\/\/ipatingafc.com.br\/index.php\/wp-json\/wp\/v2\/tags?post=24015"}],"curies":[{"name":"wp","href":"https:\/\/api.w.org\/{rel}","templated":true}]}}