{"id":24016,"date":"2025-06-10T22:12:53","date_gmt":"2025-06-11T01:12:53","guid":{"rendered":"https:\/\/ipatingafc.com.br\/index.php\/2025\/06\/10\/jovens-de-santa-cruz-participam-de-visita-guiada-a-cidade-das-artes-prefeitura-da-cidade-do-rio-de-janeiro\/"},"modified":"2025-06-10T22:12:53","modified_gmt":"2025-06-11T01:12:53","slug":"jovens-de-santa-cruz-participam-de-visita-guiada-a-cidade-das-artes-prefeitura-da-cidade-do-rio-de-janeiro","status":"publish","type":"post","link":"https:\/\/ipatingafc.com.br\/index.php\/2025\/06\/10\/jovens-de-santa-cruz-participam-de-visita-guiada-a-cidade-das-artes-prefeitura-da-cidade-do-rio-de-janeiro\/","title":{"rendered":"Jovens de Santa Cruz participam de visita guiada \u00e0 Cidade das Artes &#8211; Prefeitura da Cidade do Rio de Janeiro"},"content":{"rendered":"<p><\/p>\n<div id=\"main\">\n<div class=\"wrapper-breadcrumbs\" wp_automatic_readability=\"64.701205727204\">\n<div class=\"image-post\" wp_automatic_readability=\"32\">\n                     Os jovens conheceram o maior complexo cultural do Rio de Janeiro. Foto: Divulga\u00e7\u00e3o\/Riotur                  <\/div>\n<p class=\"Standard\">A Cidade das Artes recebeu, nesta ter\u00e7a-feira (10\/06), cerca de 40 jovens de Santa Cruz, na Zona Oeste, para participarem do projeto Visita Guiada, que conta a hist\u00f3ria do maior complexo cultural do Rio. A atividade foi voltada para um grupo de alunos do Col\u00e9gio Estadual Erich Walter Heine, que participa dos projetos de m\u00fasica e dan\u00e7a da escola, e para os integrantes do grupo de teatro da ONG Ser Cidad\u00e3o, e teve o apoio da Ternium (maior sider\u00fargica da Am\u00e9rica Latina).<\/p>\n<blockquote wp_automatic_readability=\"15\">\n<p class=\"Standard\">\u2013 Al\u00e9m de levar ao p\u00fablico os detalhes dos teatros e produ\u00e7\u00f5es, utilizamos as visitas guiadas para mostrar aos jovens novas possibilidades de trabalho. Eles podem conhecer profiss\u00f5es na \u00e1rea teatral que v\u00e3o al\u00e9m da atua\u00e7\u00e3o, t\u00e9cnicos de som e de luz, contrarregras, produtores. A Cidade das Artes tem como uma de suas premissas a inclus\u00e3o do p\u00fablico, tanto pelo projeto de forma\u00e7\u00e3o de plateia, quanto no entendimento dos espa\u00e7os de arte e cultura da cidade \u2013 explica a presidente da Cidade das Artes, Daniela Santa Cruz.<\/p>\n<\/blockquote>\n<p class=\"Standard\">Iniciado em 2023, o projeto Visita Guiada atende pessoas interessadas em conhecer os ambientes externos, os teatros, as curiosidades e caracter\u00edsticas de cada lugar da Cidade das Artes, planejada pelo arquiteto franc\u00eas Christian Portzamparc.<\/p>\n<p class=\"Standard\">O professor de Artes do Col\u00e9gio Estadual Erich Walter Heine, Alexandre Telles, disse que esse tipo de atividade \u00e9 fundamental para incluir esses jovens na sociedade:<\/p>\n<blockquote wp_automatic_readability=\"9\">\n<p class=\"Standard\">\u2013 A maioria dos alunos nunca saiu de Santa Cruz. Se eles n\u00e3o s\u00e3o trazidos para um lugar como a Cidade das Artes, eles ficam presos a realidade deles. Essa iniciativa \u00e9 muito importante para abrir a vis\u00e3o deles sobre o futuro e para eles conhecerem as diversas profiss\u00f5es que podem ter na \u00e1rea cultural.<\/p>\n<\/blockquote>\n<p class=\"Standard\">O roteiro do Visita Guiada inclui a pra\u00e7a onde tem os espelhos d\u2019\u00e1gua, chafarizes e o jardim. O local permite a montagem de grandes shows e conven\u00e7\u00f5es como o S\u00e3o Jo\u00e3o da Cidade, que acontece nesse fim de semana (14 e 15\/06). Tamb\u00e9m fazem parte da visita a esplanada, as galerias de arte, o Teatro de C\u00e2mara, a Sala Eletroac\u00fastica, a Biblioteca Municipal Ziraldo, com mais de sete mil t\u00edtulos e computadores com acesso gratuito \u00e0 internet, as maquetes de Lego do Rio e do projeto Morrinho, as obras de arte contempor\u00e2nea de artistas consagrados, como, por exemplo, o Logo Guar\u00e1 feito de material recicl\u00e1vel pelo artista pl\u00e1stico Bordalo, e a Grande Sala, que \u00e9 o maior teatro da Cidade das Artes.<\/p>\n<p class=\"Standard\">A aluna do 1\u00ba ano do Ensino M\u00e9dio, do curso t\u00e9cnico em Administra\u00e7\u00e3o do Col\u00e9gio Estadual Erich Walter Heine, Emily Victoria, de 15 anos, ficou boquiaberta com os locais visitados e com as explica\u00e7\u00f5es t\u00e9cnicas de cada um:<\/p>\n<blockquote wp_automatic_readability=\"8\">\n<p class=\"Standard\">\u2013 Estou impressionada com o tamanho disso aqui. Mesmo sem saber o que farei no futuro, achei muito interessante essa visita. \u00c9 um aprendizado que levarei para a vida. Nunca tinha entrado em um teatro e estou muito feliz em estar aqui.<\/p>\n<\/blockquote>\n<p>Para participar do projeto Visita Guiada na Cidade das Artes, equipamento vinculado \u00e0 Secretaria Municipal de Cultura, \u00e9 necess\u00e1rio agendar a visita\u00e7\u00e3o pelo e-mail\u00a0receptivo.cidadedasartes@gmail.com<\/p>\n<p>             <!-- Compartilhe ---><\/p>\n<p>\t\t\t <!-- TAGS --><\/p>\n<section class=\"category-tags\">\n<div class=\"marcacao-category\">\n<article class=\"category-post\">\n<p>Categoria: <\/p>\n<\/article>\n<li>10 de junho de 2025<\/li><\/div>\n<article class=\"tags\">\n\t\t\t\t\tMarca\u00e7\u00f5es: barra da tijuca Cidade das Artes equipamento cultural visita guiada<br \/><\/article>\n<\/section>\n<p>            <!-- Mais Not&iacute;cias --><\/p>\n<p>\t\t<!-- Conte&uacute;do SIDEBAR --><\/p><\/div>\n<\/p><\/div>\n","protected":false},"excerpt":{"rendered":"<p>Os jovens conheceram o maior complexo cultural do Rio de Janeiro. Foto: Divulga\u00e7\u00e3o\/Riotur A Cidade&#8230;<\/p>\n","protected":false},"author":2,"featured_media":0,"comment_status":"","ping_status":"","sticky":false,"template":"","format":"standard","meta":{"footnotes":""},"categories":[2],"tags":[],"class_list":["post-24016","post","type-post","status-publish","format-standard","hentry","category-jogos-ao-vivo"],"amp_enabled":true,"_links":{"self":[{"href":"https:\/\/ipatingafc.com.br\/index.php\/wp-json\/wp\/v2\/posts\/24016","targetHints":{"allow":["GET"]}}],"collection":[{"href":"https:\/\/ipatingafc.com.br\/index.php\/wp-json\/wp\/v2\/posts"}],"about":[{"href":"https:\/\/ipatingafc.com.br\/index.php\/wp-json\/wp\/v2\/types\/post"}],"author":[{"embeddable":true,"href":"https:\/\/ipatingafc.com.br\/index.php\/wp-json\/wp\/v2\/users\/2"}],"replies":[{"embeddable":true,"href":"https:\/\/ipatingafc.com.br\/index.php\/wp-json\/wp\/v2\/comments?post=24016"}],"version-history":[{"count":0,"href":"https:\/\/ipatingafc.com.br\/index.php\/wp-json\/wp\/v2\/posts\/24016\/revisions"}],"wp:attachment":[{"href":"https:\/\/ipatingafc.com.br\/index.php\/wp-json\/wp\/v2\/media?parent=24016"}],"wp:term":[{"taxonomy":"category","embeddable":true,"href":"https:\/\/ipatingafc.com.br\/index.php\/wp-json\/wp\/v2\/categories?post=24016"},{"taxonomy":"post_tag","embeddable":true,"href":"https:\/\/ipatingafc.com.br\/index.php\/wp-json\/wp\/v2\/tags?post=24016"}],"curies":[{"name":"wp","href":"https:\/\/api.w.org\/{rel}","templated":true}]}}