{"id":24099,"date":"2025-06-12T04:55:54","date_gmt":"2025-06-12T07:55:54","guid":{"rendered":"https:\/\/ipatingafc.com.br\/index.php\/2025\/06\/12\/moraes-defende-responsabilizacao-de-big-techs-por-postagem-de-usuario\/"},"modified":"2025-06-12T04:55:54","modified_gmt":"2025-06-12T07:55:54","slug":"moraes-defende-responsabilizacao-de-big-techs-por-postagem-de-usuario","status":"publish","type":"post","link":"https:\/\/ipatingafc.com.br\/index.php\/2025\/06\/12\/moraes-defende-responsabilizacao-de-big-techs-por-postagem-de-usuario\/","title":{"rendered":"Moraes defende responsabiliza\u00e7\u00e3o de big techs por postagem de usu\u00e1rio"},"content":{"rendered":"<p><\/p>\n<div wp_automatic_readability=\"59.612582781457\">\n<p><strong>O ministro Alexandre de Moraes, do Supremo Tribunal Federal (STF), defendeu nesta quarta-feira (11) a responsabiliza\u00e7\u00e3o das plataformas que operam as redes sociais pelas postagens ilegais feitas por usu\u00e1rios.<\/strong><\/p>\n<p>A declara\u00e7\u00e3o do ministro foi feita durante o julgamento no qual a Corte decide sobre a constitucionalidade do Artigo 19 do Marco Civil da Internet (Lei 12.965\/2014), norma que estabeleceu os direitos e deveres para o uso da internet no Brasil.<\/p>\n<p>De acordo com o dispositivo, \u201ccom o intuito de assegurar a liberdade de express\u00e3o e impedir a censura\u201d, as plataformas s\u00f3 podem ser responsabilizadas pelas postagens de seus usu\u00e1rios se, ap\u00f3s ordem judicial, n\u00e3o tomarem provid\u00eancias para retirar o conte\u00fado.\u00a0<\/p>\n<p><strong>Ato protesta contra remo\u00e7\u00f5es e pelo direito \u00e0 moradia em S\u00e3o Paulo<\/strong><\/p>\n<p><strong>Governo publica conjunto de medidas relacionadas ao IOF\u00a0<\/strong><\/p>\n<p>Em um aparte ao voto de Cristiano Zanin, que tamb\u00e9m se manifestou a favor da responsabiliza\u00e7\u00e3o, Moraes disse que as plataformas se recusam a cumprir decis\u00f5es judiciais que determinam a retirada de postagens ilegais e de perfis de pessoas investigadas por crimes.<\/p>\n<p>&gt;&gt; Siga o canal da <strong>Ag\u00eancia Brasil <\/strong>no WhatsApp<\/p>\n<p>\u201cUma not\u00edcia caluniosa que ingressa [na internet], n\u00e3o importa quantas condena\u00e7\u00f5es voc\u00ea obtenha e pe\u00e7a para retirar, as <em>big techs<\/em> n\u00e3o retiram. Voc\u00ea notifica, mandando a c\u00f3pia da decis\u00e3o judicial, eles se recusam a retirar. T\u00eam que ser responsabilizados por isso\u201d, afirmou.<\/p>\n<p>At\u00e9 o momento, o<strong> placar do julgamento \u00e9\u00a05 a 1 pela responsabiliza\u00e7\u00e3o das redes<\/strong>. No final do julgamento, os ministros devem aprovar o texto final para definir as regras para aplica\u00e7\u00e3o da decis\u00e3o.<\/p>\n<p><strong>Com mais de 60 filmes, festival gratuito em SP celebra o document\u00e1rio<\/strong><\/p>\n<p><strong>PF faz opera\u00e7\u00e3o contra quadrilha que lesava clientes da Caixa<\/strong><\/p>\n<p>A sess\u00e3o est\u00e1 no intervalo e ser\u00e1 retomada ainda hoje para tomada dos votos dos demais ministros.\u00a0<\/p>\n<h2>Cr\u00edticas<\/h2>\n<p>Moraes \u00e9 alvo de cr\u00edticas de aliados do ex-presidente Jair Bolsonaro e de membros do governo dos Estados Unidos.\u00a0<\/p>\n<p>No in\u00edcio deste m\u00eas, o Departamento de Justi\u00e7a norte-americano enviou um of\u00edcio ao governo brasileiro para criticar a atua\u00e7\u00e3o do ministro por determinar a exclus\u00e3o de perfis de redes sociais envolvendo brasileiros que est\u00e3o naquele pa\u00eds e s\u00e3o investigados pela publica\u00e7\u00e3o desinforma\u00e7\u00e3o e ataques contra as institui\u00e7\u00f5es brasileiras.<\/p>\n<\/div>\n","protected":false},"excerpt":{"rendered":"<p>O ministro Alexandre de Moraes, do Supremo Tribunal Federal (STF), defendeu nesta quarta-feira (11) a&#8230;<\/p>\n","protected":false},"author":2,"featured_media":0,"comment_status":"","ping_status":"","sticky":false,"template":"","format":"standard","meta":{"footnotes":""},"categories":[2],"tags":[],"class_list":["post-24099","post","type-post","status-publish","format-standard","hentry","category-jogos-ao-vivo"],"amp_enabled":true,"_links":{"self":[{"href":"https:\/\/ipatingafc.com.br\/index.php\/wp-json\/wp\/v2\/posts\/24099","targetHints":{"allow":["GET"]}}],"collection":[{"href":"https:\/\/ipatingafc.com.br\/index.php\/wp-json\/wp\/v2\/posts"}],"about":[{"href":"https:\/\/ipatingafc.com.br\/index.php\/wp-json\/wp\/v2\/types\/post"}],"author":[{"embeddable":true,"href":"https:\/\/ipatingafc.com.br\/index.php\/wp-json\/wp\/v2\/users\/2"}],"replies":[{"embeddable":true,"href":"https:\/\/ipatingafc.com.br\/index.php\/wp-json\/wp\/v2\/comments?post=24099"}],"version-history":[{"count":0,"href":"https:\/\/ipatingafc.com.br\/index.php\/wp-json\/wp\/v2\/posts\/24099\/revisions"}],"wp:attachment":[{"href":"https:\/\/ipatingafc.com.br\/index.php\/wp-json\/wp\/v2\/media?parent=24099"}],"wp:term":[{"taxonomy":"category","embeddable":true,"href":"https:\/\/ipatingafc.com.br\/index.php\/wp-json\/wp\/v2\/categories?post=24099"},{"taxonomy":"post_tag","embeddable":true,"href":"https:\/\/ipatingafc.com.br\/index.php\/wp-json\/wp\/v2\/tags?post=24099"}],"curies":[{"name":"wp","href":"https:\/\/api.w.org\/{rel}","templated":true}]}}