{"id":24228,"date":"2025-06-14T04:04:55","date_gmt":"2025-06-14T07:04:55","guid":{"rendered":"https:\/\/ipatingafc.com.br\/index.php\/2025\/06\/14\/thiago-avila-chega-ao-brasil-e-e-recebido-por-grupo-pro-palestina\/"},"modified":"2025-06-14T04:04:55","modified_gmt":"2025-06-14T07:04:55","slug":"thiago-avila-chega-ao-brasil-e-e-recebido-por-grupo-pro-palestina","status":"publish","type":"post","link":"https:\/\/ipatingafc.com.br\/index.php\/2025\/06\/14\/thiago-avila-chega-ao-brasil-e-e-recebido-por-grupo-pro-palestina\/","title":{"rendered":"Thiago \u00c1vila chega ao Brasil e \u00e9 recebido por grupo pr\u00f3-Palestina"},"content":{"rendered":"<p><\/p>\n<div wp_automatic_readability=\"94.484048560136\">\n<p><strong>Chegou hoje (13) ao Brasil o militante Thiago \u00c1vila, um dos 12 tripulantes da Coaliz\u00e3o Flotilha Liberdade, interceptada por Israel quando ia na dire\u00e7\u00e3o da Faixa de Gaza. A embarca\u00e7\u00e3o partiu em miss\u00e3o humanit\u00e1ria, visando oferecer ajuda aos palestinos.<\/strong><\/p>\n<p>Thiago desembarcou no Aeroporto Internacional de Guarulhos, em S\u00e3o Paulo, e foi recebido por um grupo de militantes pr\u00f3-Palestina, portando cartazes com mensagens de apoio ao pa\u00eds e bandeiras.<\/p>\n<p><strong>Cercado por apoiadores da causa, que fizeram reverberar pelo sagu\u00e3o do terminal palavras encorajadoras, o l\u00edder explicou que vestia ainda o uniforme que lhe deram ao ser encaminhado a uma cela solit\u00e1ria, onde ficou por dois dias e classificou como \u201cextremamente sol\u00edcita\u201d a representa\u00e7\u00e3o diplom\u00e1tica, que o auxiliou no momento da deten\u00e7\u00e3o.<\/strong>\u00a0<\/p>\n<p><strong>Inscri\u00e7\u00f5es para o Enem dos Professores come\u00e7a em 14 de julho<\/strong><\/p>\n<p><strong>Moraes manda soltar ex-ministro Gilson Machado<\/strong><\/p>\n<p>Como protesto, ele fez greve de fome. Aos jornalistas, ressaltou que sua cela ficava em uma masmorra que \u00a0aparentava ser muito antiga, mas que ele sabia que tinha apenas cerca de 80 anos e que a investida contra os tripulantes n\u00e3o foi mais intensa por causa da presen\u00e7a da eurodeputada Rima Hassan.<\/p>\n<h2>Agress\u00f5es<\/h2>\n<p>Em entrevista depois do desembarque, \u00c1vila foi questionado sobre eventuais agress\u00f5es que as for\u00e7as israelenses podem ter infligido contra ele. Com um ar de tranquilidade, respondeu que as viola\u00e7\u00f5es de direito que sofreu, sobretudo, por ter proje\u00e7\u00e3o, s\u00e3o \u201cuma fra\u00e7\u00e3o\u201d muito pequena se comparadas \u00e0s viol\u00eancias a que os palestinos s\u00e3o submetidos.<\/p>\n<p>\u00c1vila observou que Israel tentou fazer uma \u201cmanobra publicit\u00e1ria\u201d para vender a impress\u00e3o de que os ativistas estavam sendo bem recepcionados, ao mesmo tempo em que, na realidade, foram for\u00e7ados a assinar documentos dizendo que tinham entrado na regi\u00e3o de modo ilegal.<\/p>\n<p>Ele esclareceu que n\u00e3o assinou nenhum documento e que as autoridades determinaram o banimento dele no pa\u00eds por um s\u00e9culo.<\/p>\n<p><strong>C\u00fapula Brasil-Caribe pede a\u00e7\u00f5es conjuntas contra crise clim\u00e1tica<\/strong><\/p>\n<p><strong>STF nega recurso de mulher que pichou est\u00e1tua no 8 de janeiro<\/strong><\/p>\n<p><strong>\u00c1vila acredita que o governo brasileiro deveria romper rela\u00e7\u00f5es com Israel e entende que o presidente Luiz In\u00e1cio Lula da Silva poderia, inclusive, interpretar o cen\u00e1rio posto como uma oportunidade de sair ainda maior com esse gesto. Para \u00c1vila, \u00e9 urgente que o Brasil se desligue dessa \u201cideologia odiosa\u201d.<\/strong><\/p>\n<p>\u201cTudo que eles t\u00eam s\u00e3o suas armas, seu \u00f3dio, seu\u00a0ex\u00e9rcito\u201d, declarou ele, que se reuniu com sua esposa e sua filha de sete meses.<\/p>\n<p>Em rela\u00e7\u00e3o \u00e0 cobertura midi\u00e1tica do conflito, \u00c1vila disse que estar ciente de que, muitas vezes, os rep\u00f3rteres pretendem contar a verdade, mas esbarram em posi\u00e7\u00f5es contr\u00e1rias de seus superiores nas reda\u00e7\u00f5es. \u201cNem sempre as estruturas permitem [isso] aos\u00a0trabalhadores\u201d, observou.<\/p>\n<blockquote wp_automatic_readability=\"10\">\n<p>\u00c1vila argumentou que \u00e9 preciso separar antissemitismo de antissionismo e lembrar que h\u00e1 judeus em todo o mundo apoiando os palestinos e se opondo ao massacre promovido por Israel. Os povos j\u00e1 conviveram em harmonia, observou. \u201cO imperialismo brit\u00e2nico e o sionismo destru\u00edram esse sonho de\u00a0viver\u00a0em\u00a0paz\u201d, observou.<\/p>\n<\/blockquote>\n<p>Por fim, ele defendeu que todos se unam contra o que toma como \u201co inimigo n\u00famero 1\u201d de hoje, que \u00e9, a seu ver, o primeiro-ministro de Israel, Benjamin Netanyahu. A resposta que os opositores de Israel d\u00e3o \u00e9 a corrente de solidariedade, afeto, amor e a persist\u00eancia, finalizou.<\/p>\n<p>\u00a0<\/p>\n<\/div>\n","protected":false},"excerpt":{"rendered":"<p>Chegou hoje (13) ao Brasil o militante Thiago \u00c1vila, um dos 12 tripulantes da Coaliz\u00e3o&#8230;<\/p>\n","protected":false},"author":2,"featured_media":0,"comment_status":"","ping_status":"","sticky":false,"template":"","format":"standard","meta":{"footnotes":""},"categories":[2],"tags":[],"class_list":["post-24228","post","type-post","status-publish","format-standard","hentry","category-jogos-ao-vivo"],"amp_enabled":true,"_links":{"self":[{"href":"https:\/\/ipatingafc.com.br\/index.php\/wp-json\/wp\/v2\/posts\/24228","targetHints":{"allow":["GET"]}}],"collection":[{"href":"https:\/\/ipatingafc.com.br\/index.php\/wp-json\/wp\/v2\/posts"}],"about":[{"href":"https:\/\/ipatingafc.com.br\/index.php\/wp-json\/wp\/v2\/types\/post"}],"author":[{"embeddable":true,"href":"https:\/\/ipatingafc.com.br\/index.php\/wp-json\/wp\/v2\/users\/2"}],"replies":[{"embeddable":true,"href":"https:\/\/ipatingafc.com.br\/index.php\/wp-json\/wp\/v2\/comments?post=24228"}],"version-history":[{"count":0,"href":"https:\/\/ipatingafc.com.br\/index.php\/wp-json\/wp\/v2\/posts\/24228\/revisions"}],"wp:attachment":[{"href":"https:\/\/ipatingafc.com.br\/index.php\/wp-json\/wp\/v2\/media?parent=24228"}],"wp:term":[{"taxonomy":"category","embeddable":true,"href":"https:\/\/ipatingafc.com.br\/index.php\/wp-json\/wp\/v2\/categories?post=24228"},{"taxonomy":"post_tag","embeddable":true,"href":"https:\/\/ipatingafc.com.br\/index.php\/wp-json\/wp\/v2\/tags?post=24228"}],"curies":[{"name":"wp","href":"https:\/\/api.w.org\/{rel}","templated":true}]}}