{"id":24236,"date":"2025-06-14T06:57:01","date_gmt":"2025-06-14T09:57:01","guid":{"rendered":"https:\/\/ipatingafc.com.br\/index.php\/2025\/06\/14\/agencia-minas-gerais-governador-de-minas-lidera-missao-na-asia-para-atrair-investimentos-ampliar-parcerias-e-conhecer-empresa-que-fornecera-novos-trens-para-o-metro-da-rmbh\/"},"modified":"2025-06-14T06:57:01","modified_gmt":"2025-06-14T09:57:01","slug":"agencia-minas-gerais-governador-de-minas-lidera-missao-na-asia-para-atrair-investimentos-ampliar-parcerias-e-conhecer-empresa-que-fornecera-novos-trens-para-o-metro-da-rmbh","status":"publish","type":"post","link":"https:\/\/ipatingafc.com.br\/index.php\/2025\/06\/14\/agencia-minas-gerais-governador-de-minas-lidera-missao-na-asia-para-atrair-investimentos-ampliar-parcerias-e-conhecer-empresa-que-fornecera-novos-trens-para-o-metro-da-rmbh\/","title":{"rendered":"Ag\u00eancia Minas Gerais | Governador de Minas lidera miss\u00e3o na \u00c1sia para atrair investimentos, ampliar parcerias e conhecer empresa que fornecer\u00e1 novos trens para o Metr\u00f4 da RMBH"},"content":{"rendered":"<p><\/p>\n<div>\n<section class=\"news-related \/ col-md-4 col-lg-3 \/ margin-md-bottom-2 margin-left-1 \/ pull-right \/ hidden-xs hidden-sm\">\n<header>\n<p class=\"text-title-section \/ margin-bottom-1\">Relacionadas<\/p>\n<\/header>\n<p>\t\t\t\t\t\t\t<main><\/p>\n<hr class=\"row margin-md-bottom-2\"\/>\n\t\t\t\t\t\t\t<\/main><br \/>\n\t\t\t\t\t\t<\/section>\n<p>O governador Romeu Zema participa, nas pr\u00f3ximas duas semanas, de uma s\u00e9rie de compromissos oficiais na China e no Jap\u00e3o. A miss\u00e3o internacional tem como objetivos formalizar e ampliar parcerias comerciais, buscar novos investimentos para o estado, al\u00e9m de entender o processo de melhorias no metr\u00f4 de Belo Horizonte e fortalecer a coopera\u00e7\u00e3o em rela\u00e7\u00e3o \u00e0 preven\u00e7\u00e3o de desastres. Os dois pa\u00edses s\u00e3o l\u00edderes em setores importantes da economia global, como tecnologia, infraestrutura e log\u00edstica de exporta\u00e7\u00f5es.<\/p>\n<p>Assim como nas viagens anteriores \u00e0 \u00c1sia, em 2023 e 2024, a expectativa \u00e9 de resultados positivos e melhorias que impactem a vida dos mineiros, como, por exemplo, na atra\u00e7\u00e3o de empresas que gerem emprego e renda.<\/p>\n<p>\u201c\u00c9 a terceira vez que vou \u00e0 \u00c1sia na minha gest\u00e3o e, todas as vezes, com um resultado excepcional. Sempre trazendo novos investimentos, sempre divulgando Minas Gerais para o mundo: as potencialidades que temos aqui, o Vale do L\u00edtio, que hoje \u00e9 uma realidade, e as oportunidades que temos nos demais setores da economia. Tenho certeza que, mais uma vez, vamos trazer bons resultados\u201d, disse Romeu Zema.\u00a0\u00a0<\/p>\n<p>Acompanham o governador os secret\u00e1rios de Comunica\u00e7\u00e3o, Bernardo Santos, de Desenvolvimento Econ\u00f4mico, Mila Corr\u00eaa da Costa, de Meio Ambiente e Desenvolvimento Sustent\u00e1vel, Mar\u00edlia Melo, o chefe do Gabinete Militar e coordenador estadual de Defesa Civil, Coronel PM Paulo Roberto Bermudes Rezende, al\u00e9m do presidente da Invest Minas, Jo\u00e3o Paulo Braga.<\/p>\n<p><strong>Roteiro<\/strong><\/p>\n<p>A viagem ter\u00e1 in\u00edcio pela China, onde o governador passar\u00e1 pelas cidades de Pequim e Changchun. As agendas, que come\u00e7am no dia 16\/6, incluem uma reuni\u00e3o com representantes do Minist\u00e9rio do Com\u00e9rcio, encontros com empres\u00e1rios no chamado \u201cVale do Sil\u00edcio chin\u00eas\u201d, reuni\u00f5es bilaterais e a ida \u00e0s instala\u00e7\u00f5es da empresa que est\u00e1 fabricando os novos trens para o Metr\u00f4 da RMBH.<\/p>\n<p>No Jap\u00e3o, a comitiva do Governo de Minas passa por T\u00f3quio e Osaka. Na capital japonesa, haver\u00e1 agendas para a consolida\u00e7\u00e3o do interc\u00e2mbio permanente de coopera\u00e7\u00e3o t\u00e9cnica entre os dois pa\u00edses para a preven\u00e7\u00e3o de desastres. Tamb\u00e9m est\u00e1 prevista uma reuni\u00e3o com representantes da Jica, ag\u00eancia do governo japon\u00eas respons\u00e1vel pela implementa\u00e7\u00e3o da Assist\u00eancia Oficial para o Desenvolvimento (ODA).<\/p>\n<p>Em Osaka, a comitiva participa da Expo Osaka e do Japan Business Forum, este \u00faltimo realizado pela Federa\u00e7\u00e3o das Ind\u00fastrias do Estado de Minas Gerais (Fiemg) para ampliar conex\u00f5es entre industriais mineiros e empres\u00e1rios japoneses.<\/p>\n<p><strong>Parceria crescente<\/strong><\/p>\n<p>A China \u00e9 hoje o maior parceiro comercial brasileiro, e tamb\u00e9m de Minas Gerais. Apenas no ano passado, o estado exportou aproximadamente US$ 15,5 bilh\u00f5es para o pa\u00eds asi\u00e1tico, enquanto as importa\u00e7\u00f5es alcan\u00e7aram a marca de US$ 4,3 bilh\u00f5es.<\/p>\n<p>Dentre os produtos exportados de Minas para a China, destacam-se, principalmente, minerais \u2014 metais e derivados \u2014, al\u00e9m de produtos agr\u00edcolas e prote\u00ednas. Entre os produtos importados, os mais destacados s\u00e3o m\u00e1quinas e aparelhos, material el\u00e9trico e suas partes, aparelhos de grava\u00e7\u00e3o e reprodu\u00e7\u00e3o e produtos das ind\u00fastrias qu\u00edmicas.<\/p>\n<p>Em rela\u00e7\u00e3o ao Jap\u00e3o, Minas foi o principal estado exportador brasileiro para pa\u00eds em 2024, com uma participa\u00e7\u00e3o de quase 20% das vendas do Brasil, totalizando US$ 1,1 bilh\u00e3o. O Jap\u00e3o foi o sexto principal destino das exporta\u00e7\u00f5es mineiras.<\/p>\n<p><strong>Outras miss\u00f5es<\/strong><\/p>\n<p>As miss\u00f5es do Governo de Minas na \u00c1sia t\u00eam rendido frutos para o estado. Em novembro de 2023, o governador Romeu Zema tamb\u00e9m esteve na China e no Jap\u00e3o, trazendo na bagagem mais de 2 mil novas vagas de emprego e R$ 1 bilh\u00e3o em investimentos.<\/p>\n<p>J\u00e1 no ano passado, tamb\u00e9m em novembro, a comitiva do governo esteve em pa\u00edses da \u00c1sia e da Europa, promovendo o estado e garantindo a atra\u00e7\u00e3o de novos neg\u00f3cios.<\/p>\n<\/p><\/div>\n","protected":false},"excerpt":{"rendered":"<p>Relacionadas O governador Romeu Zema participa, nas pr\u00f3ximas duas semanas, de uma s\u00e9rie de compromissos&#8230;<\/p>\n","protected":false},"author":2,"featured_media":0,"comment_status":"","ping_status":"","sticky":false,"template":"","format":"standard","meta":{"footnotes":""},"categories":[2],"tags":[],"class_list":["post-24236","post","type-post","status-publish","format-standard","hentry","category-jogos-ao-vivo"],"amp_enabled":true,"_links":{"self":[{"href":"https:\/\/ipatingafc.com.br\/index.php\/wp-json\/wp\/v2\/posts\/24236","targetHints":{"allow":["GET"]}}],"collection":[{"href":"https:\/\/ipatingafc.com.br\/index.php\/wp-json\/wp\/v2\/posts"}],"about":[{"href":"https:\/\/ipatingafc.com.br\/index.php\/wp-json\/wp\/v2\/types\/post"}],"author":[{"embeddable":true,"href":"https:\/\/ipatingafc.com.br\/index.php\/wp-json\/wp\/v2\/users\/2"}],"replies":[{"embeddable":true,"href":"https:\/\/ipatingafc.com.br\/index.php\/wp-json\/wp\/v2\/comments?post=24236"}],"version-history":[{"count":0,"href":"https:\/\/ipatingafc.com.br\/index.php\/wp-json\/wp\/v2\/posts\/24236\/revisions"}],"wp:attachment":[{"href":"https:\/\/ipatingafc.com.br\/index.php\/wp-json\/wp\/v2\/media?parent=24236"}],"wp:term":[{"taxonomy":"category","embeddable":true,"href":"https:\/\/ipatingafc.com.br\/index.php\/wp-json\/wp\/v2\/categories?post=24236"},{"taxonomy":"post_tag","embeddable":true,"href":"https:\/\/ipatingafc.com.br\/index.php\/wp-json\/wp\/v2\/tags?post=24236"}],"curies":[{"name":"wp","href":"https:\/\/api.w.org\/{rel}","templated":true}]}}