{"id":24265,"date":"2025-06-14T18:42:04","date_gmt":"2025-06-14T21:42:04","guid":{"rendered":"https:\/\/ipatingafc.com.br\/index.php\/2025\/06\/14\/kart-terapia-leva-inclusao-e-diversao-a-familias-de-sorocaba-agencia-de-noticias\/"},"modified":"2025-06-14T18:42:04","modified_gmt":"2025-06-14T21:42:04","slug":"kart-terapia-leva-inclusao-e-diversao-a-familias-de-sorocaba-agencia-de-noticias","status":"publish","type":"post","link":"https:\/\/ipatingafc.com.br\/index.php\/2025\/06\/14\/kart-terapia-leva-inclusao-e-diversao-a-familias-de-sorocaba-agencia-de-noticias\/","title":{"rendered":"Kart Terapia leva inclus\u00e3o e divers\u00e3o a fam\u00edlias de Sorocaba \u2013 Ag\u00eancia de Not\u00edcias"},"content":{"rendered":"<p><\/p>\n<div wp_automatic_readability=\"31\">\n<div class=\"col\" wp_automatic_readability=\"7\">\n<p class=\"mt-0\">\n                        <strong><br \/>\n                            <span class=\"far fa-calendar mr-1 mt-2\"\/><br \/>\n                            14 de junho de 2025<br \/>\n                            <span class=\"far fa-clock ml-3 mt-2\"\/><br \/>\n                            16:28<br \/>\n                        <\/strong>\n                    <\/p>\n<p class=\"mb-0\">Por: <strong>Secom<\/strong><\/p>\n<\/p><\/div>\n<\/p><\/div>\n<div wp_automatic_readability=\"113\">\n<p style=\"text-align: left;\"><em>Fotos: Renata Giron\/Secom<\/em><\/p>\n<p>A Prefeitura de Sorocaba, por meio da Secretaria da Inclus\u00e3o e do Transtorno do Espectro Autista (Sintea), realizou, neste s\u00e1bado (14), o evento Kart Terapia, voltado \u00e0s pessoas com defici\u00eancia, no estacionamento dos fundos do Pa\u00e7o Municipal, localizado no Alto da Boa Vista.<\/p>\n<p>\u201cO nosso objetivo foi de proporcionar esse momento \u00fanico, de forma l\u00fadica e inclusiva, no qual essas pessoas possam experimentar a sensa\u00e7\u00e3o de andar de kart, em um ambiente acolhedor e divertido\u201d, destaca o secret\u00e1rio de Inclus\u00e3o e Transtorno do Espectro Autista, Vinicius Aith, que foi conferir o primeiro dia da a\u00e7\u00e3o. O Kart Terapia \u00e9 um projeto social do piloto Gene Fireball, realizado na cidade em parceria com a Sintea.<\/p>\n<p>A m\u00e9dica Sabrina Fernandes levou seus filhos Samuel Fernandes, de 18 anos, que \u00e9 neurodivergente, e Ana Estefhania Fernandes, de 9 anos, para andarem de kart e a experi\u00eancia foi incr\u00edvel.<\/p>\n<p>\u201cAchei tudo \u00f3timo. Foi uma oportunidade imensa. As terapias podem provir de v\u00e1rias maneiras, por meio das artes, do esporte, dos animais\u2026 Quando eu vi que teria o evento Kart Terapia inscrevi meus filhos na hora. \u00c9 muito importante estimular os nossos filhos e dar oportunidade deles terem novas experi\u00eancias\u201d, conta Sabrina.<\/p>\n<p>Quem tamb\u00e9m levou seu filho ao Kart Terapia foi Atami Fernanda de Oliveira, m\u00e3e de Henrique Martins de Oliveira, de 12 anos, portador de mielomenimgocele.<\/p>\n<p>\u201cUm dos sonhos do Henrique era andar de kart e quando vi que teria aqui em Sorocaba, fiquei t\u00e3o feliz. Fiz a inscri\u00e7\u00e3o na hora. Essa iniciativa \u00e9 muito boa para eles\u201d, conta Atami.<\/p>\n<p>Segundo ela, Henrique adora esportes e \u00e9 atleta paral\u00edmpico. H\u00e1 tr\u00eas anos, gra\u00e7as a uma professora da escola municipal onde ele estudava, conheceram o projeto da Associa\u00e7\u00e3o Crian\u00e7a Feliz de Sorocaba (ACFS), em parceria com o Munic\u00edpio, no Centro Esportivo da Vila Gabriel. L\u00e1 ele faz corrida de cadeira, lan\u00e7amento de pelotas e lan\u00e7amento de peso. O garoto tamb\u00e9m faz nata\u00e7\u00e3o no Sesi Sorocaba, com o projeto da Sociedade Esportiva Aqu\u00e1tica de Sorocaba (Seas).<\/p>\n<p>\u201cTinha perdido meu filho, de 15 anos, e est\u00e1vamos todos em depress\u00e3o. Quando a professora dele apresentou o projeto de Atletismo Paral\u00edmpico, foi maravilhoso para ele e para n\u00f3s pais tamb\u00e9m. Deu uma alavanca para a gente continuar. Abriu olhos para um novo caminho. Ele adora esporte, ja at\u00e9 fez rapel\u201d, afirmou.<\/p>\n<p>O Kart Terapia ocorre novamente neste domingo (15), das 8h30 \u00e0s 12h e das 13h \u00e0s 16h30, \u00e0s fam\u00edlias j\u00e1 inscritas gratuitamente. O Pa\u00e7o Municipal est\u00e1 localizado na Avenida Engenheiro Carlos Reinaldo Mendes, 3.041, no Alto da Boa Vista.<\/p>\n<p><!-- Root element of PhotoSwipe. Must have class pswp. --><\/p><\/div>\n","protected":false},"excerpt":{"rendered":"<p>14 de junho de 2025 16:28 Por: Secom Fotos: Renata Giron\/Secom A Prefeitura de Sorocaba,&#8230;<\/p>\n","protected":false},"author":2,"featured_media":0,"comment_status":"","ping_status":"","sticky":false,"template":"","format":"standard","meta":{"footnotes":""},"categories":[2],"tags":[],"class_list":["post-24265","post","type-post","status-publish","format-standard","hentry","category-jogos-ao-vivo"],"amp_enabled":true,"_links":{"self":[{"href":"https:\/\/ipatingafc.com.br\/index.php\/wp-json\/wp\/v2\/posts\/24265","targetHints":{"allow":["GET"]}}],"collection":[{"href":"https:\/\/ipatingafc.com.br\/index.php\/wp-json\/wp\/v2\/posts"}],"about":[{"href":"https:\/\/ipatingafc.com.br\/index.php\/wp-json\/wp\/v2\/types\/post"}],"author":[{"embeddable":true,"href":"https:\/\/ipatingafc.com.br\/index.php\/wp-json\/wp\/v2\/users\/2"}],"replies":[{"embeddable":true,"href":"https:\/\/ipatingafc.com.br\/index.php\/wp-json\/wp\/v2\/comments?post=24265"}],"version-history":[{"count":0,"href":"https:\/\/ipatingafc.com.br\/index.php\/wp-json\/wp\/v2\/posts\/24265\/revisions"}],"wp:attachment":[{"href":"https:\/\/ipatingafc.com.br\/index.php\/wp-json\/wp\/v2\/media?parent=24265"}],"wp:term":[{"taxonomy":"category","embeddable":true,"href":"https:\/\/ipatingafc.com.br\/index.php\/wp-json\/wp\/v2\/categories?post=24265"},{"taxonomy":"post_tag","embeddable":true,"href":"https:\/\/ipatingafc.com.br\/index.php\/wp-json\/wp\/v2\/tags?post=24265"}],"curies":[{"name":"wp","href":"https:\/\/api.w.org\/{rel}","templated":true}]}}