{"id":24277,"date":"2025-06-14T23:23:58","date_gmt":"2025-06-15T02:23:58","guid":{"rendered":"https:\/\/ipatingafc.com.br\/index.php\/2025\/06\/14\/agencia-minas-gerais-hemominas-abre-unidades-no-sabado-14-6-dia-mundial-do-doador-de-sangue\/"},"modified":"2025-06-14T23:23:58","modified_gmt":"2025-06-15T02:23:58","slug":"agencia-minas-gerais-hemominas-abre-unidades-no-sabado-14-6-dia-mundial-do-doador-de-sangue","status":"publish","type":"post","link":"https:\/\/ipatingafc.com.br\/index.php\/2025\/06\/14\/agencia-minas-gerais-hemominas-abre-unidades-no-sabado-14-6-dia-mundial-do-doador-de-sangue\/","title":{"rendered":"Ag\u00eancia Minas Gerais | Hemominas abre unidades no s\u00e1bado (14\/6), Dia Mundial do Doador de Sangue"},"content":{"rendered":"<p><\/p>\n<div>\n<p>Durante todo o m\u00eas de junho, as unidades da Funda\u00e7\u00e3o Centro de Hematologia e Hemoterapia do Estado de Minas Gerais (Hemominas) desenvolvem a\u00e7\u00f5es especiais para sensibilizar a popula\u00e7\u00e3o sobre a import\u00e2ncia da doa\u00e7\u00e3o de sangue e a necessidade de manter os estoques em n\u00edveis adequados.<\/p>\n<p>Para que os candidatos \u00e0 doa\u00e7\u00e3o que n\u00e3o podem comparecer durante a semana tenham uma alternativa para exercer esse gesto de solidariedade ao pr\u00f3ximo, algumas unidades da Funda\u00e7\u00e3o Hemominas estar\u00e3o abertas neste s\u00e1bado (14\/6), Dia Mundial do Doador de Sangue.<\/p>\n<p><strong>Confira funcionamento<\/strong><\/p>\n<p>&#8211; Hemocentro de Belo Horizonte: das 7h \u00e0s 15h<\/p>\n<p>&#8211; Hemocentro de Juiz de Fora: das 7h \u00e0s 12h<\/p>\n<p>&#8211; Hemocentro de Pouso Alegre: das 7h30 \u00e0s 10h<\/p>\n<p>&#8211; Hemocentro de Uberaba: das 7h \u00e0s 11h30<\/p>\n<p>&#8211; Hemocentro de Uberl\u00e2ndia: das 7h \u00e0s 11h30<\/p>\n<p>&#8211; Hemon\u00facleo de Divin\u00f3polis: das 7h \u00e0s 12h (vagas esgotadas)<\/p>\n<p>&#8211; Hemon\u00facleo de Manhua\u00e7u: das 7h \u00e0s 11h30<\/p>\n<p>&#8211; Unidade de Coleta de Po\u00e7os de Caldas: das 7h \u00e0s 12h<\/p>\n<p>&#8211; Unidade de Coleta Hospital J\u00falia Kubitschek: das 7h \u00e0s 12h<\/p>\n<p>Demais unidades n\u00e3o funcionam neste dia.<\/p>\n<p><strong>Agendamento<\/strong><\/p>\n<p>As doa\u00e7\u00f5es podem ser agendadas on-line, pelo aplicativo MG App \u2013 Cidad\u00e3o ou pelo WhatsApp (31) 4042-7157. Em caso de n\u00e3o comparecimento, solicita-se cancelar o agendamento para disponibilizar o hor\u00e1rio a outro candidato.<\/p>\n<p><strong>Para doar sangue<\/strong><\/p>\n<p>Entre os crit\u00e9rios b\u00e1sicos, destacam-se:<\/p>\n<ul>&#13;<\/p>\n<li>Estar em boas condi\u00e7\u00f5es de sa\u00fade<br \/>&#13;<br \/>\n\t\u00a0<\/li>\n<p>&#13;<\/p>\n<li>Ter entre 16 e 69 anos de idade. Jovens de 16 e 17 anos podem doar, acompanhados pelo respons\u00e1vel legal ou portando autoriza\u00e7\u00e3o dispon\u00edvel no link:\u00a0 Doa\u00e7\u00e3o 16 e 17 anos A partir de 61 anos, o candidato \u00e0 doa\u00e7\u00e3o precisa comprovar a realiza\u00e7\u00e3o de, pelo menos, uma doa\u00e7\u00e3o anterior<br \/>&#13;<br \/>\n\t\u00a0<\/li>\n<p>&#13;<\/p>\n<li>Pesar mais de 50 quilos<br \/>&#13;<br \/>\n\t\u00a0<\/li>\n<p>&#13;<\/p>\n<li>Estar bem descansado no momento da doa\u00e7\u00e3o<br \/>&#13;<br \/>\n\t\u00a0<\/li>\n<p>&#13;<\/p>\n<li>Estar alimentado<br \/>&#13;<br \/>\n\t\u00a0<\/li>\n<p>&#13;<\/p>\n<li>N\u00e3o ingerir bebida alco\u00f3lica\u00a012 horas antes da doa\u00e7\u00e3o<br \/>&#13;<br \/>\n\t\u00a0<\/li>\n<p>&#13;<\/p>\n<li>N\u00e3o ter sido exposto a situa\u00e7\u00e3o de risco para doen\u00e7as transmiss\u00edveis pelo sangue<br \/>&#13;<br \/>\n\t\u00a0<\/li>\n<p>&#13;<\/p>\n<li>N\u00e3o ter tido hepatite ap\u00f3s os 11 anos<br \/>&#13;<br \/>\n\t\u00a0<\/li>\n<p>&#13;<\/p>\n<li>Apresentar documento de identifica\u00e7\u00e3o oficial e original, com foto, filia\u00e7\u00e3o e assinatura, al\u00e9m de CPF<\/li>\n<p>&#13;\n<\/ul>\n<p>Todas as condi\u00e7\u00f5es e restri\u00e7\u00f5es para doa\u00e7\u00e3o de sangue podem ser consultadas no site da Funda\u00e7\u00e3o Hemominas.<\/p>\n<p><strong>Dia Mundial do Doador de Sangue<\/strong><\/p>\n<p>Criada por iniciativa da Organiza\u00e7\u00e3o Mundial da Sa\u00fade (OMS), em 2005, a data \u00e9 uma homenagem ao nascimento de Karl Landsteiner, imunologista austr\u00edaco que descobriu o\u00a0fator Rh\u00a0e v\u00e1rias diferen\u00e7as entre os diversos tipos sangu\u00edneos.<\/p>\n<\/p><\/div>\n","protected":false},"excerpt":{"rendered":"<p>Durante todo o m\u00eas de junho, as unidades da Funda\u00e7\u00e3o Centro de Hematologia e Hemoterapia&#8230;<\/p>\n","protected":false},"author":2,"featured_media":0,"comment_status":"","ping_status":"","sticky":false,"template":"","format":"standard","meta":{"footnotes":""},"categories":[2],"tags":[],"class_list":["post-24277","post","type-post","status-publish","format-standard","hentry","category-jogos-ao-vivo"],"amp_enabled":true,"_links":{"self":[{"href":"https:\/\/ipatingafc.com.br\/index.php\/wp-json\/wp\/v2\/posts\/24277","targetHints":{"allow":["GET"]}}],"collection":[{"href":"https:\/\/ipatingafc.com.br\/index.php\/wp-json\/wp\/v2\/posts"}],"about":[{"href":"https:\/\/ipatingafc.com.br\/index.php\/wp-json\/wp\/v2\/types\/post"}],"author":[{"embeddable":true,"href":"https:\/\/ipatingafc.com.br\/index.php\/wp-json\/wp\/v2\/users\/2"}],"replies":[{"embeddable":true,"href":"https:\/\/ipatingafc.com.br\/index.php\/wp-json\/wp\/v2\/comments?post=24277"}],"version-history":[{"count":0,"href":"https:\/\/ipatingafc.com.br\/index.php\/wp-json\/wp\/v2\/posts\/24277\/revisions"}],"wp:attachment":[{"href":"https:\/\/ipatingafc.com.br\/index.php\/wp-json\/wp\/v2\/media?parent=24277"}],"wp:term":[{"taxonomy":"category","embeddable":true,"href":"https:\/\/ipatingafc.com.br\/index.php\/wp-json\/wp\/v2\/categories?post=24277"},{"taxonomy":"post_tag","embeddable":true,"href":"https:\/\/ipatingafc.com.br\/index.php\/wp-json\/wp\/v2\/tags?post=24277"}],"curies":[{"name":"wp","href":"https:\/\/api.w.org\/{rel}","templated":true}]}}