{"id":24293,"date":"2025-06-15T07:13:55","date_gmt":"2025-06-15T10:13:55","guid":{"rendered":"https:\/\/ipatingafc.com.br\/index.php\/2025\/06\/15\/agencia-minas-gerais-minas-gerais-supera-a-marca-de-560-municipios-livres-para-crescer\/"},"modified":"2025-06-15T07:13:55","modified_gmt":"2025-06-15T10:13:55","slug":"agencia-minas-gerais-minas-gerais-supera-a-marca-de-560-municipios-livres-para-crescer","status":"publish","type":"post","link":"https:\/\/ipatingafc.com.br\/index.php\/2025\/06\/15\/agencia-minas-gerais-minas-gerais-supera-a-marca-de-560-municipios-livres-para-crescer\/","title":{"rendered":"Ag\u00eancia Minas Gerais | Minas Gerais supera a marca de 560 munic\u00edpios Livres para Crescer"},"content":{"rendered":"<p><\/p>\n<div>\n<p>Minas Gerais superou a marca de 560 munic\u00edpios livres no estado, por meio do programa\u00a0Minas Livre Para Crescer (MLPC)\u00a0do\u00a0Governo de Minas, coordenado pela\u00a0Secretaria de Estado de Desenvolvimento Econ\u00f4mico (Sede-MG). Com isso, s\u00e3o quase 14 milh\u00f5es de mineiros beneficiados com um ambiente mais prop\u00edcio para o empreendedorismo e para a gera\u00e7\u00e3o de empregos.\u00a0<\/p>\n<p>Pocrane, no Vale do Rio Doce, foi o 560\u00ba munic\u00edpio a aderir ao programa.\u00a0Pouso Alegre, Pouso Alto, Coluna, Po\u00e7o Fundo e Senador Amaral seguem no ranking dos \u00faltimos a assinarem a legisla\u00e7\u00e3o de Liberdade Econ\u00f4mica no estado.<\/p>\n<p>&#8220;Desde o lan\u00e7amento do programa, em dezembro de 2019, temos procurado, cada dia mais, reduzir as burocracias e os custos para novos empreendimentos. E o meu compromisso \u00e9 simplificar a vida de quem trabalha, investe e gera empregos para os mineiros&#8221;, enfatiza\u00a0o governador Romeu Zema.<\/p>\n<p>A\u00a0\u00a0secret\u00e1ria de Estado de Desenvolvimento Econ\u00f4mico, Mila Corr\u00eaa da Costa, tamb\u00e9m celebrou a marca. &#8220;Essa \u00e9 uma excelente not\u00edcia para Minas Gerais, pois mostra que essas cidades est\u00e3o investindo na desburocratiza\u00e7\u00e3o e na melhoria do ambiente de neg\u00f3cios, permitindo que Minas continue crescendo&#8221;, destaca.<\/p>\n<p><strong>MLPC chega a Uberl\u00e2ndia e avan\u00e7a na capital mineira<\/strong><\/p>\n<p>Os impactos positivos gerados pela Liberdade Econ\u00f4mica j\u00e1 s\u00e3o vis\u00edveis em munic\u00edpios de pequeno porte (at\u00e9 50 mil habitantes) do estado. Em 2024, todos os dez que mais geraram empregos s\u00e3o livres. E agora, o programa tamb\u00e9m avan\u00e7a para grandes cidades mineiras.<\/p>\n<p>Em 9\/6, o munic\u00edpio de Uberl\u00e2ndia, no Tri\u00e2ngulo Mineiro, anunciou a ades\u00e3o ao programa. \u00c9 a primeira cidade com mais de 750 mil habitantes a aderir \u00e0 legisla\u00e7\u00e3o de Liberdade Econ\u00f4mica. Assim, as atividades classificadas como baixo risco, e dispensadas de alvar\u00e1, saltaram de 300 para 700 no munic\u00edpio.<\/p>\n<p>Belo Horizonte tamb\u00e9m est\u00e1 em processo de ades\u00e3o \u00e0 legisla\u00e7\u00e3o de Liberdade Econ\u00f4mica. O Projeto de Lei (PL) 1013\/2024\u00a0j\u00e1 foi aprovado na C\u00e2mara Municipal e aguarda san\u00e7\u00e3o do chefe do Poder Executivo municipal.<\/p>\n<p>\u201cO avan\u00e7o dos pequenos munic\u00edpios em Minas, por meio do Minas Livre Para Crescer, tem atra\u00eddo o interesse de grandes cidades mineiras, que tamb\u00e9m buscam um ambiente ainda mais pr\u00f3spero para empreender\u201d, afirma o subsecret\u00e1rio de Liberdade Econ\u00f4mica e Empreendedorismo, Rodrigo Melo.<\/p>\n<p><strong>Avan\u00e7o que garante mais vantagens<\/strong><\/p>\n<p>Al\u00e9m do marco alcan\u00e7ado, recentemente os munic\u00edpios de Conselheiro Lafaiete, Cambuquira e Nova Lima\u00a0avan\u00e7aram para o n\u00edvel intermedi\u00e1rio do MLPC. Com isso, o Estado j\u00e1 conta com 60 cidades nesse est\u00e1gio do programa.<\/p>\n<p>Os munic\u00edpios livres que avan\u00e7am para esse n\u00edvel do programa passam a contar com mais vantagens, como o Redesim + Livre, sistema criado em parceria com a\u00a0Junta Comercial do Estado de Minas Gerais (Jucemg)\u00a0e com o Sebrae Minas, garantindo mais celeridade, j\u00e1 que automatiza o processo\u00a0 de abertura de empresas.<\/p>\n<p>Outro ponto importante \u00e9 que os microempreendedores desses munic\u00edpios passam a ter acesso exclusivo \u00e0 linha Cr\u00e9dito para Crescer do\u00a0Banco de Desenvolvimento de Minas Gerais (BDMG).<\/p>\n<p><strong>Minas Livre Para Crescer<\/strong><\/p>\n<p>Desde 2019, o Minas Livre para Crescer (MLPC) vem mobilizando \u00f3rg\u00e3os p\u00fablicos e entidades vinculadas \u00e0 Sede-MG para que as melhorias no ambiente de neg\u00f3cios aconte\u00e7am na pr\u00e1tica, articulando o Estado e munic\u00edpios.<\/p>\n<p>Entre as a\u00e7\u00f5es mais recentes, destaca-se o lan\u00e7amento do o Novo Decreto de Liberdade Econ\u00f4mica, que reduz burocracias e prazos e simplifica processos relacionados \u00e0s atividades de baixo impacto no estado.\u00a0<\/p>\n<p>O decreto tamb\u00e9m trouxe como inova\u00e7\u00e3o a Aprova\u00e7\u00e3o T\u00e1cita, instrumento que garante a libera\u00e7\u00e3o autom\u00e1tica de solicita\u00e7\u00f5es caso os prazos n\u00e3o sejam cumpridos pelos \u00f3rg\u00e3os p\u00fablicos. Al\u00e9m disso, o n\u00famero de dispensas saltou para 915 atividades econ\u00f4micas de baixo risco em Minas.<\/p>\n<\/p><\/div>\n","protected":false},"excerpt":{"rendered":"<p>Minas Gerais superou a marca de 560 munic\u00edpios livres no estado, por meio do programa\u00a0Minas&#8230;<\/p>\n","protected":false},"author":2,"featured_media":0,"comment_status":"","ping_status":"","sticky":false,"template":"","format":"standard","meta":{"footnotes":""},"categories":[2],"tags":[],"class_list":["post-24293","post","type-post","status-publish","format-standard","hentry","category-jogos-ao-vivo"],"amp_enabled":true,"_links":{"self":[{"href":"https:\/\/ipatingafc.com.br\/index.php\/wp-json\/wp\/v2\/posts\/24293","targetHints":{"allow":["GET"]}}],"collection":[{"href":"https:\/\/ipatingafc.com.br\/index.php\/wp-json\/wp\/v2\/posts"}],"about":[{"href":"https:\/\/ipatingafc.com.br\/index.php\/wp-json\/wp\/v2\/types\/post"}],"author":[{"embeddable":true,"href":"https:\/\/ipatingafc.com.br\/index.php\/wp-json\/wp\/v2\/users\/2"}],"replies":[{"embeddable":true,"href":"https:\/\/ipatingafc.com.br\/index.php\/wp-json\/wp\/v2\/comments?post=24293"}],"version-history":[{"count":0,"href":"https:\/\/ipatingafc.com.br\/index.php\/wp-json\/wp\/v2\/posts\/24293\/revisions"}],"wp:attachment":[{"href":"https:\/\/ipatingafc.com.br\/index.php\/wp-json\/wp\/v2\/media?parent=24293"}],"wp:term":[{"taxonomy":"category","embeddable":true,"href":"https:\/\/ipatingafc.com.br\/index.php\/wp-json\/wp\/v2\/categories?post=24293"},{"taxonomy":"post_tag","embeddable":true,"href":"https:\/\/ipatingafc.com.br\/index.php\/wp-json\/wp\/v2\/tags?post=24293"}],"curies":[{"name":"wp","href":"https:\/\/api.w.org\/{rel}","templated":true}]}}