{"id":24298,"date":"2025-06-15T09:28:56","date_gmt":"2025-06-15T12:28:56","guid":{"rendered":"https:\/\/ipatingafc.com.br\/index.php\/2025\/06\/15\/samba-na-gamboa-homenageia-chico-buarque\/"},"modified":"2025-06-15T09:28:56","modified_gmt":"2025-06-15T12:28:56","slug":"samba-na-gamboa-homenageia-chico-buarque","status":"publish","type":"post","link":"https:\/\/ipatingafc.com.br\/index.php\/2025\/06\/15\/samba-na-gamboa-homenageia-chico-buarque\/","title":{"rendered":"Samba na Gamboa homenageia Chico Buarque"},"content":{"rendered":"<p><\/p>\n<div wp_automatic_readability=\"185.01106719368\">\n<p>Na semana do anivers\u00e1rio de 81 anos do cantor e compositor Chico Buarque, na quinta-feira (19), o programa <em>Samba na Gamboa<\/em> homenageia o bamba na edi\u00e7\u00e3o especial deste domingo (15), \u00e0s 13h, na <strong>TV Brasil<\/strong>.<\/p>\n<p>A apresentadora Teresa Cristina recebe o sambista mineiro Moyseis Marques para conversar sobre o veterano e interpretar repert\u00f3rio de sucessos. Cl\u00e1ssicos do cancioneiro nacional como <em>Apesar de Voc\u00ea<\/em>, <em>Partido Alto<\/em>, <em>Meu Guri<\/em> e <em>Homenagem ao Malandro<\/em> embalam o papo na atra\u00e7\u00e3o in\u00e9dita do canal p\u00fablico.\u00a0<\/p>\n<p>A anfitri\u00e3 e o convidado cantam esses e outros hits da obra do astro carioca, enquanto abordam a import\u00e2ncia de Chico para a cena cultural do pa\u00eds.<\/p>\n<p><strong>Bienal do Livro tem ingressos esgotados no 2\u00ba dia da festa liter\u00e1ria<\/strong><\/p>\n<p><strong>Marcha da Maconha re\u00fane p\u00fablico contra repress\u00e3o ao uso e legaliza\u00e7\u00e3o<\/strong><\/p>\n<p>Programa original da emissora, o <em>Samba na Gamboa<\/em> pode ser acompanhado no app <strong>TV Brasil Play<\/strong> e tamb\u00e9m fica dispon\u00edvel no YouTube do canal. A atra\u00e7\u00e3o ainda tem uma vers\u00e3o radiof\u00f4nica que pode ser sintonizada na <strong>R\u00e1dio Nacional<\/strong> aos s\u00e1bados, ao meio-dia, para toda a rede.<\/p>\n<p>Considerado um dos nomes de destaque da chamada \u201cgera\u00e7\u00e3o Lapa\u201d, Moyseis Marques faz shows tem\u00e1ticos apenas com a vasta discografia de Chico Buarque. O cantor e compositor recorda mem\u00f3rias afetivas com versos do consagrado artista.<\/p>\n<p>\u201c\u00c9 um desafio. Acho que o Chico veio para mim atrav\u00e9s do viol\u00e3o quando eu come\u00e7ava meus primeiros acordes. Eu esbarrava na obra dele e dizia para mim mesmo que ainda n\u00e3o estava preparado. Era aquele ponto harm\u00f4nico, mel\u00f3dico, um arquiteto da can\u00e7\u00e3o, que eu almejava chegar\u201d, lembra o entrevistado ao comentar sua rela\u00e7\u00e3o com a produ\u00e7\u00e3o musical do homenageado.<\/p>\n<p>Moyseis Marques explica a ideia de fazer espet\u00e1culos apenas com temas do \u00edcone da MPB.\u00a0<\/p>\n<p><strong>Brasil encerra GP de boxe na Europa com 6 ouros, 1 prata e 1 bronze<\/strong><\/p>\n<p><strong>INCA: doa\u00e7\u00e3o volunt\u00e1ria de sangue \u00e9 essencial ao tratamento oncol\u00f3gico<\/strong><\/p>\n<p>\u201cCom a chegada do samba na minha vida de maneira profissional, o repert\u00f3rio de Chico Buarque passou a ser essencial\u201d, diz sobre a sele\u00e7\u00e3o de obras marcantes, can\u00e7\u00f5es que marcaram \u00e9poca com melodias \u00fanicas e letras inteligentes.<\/p>\n<h2>Sobre o programa<\/h2>\n<p>A nova temporada do <em>Samba na Gamboa<\/em> que marca a estreia de Teresa Cristina como apresentadora do programa da <strong>TV Brasil<\/strong> foi gravada no Teatro Ruth de Souza, no Parque Gl\u00f3ria Maria, em Santa Teresa.\u00a0<\/p>\n<p>O palco para conversas embaladas por hits \u00e9 um cen\u00e1rio colorido que evoca uma pra\u00e7a na Gamboa, bairro hist\u00f3rico da zona portu\u00e1ria da capital carioca. A presen\u00e7a de plateia \u00e9 outro destaque da atra\u00e7\u00e3o.<\/p>\n<p>Os encontros contam, ainda, com uma banda da pesada, comandada pelo lend\u00e1rio Paul\u00e3o Sete Cordas, que acompanha Teresa Cristina e seus convidados pelo inesgot\u00e1vel repert\u00f3rio do samba brasileiro. A equipe re\u00fane os m\u00fasicos Eduardo Neves (sopros), Jo\u00e3o Callado (cavaco), Paulino Dias (percuss\u00e3o), Rodrigo Jesus (percuss\u00e3o) e Waltis Zacarias (percuss\u00e3o).<\/p>\n<p><strong>Cantora e compositora de m\u00e3o cheia, a diva tamb\u00e9m tem se revelado uma \u00f3tima entrevistadora.<\/strong> Teresa Cristina conduz os papos com muita gra\u00e7a, informa\u00e7\u00e3o, e, principalmente, emo\u00e7\u00e3o. A pesquisa sobre a cultura popular \u00e9 importante para a artista que, al\u00e9m do sucesso com o grupo Semente e na carreira solo, ganhou ainda mais aten\u00e7\u00e3o com as lives que fez nas redes sociais no per\u00edodo da pandemia.<\/p>\n<p>Com novo cen\u00e1rio, pacote gr\u00e1fico e a trilha sonora de abertura repaginados, o <em>Samba na Gamboa<\/em> tem janela semanal, aos domingos, \u00e0s 13h, na programa\u00e7\u00e3o da <strong>TV Brasil<\/strong>. O p\u00fablico pode curtir os conte\u00fados exclusivos no app <strong>TV Brasil Play<\/strong> e no YouTube da emissora. As edi\u00e7\u00f5es tamb\u00e9m ganham espa\u00e7o nas ondas da <strong>R\u00e1dio Nacional<\/strong> aos s\u00e1bados, ao meio-dia, para toda a rede.<\/p>\n<h2>Destaques da temporada<\/h2>\n<p>Durante a nova temporada do <em>Samba na Gamboa<\/em>, Teresa Cristina recebe nomes consagrados do g\u00eanero como \u00c1urea Martins, Dorina, Dudu Nobre, Jorge Arag\u00e3o, Moacyr Luz, Nei Lopes, Tia Surica, Marquinhos de Oswaldo Cruz, Neguinho da Beija Flor, Nei Lopes, Nelson Rufino, Nilze Carvalho, P\u00e9ricles e Sombrinha.<\/p>\n<p>O programa da <strong>TV Brasil<\/strong> tamb\u00e9m vai ter a presen\u00e7a de c\u00e9lebres artistas de outras matizes da m\u00fasica como Adriana Calcanhotto, Fabiana Cozza, Herm\u00ednio Bello de Carvalho, M\u00f4nica Salmaso, Roberta S\u00e1, Simone Mazzer e Z\u00e9 Renato.<\/p>\n<p>A produ\u00e7\u00e3o musical valoriza compositores que escreveram sucessos, mas nem sempre t\u00eam o devido reconhecimento e espa\u00e7o na m\u00eddia. Teresa Cristina recebe nomes como Alex Ribeiro, Alfredo Del-Penho, Claudio Jorge, Mariene de Castro, Moyseis Marques, Serginho Meriti, Toninho Geraes e Z\u00e9 Roberto. Artistas como Lu\u00edsa Dion\u00edsio, Marina \u00cdris, Nego \u00c1lvaro e Mingo Silva s\u00e3o outros convidados da temporada.<\/p>\n<p>O <em>Samba na Gamboa<\/em> ainda traz nessa sequ\u00eancia de atra\u00e7\u00f5es in\u00e9ditas uma s\u00e9rie de programas especiais que destacam a import\u00e2ncia de personalidades consagradas da sonoridade tipicamente nacional. Os conte\u00fados tem\u00e1ticos reverenciam o trabalho de Arlindo Cruz, Chico Buarque e Paulinho da Viola.<\/p>\n<p>O canal p\u00fablico tamb\u00e9m exibe edi\u00e7\u00f5es tem\u00e1ticas que prestam tributo a \u00edcones que j\u00e1 partiram como Aldir Blanc, Almir Guineto, Beth Carvalho, Candeia, Clara Nunes, Dona Ivone Lara, Elizeth Cardoso, Elton Medeiros, Lupic\u00ednio Rodrigues, Monarco, Nelson Cavaquinho, Nelson Sargento, Reinaldo, Wilson Moreira e Z\u00e9 Keti.<\/p>\n<p>Com dire\u00e7\u00e3o de Shirlene Paix\u00e3o, a nova temporada do programa, que marca a volta das edi\u00e7\u00f5es in\u00e9ditas do Samba na Gamboa, tem roteiro e pesquisa do jornalista Leonardo Bruno, profundo conhecedor do g\u00eanero.<\/p>\n<p><strong>O <em>Samba na Gamboa<\/em> re\u00fane grandes int\u00e9rpretes das novas gera\u00e7\u00f5es e nomes consagrados do g\u00eanero e \u00edcones da MPB para uma animada roda de samba. Com Diogo Nogueira, o programa contou com sete temporadas e foi gravado entre 2008 e 2018. At\u00e9 hoje a atra\u00e7\u00e3o faz parte da grade do canal p\u00fablico.<\/strong><\/p>\n<h2>Ao vivo e on demand\u00a0\u00a0\u00a0<\/h2>\n<p>Acompanhe a programa\u00e7\u00e3o da <strong>TV Brasil<\/strong> pelo canal aberto, TV por assinatura e parab\u00f3lica. Sintonize: https:\/\/tvbrasil.ebc.com.br\/comosintonizar.\u00a0\u00a0\u00a0<\/p>\n<p>Seus programas favoritos est\u00e3o no <strong>TV Brasil Play<\/strong>, pelo site http:\/\/tvbrasilplay.com.br ou por aplicativo no smartphone. O app pode ser baixado gratuitamente e est\u00e1 dispon\u00edvel para Android e iOS. Assista tamb\u00e9m pela WebTV: https:\/\/tvbrasil.ebc.com.br\/webtv.\u00a0<\/p>\n<\/div>\n","protected":false},"excerpt":{"rendered":"<p>Na semana do anivers\u00e1rio de 81 anos do cantor e compositor Chico Buarque, na quinta-feira&#8230;<\/p>\n","protected":false},"author":2,"featured_media":0,"comment_status":"","ping_status":"","sticky":false,"template":"","format":"standard","meta":{"footnotes":""},"categories":[2],"tags":[],"class_list":["post-24298","post","type-post","status-publish","format-standard","hentry","category-jogos-ao-vivo"],"amp_enabled":true,"_links":{"self":[{"href":"https:\/\/ipatingafc.com.br\/index.php\/wp-json\/wp\/v2\/posts\/24298","targetHints":{"allow":["GET"]}}],"collection":[{"href":"https:\/\/ipatingafc.com.br\/index.php\/wp-json\/wp\/v2\/posts"}],"about":[{"href":"https:\/\/ipatingafc.com.br\/index.php\/wp-json\/wp\/v2\/types\/post"}],"author":[{"embeddable":true,"href":"https:\/\/ipatingafc.com.br\/index.php\/wp-json\/wp\/v2\/users\/2"}],"replies":[{"embeddable":true,"href":"https:\/\/ipatingafc.com.br\/index.php\/wp-json\/wp\/v2\/comments?post=24298"}],"version-history":[{"count":0,"href":"https:\/\/ipatingafc.com.br\/index.php\/wp-json\/wp\/v2\/posts\/24298\/revisions"}],"wp:attachment":[{"href":"https:\/\/ipatingafc.com.br\/index.php\/wp-json\/wp\/v2\/media?parent=24298"}],"wp:term":[{"taxonomy":"category","embeddable":true,"href":"https:\/\/ipatingafc.com.br\/index.php\/wp-json\/wp\/v2\/categories?post=24298"},{"taxonomy":"post_tag","embeddable":true,"href":"https:\/\/ipatingafc.com.br\/index.php\/wp-json\/wp\/v2\/tags?post=24298"}],"curies":[{"name":"wp","href":"https:\/\/api.w.org\/{rel}","templated":true}]}}