{"id":24301,"date":"2025-06-15T10:23:02","date_gmt":"2025-06-15T13:23:02","guid":{"rendered":"https:\/\/ipatingafc.com.br\/index.php\/2025\/06\/15\/agencia-minas-gerais-aos-72-e-82-anos-casal-retorna-aos-estudos-e-inspira-comunidade-escolar-em-minas-gerais\/"},"modified":"2025-06-15T10:23:02","modified_gmt":"2025-06-15T13:23:02","slug":"agencia-minas-gerais-aos-72-e-82-anos-casal-retorna-aos-estudos-e-inspira-comunidade-escolar-em-minas-gerais","status":"publish","type":"post","link":"https:\/\/ipatingafc.com.br\/index.php\/2025\/06\/15\/agencia-minas-gerais-aos-72-e-82-anos-casal-retorna-aos-estudos-e-inspira-comunidade-escolar-em-minas-gerais\/","title":{"rendered":"Ag\u00eancia Minas Gerais | Aos 72 e 82 anos, casal retorna aos estudos e inspira comunidade escolar em Minas Gerais"},"content":{"rendered":"<p><\/p>\n<div>\n<section class=\"news-related \/ col-md-4 col-lg-3 \/ margin-md-bottom-2 margin-left-1 \/ pull-right \/ hidden-xs hidden-sm\">\n<header>\n<p class=\"text-title-section \/ margin-bottom-1\">Relacionadas<\/p>\n<\/header>\n<p>\t\t\t\t\t\t\t<main><\/p>\n<hr class=\"row margin-md-bottom-2\"\/>\n\t\t\t\t\t\t\t<\/main><br \/>\n\t\t\t\t\t\t<\/section>\n<p>Neuza Duarte Silva, 72 anos, e Ant\u00f4nio Marcelino da Silva, 82, carregam nos ombros n\u00e3o apenas mochilas, mas tamb\u00e9m a for\u00e7a da determina\u00e7\u00e3o e coragem. De m\u00e3os dadas, eles chegam com entusiasmo para as aulas noturnas na Escola Estadual Doutor Sim\u00e3o Tamm Bias Fortes, em Belo Horizonte.<\/p>\n<p>Ap\u00f3s anos afastados dos estudos para cuidar da fam\u00edlia e do trabalho, decidiram retomar a educa\u00e7\u00e3o por meio da Educa\u00e7\u00e3o de Jovens e Adultos (EJA) e v\u00eam conquistando novos objetivos.<\/p>\n<p>A hist\u00f3ria de Neuza e Ant\u00f4nio teve seus primeiros cap\u00edtulos na d\u00e9cada de 1970, em Itabira. Ap\u00f3s conclu\u00edrem o ensino fundamental, as responsabilidades da vida os afastaram da sala de aula, levando-os a se mudar para Vi\u00e7osa. Mas foi em Belo Horizonte, anos depois, que um novo horizonte se abriu para o casal.<\/p>\n<p>Em um dia como outro qualquer, durante uma caminhada pelas ruas de Belo Horizonte, uma faixa chamou a aten\u00e7\u00e3o: matr\u00edculas abertas para a EJA. Para Neuza, o chamado foi instant\u00e2neo, e Ant\u00f4nio, seu fiel companheiro h\u00e1 48 anos, n\u00e3o hesitou em seguir ao seu lado \u2014 um gesto simples, mas cheio de significado, como tantos que marcam uma longa hist\u00f3ria de amor e parceria, como a que celebramos neste 12\/6, Dia dos Namorados.<br \/>&#13;<br \/>\n\u00a0<\/p>\n<table align=\"center\" border=\"0\" cellpadding=\"1\" cellspacing=\"1\" style=\"width: 100%;\">&#13;<\/p>\n<tbody>&#13;<\/p>\n<tr>&#13;<\/p>\n<td colspan=\"5\" style=\"text-align: center; vertical-align: middle;\">&#13;<\/p>\n<p style=\"text-align:center\">\n<p>&#13;\n\t\t\t<\/td>\n<p>&#13;<br \/>\n\t\t<\/tr>\n<p>&#13;<\/p>\n<tr>&#13;<\/p>\n<td style=\"text-align: center; vertical-align: middle;\">\u00a0<\/td>\n<p>&#13;<\/p>\n<td colspan=\"3\" rowspan=\"3\" style=\"text-align: center; vertical-align: middle;\">&#13;<br \/>\n\t\t\t&#13;\n\t\t\t<\/td>\n<p>&#13;<\/p>\n<td style=\"text-align: center; vertical-align: middle;\">\u00a0<\/td>\n<p>&#13;<br \/>\n\t\t<\/tr>\n<p>&#13;<\/p>\n<tr>&#13;<\/p>\n<td style=\"text-align: center; vertical-align: middle;\">\u00a0<\/td>\n<p>&#13;<\/p>\n<td style=\"text-align: center; vertical-align: middle;\">\u00a0<\/td>\n<p>&#13;<br \/>\n\t\t<\/tr>\n<p>&#13;<\/p>\n<tr>&#13;<\/p>\n<td style=\"text-align: center; vertical-align: middle;\">\u00a0<\/td>\n<p>&#13;<\/p>\n<td style=\"text-align: center; vertical-align: middle;\">\u00a0<\/td>\n<p>&#13;<br \/>\n\t\t<\/tr>\n<p>&#13;<\/p>\n<tr>&#13;<\/p>\n<td colspan=\"5\" style=\"text-align: center; vertical-align: middle;\">&#13;<\/p>\n<p style=\"text-align:center\">\n<p>&#13;\n\t\t\t<\/td>\n<p>&#13;<br \/>\n\t\t<\/tr>\n<p>&#13;<br \/>\n\t<\/tbody>\n<p>&#13;<br \/>\n<\/table>\n<p>\u00a0<\/p>\n<p>A EJA \u00e9 uma das importantes modalidades ofertadas pelo Governo de Minas, por meio da Secretaria de Estado de Educa\u00e7\u00e3o (SEE\/MG). O secret\u00e1rio de Estado de Educa\u00e7\u00e3o, Igor de Alvarenga, refor\u00e7a que a EJA assegura o direito \u00e0 escolariza\u00e7\u00e3o para todos, independentemente da idade.<br \/>&#13;<br \/>\n\u00a0<\/p>\n<p>\u00a0<\/p>\n<table align=\"center\" border=\"0\" cellpadding=\"1\" cellspacing=\"1\" style=\"width: 100%;\">&#13;<\/p>\n<tbody>&#13;<\/p>\n<tr>&#13;<\/p>\n<td colspan=\"5\" style=\"text-align: center; vertical-align: middle;\">&#13;<\/p>\n<p style=\"text-align:center\">\n<p>&#13;\n\t\t\t<\/td>\n<p>&#13;<br \/>\n\t\t<\/tr>\n<p>&#13;<\/p>\n<tr>&#13;<\/p>\n<td style=\"text-align: center; vertical-align: middle;\">\u00a0<\/td>\n<p>&#13;<\/p>\n<td colspan=\"3\" rowspan=\"3\" style=\"text-align: center; vertical-align: middle;\">&#13;<br \/>\n\t\t\t&#13;\n\t\t\t<\/td>\n<p>&#13;<\/p>\n<td style=\"text-align: center; vertical-align: middle;\">\u00a0<\/td>\n<p>&#13;<br \/>\n\t\t<\/tr>\n<p>&#13;<\/p>\n<tr>&#13;<\/p>\n<td style=\"text-align: center; vertical-align: middle;\">\u00a0<\/td>\n<p>&#13;<\/p>\n<td style=\"text-align: center; vertical-align: middle;\">\u00a0<\/td>\n<p>&#13;<br \/>\n\t\t<\/tr>\n<p>&#13;<\/p>\n<tr>&#13;<\/p>\n<td style=\"text-align: center; vertical-align: middle;\">\u00a0<\/td>\n<p>&#13;<\/p>\n<td style=\"text-align: center; vertical-align: middle;\">\u00a0<\/td>\n<p>&#13;<br \/>\n\t\t<\/tr>\n<p>&#13;<\/p>\n<tr>&#13;<\/p>\n<td colspan=\"5\" style=\"text-align: center; vertical-align: middle;\">&#13;<\/p>\n<p style=\"text-align:center\">\n<p>&#13;\n\t\t\t<\/td>\n<p>&#13;<br \/>\n\t\t<\/tr>\n<p>&#13;<br \/>\n\t<\/tbody>\n<p>&#13;<br \/>\n<\/table>\n<p>&#13;<br \/>\n<strong>Adapta\u00e7\u00e3o e conquistas<\/strong><\/p>\n<p>Desde o primeiro dia de aula, em 2022, a calorosa recep\u00e7\u00e3o na escola facilitou a integra\u00e7\u00e3o. Neuza iniciou seus estudos no 6\u00ba ano do ensino fundamental, enquanto Ant\u00f4nio ingressou no 1\u00ba ano do ensino m\u00e9dio. Mesmo diante de desafios iniciais, o apoio constante da fam\u00edlia e da escola foi fundamental para impulsionar o progresso de ambos.<\/p>\n<p>No ano passado, Ant\u00f4nio concluiu o ensino m\u00e9dio, mas sua jornada na escola continua. Atualmente, ele se dedica ao 2\u00ba m\u00f3dulo do curso t\u00e9cnico em Administra\u00e7\u00e3o. Neuza, agora no 2\u00ba ano do ensino m\u00e9dio, j\u00e1 planeja seguir os passos do marido em um curso t\u00e9cnico.<br \/>&#13;<br \/>\n\u00a0<\/p>\n<table align=\"center\" border=\"0\" cellpadding=\"1\" cellspacing=\"1\" style=\"width: 100%;\">&#13;<\/p>\n<tbody>&#13;<\/p>\n<tr>&#13;<\/p>\n<td colspan=\"5\" style=\"text-align: center; vertical-align: middle;\">&#13;<\/p>\n<p style=\"text-align:center\">\n<p>&#13;\n\t\t\t<\/td>\n<p>&#13;<br \/>\n\t\t<\/tr>\n<p>&#13;<\/p>\n<tr>&#13;<\/p>\n<td style=\"text-align: center; vertical-align: middle;\">\u00a0<\/td>\n<p>&#13;<\/p>\n<td colspan=\"3\" rowspan=\"3\" style=\"text-align: center; vertical-align: middle;\">&#13;<br \/>\n\t\t\t&#13;\n\t\t\t<\/td>\n<p>&#13;<\/p>\n<td style=\"text-align: center; vertical-align: middle;\">\u00a0<\/td>\n<p>&#13;<br \/>\n\t\t<\/tr>\n<p>&#13;<\/p>\n<tr>&#13;<\/p>\n<td style=\"text-align: center; vertical-align: middle;\">\u00a0<\/td>\n<p>&#13;<\/p>\n<td style=\"text-align: center; vertical-align: middle;\">\u00a0<\/td>\n<p>&#13;<br \/>\n\t\t<\/tr>\n<p>&#13;<\/p>\n<tr>&#13;<\/p>\n<td style=\"text-align: center; vertical-align: middle;\">\u00a0<\/td>\n<p>&#13;<\/p>\n<td style=\"text-align: center; vertical-align: middle;\">\u00a0<\/td>\n<p>&#13;<br \/>\n\t\t<\/tr>\n<p>&#13;<\/p>\n<tr>&#13;<\/p>\n<td colspan=\"5\" style=\"text-align: center; vertical-align: middle;\">&#13;<\/p>\n<p style=\"text-align:center\">\n<p>&#13;\n\t\t\t<\/td>\n<p>&#13;<br \/>\n\t\t<\/tr>\n<p>&#13;<br \/>\n\t<\/tbody>\n<p>&#13;<br \/>\n<\/table>\n<p>&#13;<br \/>\n<strong>Exemplos de determina\u00e7\u00e3o<\/strong><br \/>&#13;<br \/>\n\u00a0<\/p>\n<figure class=\"image\" style=\"float:left\">&#13;<figcaption><sub><em>O casal Neuza e Ant\u00f4nio com a diretora Daniele Moreira.<br \/>&#13;<br \/>\nFonte: SEE \/ Divulga\u00e7\u00e3o.<\/em><\/sub><\/figcaption>&#13;<br \/>\n<\/figure>\n<p>Ant\u00f4nio e Neuza se tornaram um s\u00edmbolo da Escola Estadual Doutor Sim\u00e3o Tamm Bias Fortes. Professores e outros alunos n\u00e3o escondem a admira\u00e7\u00e3o pelo casal. A diretora da institui\u00e7\u00e3o de ensino, Daniele Moreira destaca o valor que a dupla d\u00e1 \u00e0 educa\u00e7\u00e3o e que a atitude inspira a comunidade escolar.<\/p>\n<p>\u201cPara a gente, \u00e9 um tremendo orgulho e \u00e9 emocionante, pois a energia deles passa n\u00e3o apenas a mensagem da educa\u00e7\u00e3o, mas, tamb\u00e9m, do amor e da parceria. N\u00e3o tem um professor que n\u00e3o fale bem deles\u201d, comenta.<\/p>\n<p><strong>Porta aberta para o conhecimento<\/strong><\/p>\n<p>A EJA \u00e9 uma porta de entrada para o conhecimento, permitindo que quem n\u00e3o p\u00f4de concluir a educa\u00e7\u00e3o b\u00e1sica na idade regular possa faz\u00ea-lo a qualquer momento do ano letivo, de acordo com sua din\u00e2mica e a legisla\u00e7\u00e3o vigente. Essa flexibilidade visa atender \u00e0s necessidades de estudantes jovens, adultos e idosos, muitas vezes interrompidas por fatores sociais, econ\u00f4micos ou pessoais.<\/p>\n<p>A modalidade est\u00e1 presente em 1.207 escolas estaduais em 508 munic\u00edpios mineiros, com matr\u00edculas abertas continuamente. Al\u00e9m das escolas, os Centros Estaduais de Educa\u00e7\u00e3o Continuada (Cesec) oferecem alternativas com atendimentos individualizados, avalia\u00e7\u00f5es parciais e processos de certifica\u00e7\u00e3o por \u00e1rea do conhecimento, especialmente para quem tem trajet\u00f3rias escolares interrompidas.<\/p>\n<p>Silene Gelmini, da equipe t\u00e9cnica da SEE\/MG, destaca que o retorno aos estudos pode abrir portas para o mercado de trabalho, qualifica\u00e7\u00e3o profissional e at\u00e9 o ensino superior. \u201cA modalidade tem um potencial transformador para resgatar sonhos e concretizar projetos\u201d. Para informa\u00e7\u00f5es, os interessados devem procurar a escola mais pr\u00f3xima ou consultar o site da\u00a0Secretaria de Educa\u00e7\u00e3o.<\/p>\n<\/p><\/div>\n","protected":false},"excerpt":{"rendered":"<p>Relacionadas Neuza Duarte Silva, 72 anos, e Ant\u00f4nio Marcelino da Silva, 82, carregam nos ombros&#8230;<\/p>\n","protected":false},"author":2,"featured_media":0,"comment_status":"","ping_status":"","sticky":false,"template":"","format":"standard","meta":{"footnotes":""},"categories":[2],"tags":[],"class_list":["post-24301","post","type-post","status-publish","format-standard","hentry","category-jogos-ao-vivo"],"amp_enabled":true,"_links":{"self":[{"href":"https:\/\/ipatingafc.com.br\/index.php\/wp-json\/wp\/v2\/posts\/24301","targetHints":{"allow":["GET"]}}],"collection":[{"href":"https:\/\/ipatingafc.com.br\/index.php\/wp-json\/wp\/v2\/posts"}],"about":[{"href":"https:\/\/ipatingafc.com.br\/index.php\/wp-json\/wp\/v2\/types\/post"}],"author":[{"embeddable":true,"href":"https:\/\/ipatingafc.com.br\/index.php\/wp-json\/wp\/v2\/users\/2"}],"replies":[{"embeddable":true,"href":"https:\/\/ipatingafc.com.br\/index.php\/wp-json\/wp\/v2\/comments?post=24301"}],"version-history":[{"count":0,"href":"https:\/\/ipatingafc.com.br\/index.php\/wp-json\/wp\/v2\/posts\/24301\/revisions"}],"wp:attachment":[{"href":"https:\/\/ipatingafc.com.br\/index.php\/wp-json\/wp\/v2\/media?parent=24301"}],"wp:term":[{"taxonomy":"category","embeddable":true,"href":"https:\/\/ipatingafc.com.br\/index.php\/wp-json\/wp\/v2\/categories?post=24301"},{"taxonomy":"post_tag","embeddable":true,"href":"https:\/\/ipatingafc.com.br\/index.php\/wp-json\/wp\/v2\/tags?post=24301"}],"curies":[{"name":"wp","href":"https:\/\/api.w.org\/{rel}","templated":true}]}}