{"id":24303,"date":"2025-06-15T11:32:17","date_gmt":"2025-06-15T14:32:17","guid":{"rendered":"https:\/\/ipatingafc.com.br\/index.php\/2025\/06\/15\/recuperacao-do-rio-doce-precisa-avaliar-mudanca-climatica-diz-estudo\/"},"modified":"2025-06-15T11:32:17","modified_gmt":"2025-06-15T14:32:17","slug":"recuperacao-do-rio-doce-precisa-avaliar-mudanca-climatica-diz-estudo","status":"publish","type":"post","link":"https:\/\/ipatingafc.com.br\/index.php\/2025\/06\/15\/recuperacao-do-rio-doce-precisa-avaliar-mudanca-climatica-diz-estudo\/","title":{"rendered":"Recupera\u00e7\u00e3o do Rio Doce precisa avaliar mudan\u00e7a clim\u00e1tica, diz estudo"},"content":{"rendered":"<p><\/p>\n<div wp_automatic_readability=\"186.56797583082\">\n<p>As iniciativas desenvolvidas atualmente para restaurar o curso de \u00e1gua que banha os estados de Minas Gerais e Esp\u00edrito Santo, na Bacia do Rio Doce, podem n\u00e3o ser eficazes a longo prazo, caso os cen\u00e1rios clim\u00e1ticos futuros n\u00e3o sejam considerados. O alerta foi feito na pesquisa <em>Adaptative Restoration Planning to Enhance Water Security in a Changing Climate<\/em>, do Laborat\u00f3rio de Ecologia e Conserva\u00e7\u00e3o de Ecossistemas (LECE)\u00a0da Universidade do Estado do Rio de Janeiro (Uerj),\u00a0publicada\u00a0em abril na revista internacional Ambio.<\/p>\n<p>A pesquisa indica que, dependendo do impacto das mudan\u00e7as clim\u00e1ticas\u00a0sobre a eros\u00e3o nas margens da\u00a0bacia, devem ser alteradas as prioridades no trabalho de restaura\u00e7\u00e3o ecol\u00f3gica, para minimizar a quantidade de sedimentos que ser\u00e3o levados rio abaixo e preservar a qualidade da \u00e1gua.<\/p>\n<p>O trabalho\u00a0foi desenvolvido no mestrado do bi\u00f3logo Luiz Conrado Silva, no Programa de P\u00f3s-Gradua\u00e7\u00e3o em Ecologia e Evolu\u00e7\u00e3o da Uerj, e\u00a0usou a Bacia do Rio Doce como estudo de caso para realizar uma an\u00e1lise de como a recupera\u00e7\u00e3o da vegeta\u00e7\u00e3o nativa nas margens dos rios, prevista pela Lei de Prote\u00e7\u00e3o a Vegeta\u00e7\u00e3o Nativa (LPVN) de 2012, poderia influenciar a qualidade da \u00e1gua diante de diferentes cen\u00e1rios clim\u00e1ticos projetados para 2070. A metodologia utilizada foi a de Avalia\u00e7\u00e3o Integrada de Servi\u00e7os Ecossist\u00eamicos (InVEST), desenvolvida pela Universidade de Stanford, com a orienta\u00e7\u00e3o da professora do Departamento de Ecologia da Uerj, a bi\u00f3loga Aliny Pires.<\/p>\n<p><strong>Reviravolta no caso Adalberto; pol\u00edcia muda linha de investiga\u00e7\u00e3o ap\u00f3s novos laudos<\/strong><\/p>\n<p><strong>Hoje \u00e9 Dia destaca o respeito aos idosos, orgulho autista e refugiados<\/strong><\/p>\n<h2>Rompimento de barragens<\/h2>\n<p>O rompimento da barragem de Fund\u00e3o, em Mariana (MG), que liberou cerca de 40 milh\u00f5es de metros c\u00fabicos de rejeitos de min\u00e9rio de ferro e provocou devasta\u00e7\u00e3o ambiental e social na regi\u00e3o, completa dez anos em 2025. O desastre, no dia 5 de novembro de 2015, resultou nas mortes de 19 pessoas e impactos em diversas comunidades ao longo da bacia. Em\u00a025 de janeiro de 2019, outro rompimento de barragem, desta vez, em Brumadinho (MG), agravou os danos ambientais e sociais na regi\u00e3o da bacia do Rio Doce. <strong>Pelos c\u00e1lculos dos especialistas, cerca de 2,2 milh\u00f5es de pessoas dependem das \u00e1guas da bacia.<\/strong><\/p>\n<p>A inten\u00e7\u00e3o da pesquisa foi identificar benef\u00edcios da restaura\u00e7\u00e3o ecol\u00f3gica para a qualidade da \u00e1gua, considerado o principal componente atingido pelo rompimento da barragem de Fund\u00e3o. Para recuperar os danos e a destrui\u00e7\u00e3o de ecossistemas, al\u00e9m de restabelecer a estrutura, a fun\u00e7\u00e3o e a biodiversidade do ambiente, segundo os autores, a restaura\u00e7\u00e3o ecol\u00f3gica \u00e9 uma resposta ativa \u00e0 degrada\u00e7\u00e3o ambiental. Eles indicaram que o plantio de esp\u00e9cies nativas, a recupera\u00e7\u00e3o de \u00e1reas impactadas com eventos de queimada e a cria\u00e7\u00e3o de corredores ecol\u00f3gicos, est\u00e3o entre exemplos de procedimentos recomendados.<\/p>\n<p>Apesar disso, na vis\u00e3o dos pesquisadores, <strong>a aus\u00eancia de uma abordagem clim\u00e1tica no processo de restaura\u00e7\u00e3o pode comprometer iniciativas dos projetos<\/strong>. Conforme a avalia\u00e7\u00e3o, sem levar em conta os impactos futuros do clima, o que se espera hoje da restaura\u00e7\u00e3o\u00a0pode n\u00e3o se confirmar ao longo dos anos. A professora acrescentou que, em termos de estrat\u00e9gias, \u00e9 preciso olhar para as \u00e1reas que est\u00e3o mais conservadas e que, eventualmente, s\u00e3o negligenciadas no processo de restaura\u00e7\u00e3o, como \u00e1reas fundamentais para serem inclu\u00eddas nessa perspectiva.<\/p>\n<blockquote wp_automatic_readability=\"8.3934426229508\">\n<p>\u201cDuas coisas a gente acha fundamentais:\u00a0a\u00a0primeira delas \u00e9 restaurar as \u00e1reas degradadas da por\u00e7\u00e3o alta da Bacia do Rio Doce e a segunda \u00e9 conservar as \u00e1reas que est\u00e3o presentes dentro ela\u201d, indicou a bi\u00f3loga em entrevista \u00e0 <strong>Ag\u00eancia Brasil<\/strong>.<\/p>\n<p><strong>Samba na Gamboa homenageia Chico Buarque<\/strong><\/p>\n<p><strong>Bienal do Livro tem ingressos esgotados no 2\u00ba dia da festa liter\u00e1ria<\/strong><\/p>\n<\/blockquote>\n<p>Aliny Pires v\u00ea com satisfa\u00e7\u00e3o a discuss\u00e3o de algumas iniciativas voltadas para o estabelecimento de unidades de conserva\u00e7\u00e3o nessa por\u00e7\u00e3o do Rio. \u201cIsso pode ter um benef\u00edcio enorme, porque, al\u00e9m da restaura\u00e7\u00e3o, a gente tem que garantir que a vegeta\u00e7\u00e3o nativa presente nesses territ\u00f3rios n\u00e3o seja desmatada. Essa \u00e9 uma informa\u00e7\u00e3o em que a gente espera que a nossa pesquisa subsidie a tomada de decis\u00e3o, para que a gente consiga proteger o alto Rio Doce e garantir que os benef\u00edcios que essa regi\u00e3o pode trazer para a qualidade da \u00e1gua em toda a bacia sejam mantidos, sem deixar de considerar os processos de restaura\u00e7\u00e3o e as possibilidades e outros benef\u00edcios associados na por\u00e7\u00e3o m\u00e9dia e baixa do Rio\u201d, comentou.<\/p>\n<p>\u00a0<\/p>\n<div class=\"dnd-widget-wrapper context-cheio_8colunas type-image\">\n<h6 class=\"meta\">Distrito de Bento Rodrigues, em Mariana (MG), atingido pelo rompimento de duas barragens de rejeitos da mineradora Samarco\u00a0<strong>Antonio Cruz\/ Ag\u00eancia Brasil<\/strong><!--END copyright=110631--><\/h6>\n<\/div>\n<h2>Avalia\u00e7\u00e3o<\/h2>\n<p>De acordo com o estudo, <strong>as mudan\u00e7as clim\u00e1ticas podem intensificar a eros\u00e3o e aumentar a exporta\u00e7\u00e3o de sedimentos<\/strong> em at\u00e9 500 mil toneladas por ano na sub-bacia de Santo Ant\u00f4nio; 345 mil toneladas na de Piracicaba; e 140 mil toneladas na de Piranga. Isso \u201cpode afetar a seguran\u00e7a h\u00eddrica das comunidades locais dessas regi\u00f5es e daquelas localizadas no curso da bacia\u201d.<\/p>\n<p>Outra conclus\u00e3o da pesquisa indicou que <strong>a restaura\u00e7\u00e3o das margens dos rios pode reduzir em at\u00e9 90% a exporta\u00e7\u00e3o de sedimentos para os cursos d\u2019\u00e1gua, melhorando a qualidade da \u00e1gua e contribuindo para a resili\u00eancia do ecossistema<\/strong>. No entanto, em \u00e1reas como a sub-bacia de Santo Ant\u00f4nio, somente a recupera\u00e7\u00e3o das margens previstas pela LPVN n\u00e3o ser\u00e1 suficiente. Ali, vai ser preciso \u201campliar significativamente\u201d as \u00e1reas restauradas para al\u00e9m da regi\u00e3o de transi\u00e7\u00e3o entre ambientes terrestres e aqu\u00e1ticos, a fim de garantir os benef\u00edcios ambientais futuramente.<\/p>\n<blockquote wp_automatic_readability=\"15\">\n<p>\u201cNossos resultados mostraram que, com a mudan\u00e7a do clima, a gente prev\u00ea um aumento grande na precipita\u00e7\u00e3o na por\u00e7\u00e3o alta da Bacia do Rio Doce. Com o aumento, mesmo ela tendo \u00e1reas menos degradadas, as \u00e1reas degradadas existentes v\u00e3o causar o escoamento de uma quantidade muito grande de sedimentos para dentro do Rio. Isso, ao entrar na Bacia hidrogr\u00e1fica e percorrer todo o Rio Doce, vai comprometer a qualidade da \u00e1gua em toda a sua extens\u00e3o\u201d, observou a professora.<\/p>\n<\/blockquote>\n<p><strong>O estudo apontou ainda que a defini\u00e7\u00e3o de \u00e1reas priorit\u00e1rias para restaura\u00e7\u00e3o depende diretamente do cen\u00e1rio clim\u00e1tico projetado<\/strong>, que se altera em cinco das oito sub-bacias analisadas, \u201crefor\u00e7ando a necessidade de incluir essas proje\u00e7\u00f5es no planejamento da restaura\u00e7\u00e3o ecol\u00f3gica a fim de garantir os melhores benef\u00edcios no longo prazo\u201d.<\/p>\n<p>A pesquisa de Luiz Conrado\u00a0foi desenvolvida entre mar\u00e7o de 2024 e fevereiro de 2025. O pesquisador\u00a0atualmente faz doutorado, tamb\u00e9m\u00a0na \u00e1rea de Ecologia e Evolu\u00e7\u00e3o da Uerj. A restaura\u00e7\u00e3o ecol\u00f3gica sempre foi uma paix\u00e3o para o bi\u00f3logo, que gosta de trabalhar com a l\u00f3gica de ambientes impactados e viu na\u00a0Bacia do Rio Doce, um contexto muito interessante para aplicar aquilo que j\u00e1 tinha vontade de desenvolver.<\/p>\n<p>\u201cFazia muito sentido, no contexto da Bacia do Rio Doce, incorporar tamb\u00e9m uma avalia\u00e7\u00e3o clim\u00e1tica para achar sinais de restaura\u00e7\u00e3o e ver como as coisas estavam funcionando espacialmente,\u201d, explicou Luiz Conrado em entrevista \u00e0 <strong>Ag\u00eancia Brasil<\/strong>.<\/p>\n<p>A inten\u00e7\u00e3o dele era ajudar a desenvolver uma pesquisa que de fato melhorasse a qualidade de vida das pessoas. \u201cAcho que, no contexto social de degrada\u00e7\u00e3o que a gente vive, esse \u00e9 o caminho que eu enxergo de aplicar alguma mudan\u00e7a. Entender como a restaura\u00e7\u00e3o acontece, pesquisar formas mais eficientes de ela acontecer, pensar em estrat\u00e9gias novas para a mitiga\u00e7\u00e3o de impacto e para recupera\u00e7\u00e3o de \u00e1reas degradadas\u201d, apontou.<\/p>\n<p>\u00a0<\/p>\n<div class=\"dnd-widget-wrapper context-cheio_8colunas type-image\" wp_automatic_readability=\"6.5\">\n<div class=\"dnd-caption-wrapper\" wp_automatic_readability=\"8\">\n<p><!--copyright=152123-->Foz do rio Doce, distrito de Reg\u00eancia \u2013 <strong>T\u00e2nia R\u00eago\/Ag\u00eancia Brasil<\/strong><!--END copyright=152123--><\/p>\n<\/div>\n<\/div>\n<h2>Protocolo pode ser replicado<\/h2>\n<p>A professora acrescentou que n\u00e3o se trata de apontar erros nas medidas que est\u00e3o em andamento para a repara\u00e7\u00e3o da Bacia do Rio Doce. Segundo ela, o que o estudo prop\u00f5e \u00e9 apresentar alternativas \u00e0 prioriza\u00e7\u00e3o das \u00e1reas que tem que ser restauradas.<\/p>\n<p>\u201cN\u00e3o \u00e9 esse o ponto, n\u00e3o tem nada sendo feito de errado.\u00a0Mas, talvez, a gente esteja come\u00e7ando pelo lugar que traz menos benef\u00edcios no futuro. O que chama aten\u00e7\u00e3o \u00e9 que a gente precisa de medidas complementares, para que tenha uma resposta efetiva.<\/p>\n<p>A expectativa da professora \u00e9 que as conclus\u00f5es do estudo possam ser utilizadas em outros ecossistemas degradados. De acordo com ela, al\u00e9m do caso da Bacia do Rio Doce, que \u00e9 urgente e emblem\u00e1tico para o contexto nacional, \u00e9 importante destacar que <strong>a pesquisa apresenta um protocolo que pode ser replicado em v\u00e1rios outros ambientes de prioriza\u00e7\u00e3o da restaura\u00e7\u00e3o<\/strong>, considerando servi\u00e7os ecossist\u00eamicos que s\u00e3o chave para a recupera\u00e7\u00e3o de \u00e1reas degradadas ou para uso de uma determinada popula\u00e7\u00e3o.<\/p>\n<p>\u201cQuando a gente decide que um servi\u00e7o ecossist\u00eamico tem um papel-chave dentro de um contexto de recupera\u00e7\u00e3o de um ecossistema, a gente pode incorporar o impacto das mudan\u00e7as clim\u00e1ticas na provis\u00e3o desses servi\u00e7os e entender como diferentes cen\u00e1rios de restaura\u00e7\u00e3o podem ser mais ou menos efetivos nesses diferentes contextos clim\u00e1ticos\u00a0e, consequentemente, definir estrat\u00e9gias. A gente entende que esse nosso esfor\u00e7o n\u00e3o se restringe \u00e0 Bacia do Rio Doce, mas apresenta um protocolo que pode ser replicado e aplicado em diferentes contextos\u201d, concluiu.<\/p>\n<p>Aliny disse que eles pretendem levar os resultados da pesquisa para os tomadores de decis\u00f5es que estejam relacionados aos processos de recupera\u00e7\u00e3o do Rio Doce. \u201cA gente est\u00e1 em uma miss\u00e3o de mobilizar todos os atores envolvidos com esta discuss\u00e3o para que essa informa\u00e7\u00e3o atinja pesquisadores, respons\u00e1veis nas mineradoras, ICMBio, estados de Minas Gerais e Esp\u00edrito Santo para que isso fa\u00e7a sentido e possa ser incorporado\u201d, adiantou.<\/p>\n<p>\u00a0<\/p>\n<p>\u00a0<\/p>\n<\/div>\n","protected":false},"excerpt":{"rendered":"<p>As iniciativas desenvolvidas atualmente para restaurar o curso de \u00e1gua que banha os estados de&#8230;<\/p>\n","protected":false},"author":2,"featured_media":0,"comment_status":"","ping_status":"","sticky":false,"template":"","format":"standard","meta":{"footnotes":""},"categories":[2],"tags":[],"class_list":["post-24303","post","type-post","status-publish","format-standard","hentry","category-jogos-ao-vivo"],"amp_enabled":true,"_links":{"self":[{"href":"https:\/\/ipatingafc.com.br\/index.php\/wp-json\/wp\/v2\/posts\/24303","targetHints":{"allow":["GET"]}}],"collection":[{"href":"https:\/\/ipatingafc.com.br\/index.php\/wp-json\/wp\/v2\/posts"}],"about":[{"href":"https:\/\/ipatingafc.com.br\/index.php\/wp-json\/wp\/v2\/types\/post"}],"author":[{"embeddable":true,"href":"https:\/\/ipatingafc.com.br\/index.php\/wp-json\/wp\/v2\/users\/2"}],"replies":[{"embeddable":true,"href":"https:\/\/ipatingafc.com.br\/index.php\/wp-json\/wp\/v2\/comments?post=24303"}],"version-history":[{"count":0,"href":"https:\/\/ipatingafc.com.br\/index.php\/wp-json\/wp\/v2\/posts\/24303\/revisions"}],"wp:attachment":[{"href":"https:\/\/ipatingafc.com.br\/index.php\/wp-json\/wp\/v2\/media?parent=24303"}],"wp:term":[{"taxonomy":"category","embeddable":true,"href":"https:\/\/ipatingafc.com.br\/index.php\/wp-json\/wp\/v2\/categories?post=24303"},{"taxonomy":"post_tag","embeddable":true,"href":"https:\/\/ipatingafc.com.br\/index.php\/wp-json\/wp\/v2\/tags?post=24303"}],"curies":[{"name":"wp","href":"https:\/\/api.w.org\/{rel}","templated":true}]}}