{"id":24304,"date":"2025-06-15T11:56:53","date_gmt":"2025-06-15T14:56:53","guid":{"rendered":"https:\/\/ipatingafc.com.br\/index.php\/2025\/06\/15\/agencia-minas-gerais-parceria-entre-governo-de-minas-e-tribunal-de-justica-resulta-em-mais-de-16-mil-acordos-homologados-em-um-ano-e-meio\/"},"modified":"2025-06-15T11:56:53","modified_gmt":"2025-06-15T14:56:53","slug":"agencia-minas-gerais-parceria-entre-governo-de-minas-e-tribunal-de-justica-resulta-em-mais-de-16-mil-acordos-homologados-em-um-ano-e-meio","status":"publish","type":"post","link":"https:\/\/ipatingafc.com.br\/index.php\/2025\/06\/15\/agencia-minas-gerais-parceria-entre-governo-de-minas-e-tribunal-de-justica-resulta-em-mais-de-16-mil-acordos-homologados-em-um-ano-e-meio\/","title":{"rendered":"Ag\u00eancia Minas Gerais | Parceria entre Governo de Minas e Tribunal de Justi\u00e7a resulta em mais de 16 mil acordos homologados em um ano e meio"},"content":{"rendered":"<p><\/p>\n<div>\n<section class=\"news-related \/ col-md-4 col-lg-3 \/ margin-md-bottom-2 margin-left-1 \/ pull-right \/ hidden-xs hidden-sm\">\n<header>\n<p class=\"text-title-section \/ margin-bottom-1\">Relacionadas<\/p>\n<\/header>\n<p>\t\t\t\t\t\t\t<main><\/p>\n<hr class=\"row margin-md-bottom-2\"\/>\n<hr class=\"row margin-md-bottom-2\"\/>\n<hr class=\"row margin-md-bottom-2\"\/>\n\t\t\t\t\t\t\t<\/main><br \/>\n\t\t\t\t\t\t<\/section>\n<p>O trabalho conjunto entre o Governo de Minas, por meio da Advocacia-Geral do Estado (AGE-MG), e o Tribunal de Justi\u00e7a de Minas Gerais (TJMG), para a homologa\u00e7\u00e3o de acordos c\u00e9leres e eficazes, resultou na desjudicializa\u00e7\u00e3o de quase 16,5 mil processos nos \u00faltimos 18 meses.<\/p>\n<p>De dezembro de 2023 a maio de 2025, o tribunal homologou 16.415 acordos, sendo 7 mil de regulariza\u00e7\u00e3o fundi\u00e1ria, 5.314 de pagamentos de advogados dativos e 2.341\u00a0de acordos diretos em precat\u00f3rio.<\/p>\n<p>Para o governador de Minas Gerais, Romeu Zema, &#8220;essa desjudicializa\u00e7\u00e3o reduz o n\u00famero de processos e amplia a efici\u00eancia da m\u00e1quina p\u00fablica. O lit\u00edgio nem sempre \u00e9 a melhor alternativa, gera um custo enorme e sobrecarrega o Estado e o Poder Judici\u00e1rio\u201d.<br \/>&#13;<br \/>\n\u00a0<\/p>\n<table align=\"center\" border=\"0\" cellpadding=\"1\" cellspacing=\"1\" style=\"width: 70%;\">&#13;<\/p>\n<tbody>&#13;<\/p>\n<tr>&#13;<\/p>\n<td colspan=\"5\" style=\"text-align: center; vertical-align: middle;\">&#13;<\/p>\n<p style=\"text-align:center\">\n<p>&#13;\n\t\t\t<\/td>\n<p>&#13;<br \/>\n\t\t<\/tr>\n<p>&#13;<\/p>\n<tr>&#13;<\/p>\n<td style=\"text-align: center; vertical-align: middle;\">\u00a0<\/td>\n<p>&#13;<\/p>\n<td colspan=\"3\" rowspan=\"3\" style=\"text-align: center; vertical-align: middle;\">&#13;<br \/>\n\t\t\t&#13;\n\t\t\t<\/td>\n<p>&#13;<\/p>\n<td style=\"text-align: center; vertical-align: middle;\">\u00a0<\/td>\n<p>&#13;<br \/>\n\t\t<\/tr>\n<p>&#13;<\/p>\n<tr>&#13;<\/p>\n<td style=\"text-align: center; vertical-align: middle;\">\u00a0<\/td>\n<p>&#13;<\/p>\n<td style=\"text-align: center; vertical-align: middle;\">\u00a0<\/td>\n<p>&#13;<br \/>\n\t\t<\/tr>\n<p>&#13;<\/p>\n<tr>&#13;<\/p>\n<td style=\"text-align: center; vertical-align: middle;\">\u00a0<\/td>\n<p>&#13;<\/p>\n<td style=\"text-align: center; vertical-align: middle;\">\u00a0<\/td>\n<p>&#13;<br \/>\n\t\t<\/tr>\n<p>&#13;<\/p>\n<tr>&#13;<\/p>\n<td colspan=\"5\" style=\"text-align: center; vertical-align: middle;\">&#13;<\/p>\n<p style=\"text-align:center\">\n<p>&#13;\n\t\t\t<\/td>\n<p>&#13;<br \/>\n\t\t<\/tr>\n<p>&#13;<br \/>\n\t<\/tbody>\n<p>&#13;<br \/>\n<\/table>\n<p>&#13;<br \/>\nO advogado-geral do Estado, S\u00e9rgio Pessoa de Paula Castro, revela\u00a0que a atual gest\u00e3o do TJMG intensificou a homologa\u00e7\u00e3o de acordos. &#8220;Em um cen\u00e1rio de resolutividade em prol da efici\u00eancia administrativa, destaco, entre o conjunto de acordos, a regulariza\u00e7\u00e3o fundi\u00e1ria e os que envolvem Direito Sanit\u00e1rio (\u00e1rea da sa\u00fade)&#8221;.<\/p>\n<p>&#8220;Ressalto tamb\u00e9m a parceria institucional entre o conjunto das secretarias de Estado e a AGE-MG, destacando-se a atua\u00e7\u00e3o da Secretaria de Planejamento e Gest\u00e3o (Seplag) e da Secretaria de Fazenda (SEF\/MG) na viabiliza\u00e7\u00e3o dos acordos judiciais&#8221;, acrescenta o advogado-geral.<\/p>\n<p>Em maio, a AGE-MG e o TJMG firmaram um acordo para a desjudicializa\u00e7\u00e3o de processos que tratam do fornecimento de medicamentos pelo Sistema \u00danico de Sa\u00fade (SUS). A expectativa \u00e9 que cerca de 5 mil a\u00e7\u00f5es em tramita\u00e7\u00e3o sejam solucionadas por meio da aplica\u00e7\u00e3o dos chamados Temas de Repercuss\u00e3o Geral (n\u00fameros 1.234, 793 e 6), do Supremo Tribunal Federal (STF).<br \/>&#13;<br \/>\n\u00a0<\/p>\n<table align=\"center\" border=\"0\" cellpadding=\"1\" cellspacing=\"1\" style=\"width: 100%;\">&#13;<\/p>\n<tbody>&#13;<\/p>\n<tr>&#13;<\/p>\n<td colspan=\"5\" style=\"text-align: center; vertical-align: middle;\">&#13;<\/p>\n<p style=\"text-align:center\">\n<p>&#13;\n\t\t\t<\/td>\n<p>&#13;<br \/>\n\t\t<\/tr>\n<p>&#13;<\/p>\n<tr>&#13;<\/p>\n<td style=\"text-align: center; vertical-align: middle;\">\u00a0<\/td>\n<p>&#13;<\/p>\n<td colspan=\"3\" rowspan=\"3\" style=\"text-align: center; vertical-align: middle;\">&#13;<br \/>\n\t\t\t&#13;\n\t\t\t<\/td>\n<p>&#13;<\/p>\n<td style=\"text-align: center; vertical-align: middle;\">\u00a0<\/td>\n<p>&#13;<br \/>\n\t\t<\/tr>\n<p>&#13;<\/p>\n<tr>&#13;<\/p>\n<td style=\"text-align: center; vertical-align: middle;\">\u00a0<\/td>\n<p>&#13;<\/p>\n<td style=\"text-align: center; vertical-align: middle;\">\u00a0<\/td>\n<p>&#13;<br \/>\n\t\t<\/tr>\n<p>&#13;<\/p>\n<tr>&#13;<\/p>\n<td style=\"text-align: center; vertical-align: middle;\">\u00a0<\/td>\n<p>&#13;<\/p>\n<td style=\"text-align: center; vertical-align: middle;\">\u00a0<\/td>\n<p>&#13;<br \/>\n\t\t<\/tr>\n<p>&#13;<\/p>\n<tr>&#13;<\/p>\n<td colspan=\"5\" style=\"text-align: center; vertical-align: middle;\">&#13;<\/p>\n<p style=\"text-align:center\">\n<p>&#13;\n\t\t\t<\/td>\n<p>&#13;<br \/>\n\t\t<\/tr>\n<p>&#13;<br \/>\n\t<\/tbody>\n<p>&#13;<br \/>\n<\/table>\n<p>&#13;<br \/>\n<strong>Ganho para o cidad\u00e3o<\/strong><\/p>\n<p>Para o presidente do TJMG, desembargador Luiz Carlos Corr\u00eaa Junior, a concilia\u00e7\u00e3o j\u00e1 pode ser considerada uma pol\u00edtica permanente do Judici\u00e1rio em Minas, resultado da proximidade institucional, amparada por diversas iniciativas conjuntas, di\u00e1logo cont\u00ednuo, coopera\u00e7\u00f5es duradouras e projetos consolidados em parceria.<br \/>&#13;<br \/>\n\u00a0<\/p>\n<table align=\"center\" border=\"0\" cellpadding=\"1\" cellspacing=\"1\" style=\"width: 100%;\">&#13;<\/p>\n<tbody>&#13;<\/p>\n<tr>&#13;<\/p>\n<td colspan=\"5\" style=\"text-align: center; vertical-align: middle;\">&#13;<\/p>\n<p style=\"text-align:center\">\n<p>&#13;\n\t\t\t<\/td>\n<p>&#13;<br \/>\n\t\t<\/tr>\n<p>&#13;<\/p>\n<tr>&#13;<\/p>\n<td style=\"text-align: center; vertical-align: middle;\">\u00a0<\/td>\n<p>&#13;<\/p>\n<td colspan=\"3\" rowspan=\"3\" style=\"text-align: center; vertical-align: middle;\">&#13;<br \/>\n\t\t\t&#13;\n\t\t\t<\/td>\n<p>&#13;<\/p>\n<td style=\"text-align: center; vertical-align: middle;\">\u00a0<\/td>\n<p>&#13;<br \/>\n\t\t<\/tr>\n<p>&#13;<\/p>\n<tr>&#13;<\/p>\n<td style=\"text-align: center; vertical-align: middle;\">\u00a0<\/td>\n<p>&#13;<\/p>\n<td style=\"text-align: center; vertical-align: middle;\">\u00a0<\/td>\n<p>&#13;<br \/>\n\t\t<\/tr>\n<p>&#13;<\/p>\n<tr>&#13;<\/p>\n<td style=\"text-align: center; vertical-align: middle;\">\u00a0<\/td>\n<p>&#13;<\/p>\n<td style=\"text-align: center; vertical-align: middle;\">\u00a0<\/td>\n<p>&#13;<br \/>\n\t\t<\/tr>\n<p>&#13;<\/p>\n<tr>&#13;<\/p>\n<td colspan=\"5\" style=\"text-align: center; vertical-align: middle;\">&#13;<\/p>\n<p style=\"text-align:center\">\n<p>&#13;\n\t\t\t<\/td>\n<p>&#13;<br \/>\n\t\t<\/tr>\n<p>&#13;<br \/>\n\t<\/tbody>\n<p>&#13;<br \/>\n<\/table>\n<p>&#13;<br \/>\n&#8220;Os poderes da Rep\u00fablica e \u00f3rg\u00e3os p\u00fablicos t\u00eam interesses e objetivos comuns, principalmente o de servir ao cidad\u00e3o em conformidade com suas respectivas miss\u00f5es, mas nem sempre as colabora\u00e7\u00f5es se estabelecem e t\u00eam continuidade ao longo das diferentes gest\u00f5es&#8221;, diz o desembargador, que pondera que a popula\u00e7\u00e3o, ao buscar o poder p\u00fablico, n\u00e3o quer saber a quem compete cada atribui\u00e7\u00e3o.<\/p>\n<p>&#8220;O cidad\u00e3o quer uma resposta r\u00e1pida e eficiente do poder p\u00fablico. Trabalhando juntos em benef\u00edcio de uma justi\u00e7a \u00e1gil e c\u00e9lere, o poder Judici\u00e1rio e a AGE-MG avan\u00e7aram muito em parcerias interinstitucionais. Estamos trabalhando em prol da desjudicializa\u00e7\u00e3o, j\u00e1 s\u00e3o mais de 16 mil causas resolvidas por acordo e quem ganha \u00e9 a popula\u00e7\u00e3o. Com isso, Minas Gerais est\u00e1 dando um exemplo de maturidade&#8221;, conclui Luiz Carlos Corr\u00eaa Junior.<\/p>\n<p>\u00a0<\/p>\n<p style=\"text-align:center\">\n<p style=\"text-align:center\"><sub><em>Fonte: AGE-MG \/ Divulga\u00e7\u00e3o<\/em><\/sub><\/p>\n<p><strong>Parceria<\/strong><\/p>\n<p>A maior parte dos atos relacionados \u00e0 regulariza\u00e7\u00e3o fundi\u00e1ria ocorreu na 3\u00aa Vice-Presid\u00eancia do TJMG. &#8220;Para isso, temos contado com a boa vontade do advogado-geral S\u00e9rgio Pessoa e de sua equipe, n\u00e3o s\u00f3 na capital, mas tamb\u00e9m no interior&#8221;, enfatiza o 3\u00ba vice-presidente do TJMG, desembargador Rog\u00e9rio Medeiros. Ele recorda homologa\u00e7\u00f5es emblem\u00e1ticas, como a simplifica\u00e7\u00e3o da libera\u00e7\u00e3o de atividades na ind\u00fastria florestal, um acordo com a participa\u00e7\u00e3o do Minist\u00e9rio P\u00fablico de Minas Gerais (MPMG).<br \/>&#13;<br \/>\n\u00a0<\/p>\n<table align=\"center\" border=\"0\" cellpadding=\"1\" cellspacing=\"1\" style=\"width: 100%;\">&#13;<\/p>\n<tbody>&#13;<\/p>\n<tr>&#13;<\/p>\n<td colspan=\"5\" style=\"text-align: center; vertical-align: middle;\">&#13;<\/p>\n<p style=\"text-align:center\">\n<p>&#13;\n\t\t\t<\/td>\n<p>&#13;<br \/>\n\t\t<\/tr>\n<p>&#13;<\/p>\n<tr>&#13;<\/p>\n<td style=\"text-align: center; vertical-align: middle;\">\u00a0<\/td>\n<p>&#13;<\/p>\n<td colspan=\"3\" rowspan=\"3\" style=\"text-align: center; vertical-align: middle;\">&#13;<br \/>\n\t\t\t&#13;\n\t\t\t<\/td>\n<p>&#13;<\/p>\n<td style=\"text-align: center; vertical-align: middle;\">\u00a0<\/td>\n<p>&#13;<br \/>\n\t\t<\/tr>\n<p>&#13;<\/p>\n<tr>&#13;<\/p>\n<td style=\"text-align: center; vertical-align: middle;\">\u00a0<\/td>\n<p>&#13;<\/p>\n<td style=\"text-align: center; vertical-align: middle;\">\u00a0<\/td>\n<p>&#13;<br \/>\n\t\t<\/tr>\n<p>&#13;<\/p>\n<tr>&#13;<\/p>\n<td style=\"text-align: center; vertical-align: middle;\">\u00a0<\/td>\n<p>&#13;<\/p>\n<td style=\"text-align: center; vertical-align: middle;\">\u00a0<\/td>\n<p>&#13;<br \/>\n\t\t<\/tr>\n<p>&#13;<\/p>\n<tr>&#13;<\/p>\n<td colspan=\"5\" style=\"text-align: center; vertical-align: middle;\">&#13;<\/p>\n<p style=\"text-align:center\">\n<p>&#13;\n\t\t\t<\/td>\n<p>&#13;<br \/>\n\t\t<\/tr>\n<p>&#13;<br \/>\n\t<\/tbody>\n<p>&#13;<br \/>\n<\/table>\n<p>&#13;<br \/>\nNo entendimento do corregedor-geral de Justi\u00e7a de Minas Gerais, desembargador Estev\u00e3o Lucchesi de Carvalho, os acordos sinalizam para a redu\u00e7\u00e3o de gargalos, o bom uso dos recursos p\u00fablicos, a celeridade e a otimiza\u00e7\u00e3o dos servi\u00e7os e para um exame dos feitos em tramita\u00e7\u00e3o, a partir de uma perspectiva estrat\u00e9gica e racional.<\/p>\n<p>Ele observa que &#8220;o impacto de um acordo sempre vai al\u00e9m da quest\u00e3o financeira e deve ser celebrado como um avan\u00e7o rumo a uma sociedade mais capaz de lidar com conflitos e mais empenhada em oferecer um servi\u00e7o p\u00fablico de excel\u00eancia&#8221;.<br \/>&#13;<br \/>\n\u00a0<\/p>\n<table align=\"center\" border=\"0\" cellpadding=\"1\" cellspacing=\"1\" style=\"width: 100%;\">&#13;<\/p>\n<tbody>&#13;<\/p>\n<tr>&#13;<\/p>\n<td colspan=\"5\" style=\"text-align: center; vertical-align: middle;\">&#13;<\/p>\n<p style=\"text-align:center\">\n<p>&#13;\n\t\t\t<\/td>\n<p>&#13;<br \/>\n\t\t<\/tr>\n<p>&#13;<\/p>\n<tr>&#13;<\/p>\n<td style=\"text-align: center; vertical-align: middle;\">\u00a0<\/td>\n<p>&#13;<\/p>\n<td colspan=\"3\" rowspan=\"3\" style=\"text-align: center; vertical-align: middle;\">&#13;<br \/>\n\t\t\t&#13;\n\t\t\t<\/td>\n<p>&#13;<\/p>\n<td style=\"text-align: center; vertical-align: middle;\">\u00a0<\/td>\n<p>&#13;<br \/>\n\t\t<\/tr>\n<p>&#13;<\/p>\n<tr>&#13;<\/p>\n<td style=\"text-align: center; vertical-align: middle;\">\u00a0<\/td>\n<p>&#13;<\/p>\n<td style=\"text-align: center; vertical-align: middle;\">\u00a0<\/td>\n<p>&#13;<br \/>\n\t\t<\/tr>\n<p>&#13;<\/p>\n<tr>&#13;<\/p>\n<td style=\"text-align: center; vertical-align: middle;\">\u00a0<\/td>\n<p>&#13;<\/p>\n<td style=\"text-align: center; vertical-align: middle;\">\u00a0<\/td>\n<p>&#13;<br \/>\n\t\t<\/tr>\n<p>&#13;<\/p>\n<tr>&#13;<\/p>\n<td colspan=\"5\" style=\"text-align: center; vertical-align: middle;\">&#13;<\/p>\n<p style=\"text-align:center\">\n<p>&#13;\n\t\t\t<\/td>\n<p>&#13;<br \/>\n\t\t<\/tr>\n<p>&#13;<br \/>\n\t<\/tbody>\n<p>&#13;<br \/>\n<\/table>\n<p>\u00a0<\/p>\n<\/p><\/div>\n","protected":false},"excerpt":{"rendered":"<p>Relacionadas O trabalho conjunto entre o Governo de Minas, por meio da Advocacia-Geral do Estado&#8230;<\/p>\n","protected":false},"author":2,"featured_media":0,"comment_status":"","ping_status":"","sticky":false,"template":"","format":"standard","meta":{"footnotes":""},"categories":[2],"tags":[],"class_list":["post-24304","post","type-post","status-publish","format-standard","hentry","category-jogos-ao-vivo"],"amp_enabled":true,"_links":{"self":[{"href":"https:\/\/ipatingafc.com.br\/index.php\/wp-json\/wp\/v2\/posts\/24304","targetHints":{"allow":["GET"]}}],"collection":[{"href":"https:\/\/ipatingafc.com.br\/index.php\/wp-json\/wp\/v2\/posts"}],"about":[{"href":"https:\/\/ipatingafc.com.br\/index.php\/wp-json\/wp\/v2\/types\/post"}],"author":[{"embeddable":true,"href":"https:\/\/ipatingafc.com.br\/index.php\/wp-json\/wp\/v2\/users\/2"}],"replies":[{"embeddable":true,"href":"https:\/\/ipatingafc.com.br\/index.php\/wp-json\/wp\/v2\/comments?post=24304"}],"version-history":[{"count":0,"href":"https:\/\/ipatingafc.com.br\/index.php\/wp-json\/wp\/v2\/posts\/24304\/revisions"}],"wp:attachment":[{"href":"https:\/\/ipatingafc.com.br\/index.php\/wp-json\/wp\/v2\/media?parent=24304"}],"wp:term":[{"taxonomy":"category","embeddable":true,"href":"https:\/\/ipatingafc.com.br\/index.php\/wp-json\/wp\/v2\/categories?post=24304"},{"taxonomy":"post_tag","embeddable":true,"href":"https:\/\/ipatingafc.com.br\/index.php\/wp-json\/wp\/v2\/tags?post=24304"}],"curies":[{"name":"wp","href":"https:\/\/api.w.org\/{rel}","templated":true}]}}