{"id":24328,"date":"2025-06-15T22:27:53","date_gmt":"2025-06-16T01:27:53","guid":{"rendered":"https:\/\/ipatingafc.com.br\/index.php\/2025\/06\/15\/brasil-fatura-prata-e-bronze-no-3o-dia-do-mundial-de-judo-na-hungria\/"},"modified":"2025-06-15T22:27:53","modified_gmt":"2025-06-16T01:27:53","slug":"brasil-fatura-prata-e-bronze-no-3o-dia-do-mundial-de-judo-na-hungria","status":"publish","type":"post","link":"https:\/\/ipatingafc.com.br\/index.php\/2025\/06\/15\/brasil-fatura-prata-e-bronze-no-3o-dia-do-mundial-de-judo-na-hungria\/","title":{"rendered":"Brasil fatura prata e bronze no 3\u00ba dia do Mundial de Jud\u00f4 na Hungria"},"content":{"rendered":"<p><\/p>\n<div wp_automatic_readability=\"85\">\n<p>O Brasil subiu duas vezes ao p\u00f3dio neste domingo (15), terceiro dia do Campeonato Mundial de Jud\u00f4 em Budapeste (Hungria), primeira grande competi\u00e7\u00e3o do ciclo ol\u00edmpico dos Jogos de Los Angeles (2028). Duas vezes medalhista ol\u00edmpico, o ga\u00facho Daniel Cargnin foi vice-campe\u00e3o na categoria dos 73 quilos, e a paranaense Shirlen Nascimento, estreante na competi\u00e7\u00e3o, levou a medalha de bronze nos 57 kg. A competi\u00e7\u00e3o, que vai at\u00e9 a pr\u00f3xima sexta-feira (20), re\u00fane ao todo 556 judocas de 93 pa\u00edses, entre eles 18 atletas brasileiros, entre eles judocas experientes em torneios internacionais como Beatriz Souza (78 kg), Rafaela Silva (63 kg), Rafael Macedo (90 kg) e Leonardo Gon\u00e7alves (100 kg).<\/p>\n<p>A prata conquistada neste domingo (15) por Cargnin teve um significado especial: ele quebrou um jejum de oito anos sem finalistas brasileiros na disputa masculina do Mundial. Al\u00e9m disso, o judoca ga\u00facho de 27 anos, duas vezes bronze ol\u00edmpico \u2013 por equipes em Paris 2024 e no individual dos 66 quilos (kg) em T\u00f3quio 2020 \u2013 voltou a competir recentemente, ap\u00f3s oito meses longe dos tatames, logo depois dos dos Jogos de Paris. Durante o per\u00edodo, ele tratou de les\u00f5es no tornozelo e no ombro. Ele retornou \u00e0s competi\u00e7\u00f5es em abril, no Campeonato Pan-Americano e Oceania em Santiago (Chile), j\u00e1 arrematando prata no individual e ouro na disputa por equipes.<\/p>\n<blockquote class=\"twitter-tweet\" wp_automatic_readability=\"11.960264900662\">\n<p dir=\"ltr\" lang=\"pt\" xml:lang=\"pt\">\u00c9 PRATAAAAAAAAAAAA! \ud83e\udd48<\/p>\n<p><strong>Lula vai ao Canad\u00e1 para o G7, que tratar\u00e1 da seguran\u00e7a energ\u00e9tica<\/strong><\/p>\n<p><strong>Reviravolta no caso Adalberto; Seguran\u00e7a revela bastidores de Interlagos e levanta novas suspeitas<\/strong><\/p>\n<p>Daniel Cargnin (73kg) tem campanha espetacular em Budapeste, vencendo cinco lutas, e \u00e9 VICE-CAMPE\u00c3O MUNDIAL DE JUD\u00d4!<\/p>\n<p>QUE ORGULHO, DANI!!!!! Voc\u00ea merece MUITO estar nesse p\u00f3dio!<\/p>\n<p>Parab\u00e9ns, time CBJ e Sogipa! <a href=\"https:\/\/t.co\/TfJngMP66F\" target=\"_blank\">pic.twitter.com\/TfJngMP66F<\/a><\/p>\n<p>\u2014 CBJ (@JudoCBJ) <a href=\"https:\/\/twitter.com\/JudoCBJ\/status\/1934318528003182711?ref_src=twsrc%5Etfw\" target=\"_blank\" rel=\"noopener\">June 15, 2025<\/a><\/p>\n<p><strong>Catadores no Rio lidam com informalidade e m\u00e1s condi\u00e7\u00f5es de trabalho<\/strong><\/p>\n<p><strong>Filme sobre influencer da periferia \u00e9 consagrado em festival goiano<\/strong><\/p>\n<\/blockquote>\n<p>Hoje (15), Cargnin ficou com a prata ao ser superado pelo franc\u00eas Joan-Benjamin Gaba, atual vice-campe\u00e3o ol\u00edmpico. O advers\u00e1rio desferiu um waza-ari que projetou o brasileiro no golden score (tempo extra).<\/p>\n<blockquote wp_automatic_readability=\"21\">\n<p>\u201cA gente costuma dizer que o Mundial, \u00e0s vezes, \u00e9 at\u00e9 mais dif\u00edcil que a pr\u00f3pria Olimp\u00edada, porque pode dobrar algumas categorias. Eu acho que, em rela\u00e7\u00e3o a Los Angeles, agora \u00e9 manter o p\u00e9 no ch\u00e3o. No ciclo passado, quando eu medalhei no Mundial, eu j\u00e1 pensei em medalhar na Olimp\u00edada tamb\u00e9m. Eu estava pensando s\u00f3 no futuro e n\u00e3o aproveitava os momentos do presente, sabe? Ent\u00e3o eu acho que agora \u00e9 aproveitar essa medalha de prata. Eu acabei de perder a disputa ali, a final, mas \u00e9 muita felicidade pela postura que eu tive dentro do tatame. Eu acho que tenho que me manter resiliente, porque as derrotas n\u00e3o podem ser o fim do mundo e a vit\u00f3ria tamb\u00e9m n\u00e3o pode ser o motivo de parar de treinar. Agora \u00e9 colocar a cabe\u00e7a no lugar para tentar ajudar a equipe o m\u00e1ximo poss\u00edvel na competi\u00e7\u00e3o por equipes\u201d, disse Cargnin, em depoimento \u00e0 Confedera\u00e7\u00e3o Brasileira de Jud\u00f4 (CBJ).<\/p>\n<\/blockquote>\n<p>Embora debutante em Mundiais, Shirlen Nascimento, de 25 anos, vem se destacando no cen\u00e1rio internacional desde o fim de 2024, quando faturou o bronze no Grand Slam de Abu Dhabi (Emirados \u00c1rabes Unidos). O p\u00f3dio em Abu Dhabi serviu de trampolim para que Shirlen se classificasse \u00e0 Seletiva Nacional, que lhe deu vaga no Pan-Americano em Santiago, em abril. A paranaense voltou a brilhar, desta vez subindo ao topo do p\u00f3dio. Da\u00ed em diante, Shirlen competiu no Grand Slam de Astana (Casaquist\u00e3o), onde conquistou mais um bronze, o \u00faltimo antes de ser convocada para o Mundial de Budapeste.<\/p>\n<blockquote class=\"twitter-tweet\" wp_automatic_readability=\"9.76\">\n<p dir=\"ltr\" lang=\"pt\" xml:lang=\"pt\">MEDALHISTA MUNDIAL! \ud83e\udd49<\/p>\n<p>Shirlen Nascimento estreou no Mundial de Jud\u00f4 de forma inesquec\u00edvel: subindo ao p\u00f3dio e colocando seu nome em uma seleta lista do jud\u00f4 brasileiro!<\/p>\n<p>Que campanha, que orgulho! \ud83d\udc4f\ud83e\udef6<a href=\"https:\/\/twitter.com\/hashtag\/TimeBrasil?src=hash&amp;ref_src=twsrc%5Etfw\" target=\"_blank\" rel=\"noopener\">#TimeBrasil<\/a> <a href=\"https:\/\/twitter.com\/hashtag\/Jud%C3%B4?src=hash&amp;ref_src=twsrc%5Etfw\" target=\"_blank\" rel=\"noopener\">#Jud\u00f4<\/a> <a href=\"https:\/\/t.co\/UmZOSucpUS\" target=\"_blank\">pic.twitter.com\/UmZOSucpUS<\/a><\/p>\n<p>\u2014 Time Brasil (@timebrasil) <a href=\"https:\/\/twitter.com\/timebrasil\/status\/1934302611261346291?ref_src=twsrc%5Etfw\" target=\"_blank\" rel=\"noopener\">June 15, 2025<\/a><\/p>\n<\/blockquote>\n<p>Na luta final pela medalha de bronze no Mundial, a brasileira levou a melhor no <em>golden score<\/em>, ao finalizar o combate contra a Maysa Pardayeva (Turcomenist\u00e3o) com um waza-ari.<\/p>\n<blockquote wp_automatic_readability=\"14\">\n<p>\u201cEu peguei uma chave dura, logo no come\u00e7o. S\u00f3 que todo mundo me deu as dicas do que fazer, ent\u00e3o pareceu at\u00e9 que foi um pouco f\u00e1cil. Mas eu acho que eu sempre venho me esfor\u00e7ando muito, e uma hora o resultado vem. Eu acho que eu estou num momento muito bom, eu venho melhorando a cada dia. Estou tendo muita ajuda tamb\u00e9m, o pessoal vem me ajudando bastante\u201d, revelou a judoca paranaense.\u00a0<\/p>\n<\/blockquote>\n<h2>Disputas de brasileiros no Mundial nesta segunda (16)*<\/h2>\n<p>Nauana Silva (63 kg)<\/p>\n<p>Rafaela Silva (63 kg)<\/p>\n<p>Gabriel Falc\u00e3o (81 kg)<\/p>\n<p>Luan Almeida (81 kg)<\/p>\n<p><em>* Lutas preliminares a partir das 6h e finais \u00e0s 13h (hor\u00e1rios de Bras\u00edlia)<\/em><\/p>\n<\/div>\n<p><script async src=\"\/\/platform.twitter.com\/widgets.js\" charset=\"utf-8\"><\/script><\/p>\n","protected":false},"excerpt":{"rendered":"<p>O Brasil subiu duas vezes ao p\u00f3dio neste domingo (15), terceiro dia do Campeonato Mundial&#8230;<\/p>\n","protected":false},"author":2,"featured_media":0,"comment_status":"","ping_status":"","sticky":false,"template":"","format":"standard","meta":{"footnotes":""},"categories":[2],"tags":[],"class_list":["post-24328","post","type-post","status-publish","format-standard","hentry","category-jogos-ao-vivo"],"amp_enabled":true,"_links":{"self":[{"href":"https:\/\/ipatingafc.com.br\/index.php\/wp-json\/wp\/v2\/posts\/24328","targetHints":{"allow":["GET"]}}],"collection":[{"href":"https:\/\/ipatingafc.com.br\/index.php\/wp-json\/wp\/v2\/posts"}],"about":[{"href":"https:\/\/ipatingafc.com.br\/index.php\/wp-json\/wp\/v2\/types\/post"}],"author":[{"embeddable":true,"href":"https:\/\/ipatingafc.com.br\/index.php\/wp-json\/wp\/v2\/users\/2"}],"replies":[{"embeddable":true,"href":"https:\/\/ipatingafc.com.br\/index.php\/wp-json\/wp\/v2\/comments?post=24328"}],"version-history":[{"count":0,"href":"https:\/\/ipatingafc.com.br\/index.php\/wp-json\/wp\/v2\/posts\/24328\/revisions"}],"wp:attachment":[{"href":"https:\/\/ipatingafc.com.br\/index.php\/wp-json\/wp\/v2\/media?parent=24328"}],"wp:term":[{"taxonomy":"category","embeddable":true,"href":"https:\/\/ipatingafc.com.br\/index.php\/wp-json\/wp\/v2\/categories?post=24328"},{"taxonomy":"post_tag","embeddable":true,"href":"https:\/\/ipatingafc.com.br\/index.php\/wp-json\/wp\/v2\/tags?post=24328"}],"curies":[{"name":"wp","href":"https:\/\/api.w.org\/{rel}","templated":true}]}}