{"id":27844,"date":"2025-08-14T10:38:15","date_gmt":"2025-08-14T13:38:15","guid":{"rendered":"https:\/\/ipatingafc.com.br\/index.php\/2025\/08\/14\/mais-medicos-promoveu-melhoria-da-saude-da-populacao-diz-secretario\/"},"modified":"2025-08-14T10:38:15","modified_gmt":"2025-08-14T13:38:15","slug":"mais-medicos-promoveu-melhoria-da-saude-da-populacao-diz-secretario","status":"publish","type":"post","link":"https:\/\/ipatingafc.com.br\/index.php\/2025\/08\/14\/mais-medicos-promoveu-melhoria-da-saude-da-populacao-diz-secretario\/","title":{"rendered":"Mais M\u00e9dicos promoveu melhoria da sa\u00fade da popula\u00e7\u00e3o, diz secret\u00e1rio"},"content":{"rendered":"<p><\/p>\n<div wp_automatic_readability=\"80.314210352786\">\n<p>Ap\u00f3s ter o\u00a0visto revogado pelo governo dos Estados Unidos em raz\u00e3o de sua liga\u00e7\u00e3o com o Mais M\u00e9dicos, o secret\u00e1rio de Aten\u00e7\u00e3o Especializada \u00e0 Sa\u00fade do Minist\u00e9rio da Sa\u00fade, Mozart Sales, defendeu nesta quinta-feira (14) o programa, citando impactos positivos e melhoria expressiva na sa\u00fade da popula\u00e7\u00e3o.<\/p>\n<p>Em seu perfil no Instagram, o m\u00e9dico classificou o programa como \u201ciniciativa primordial\u201d para garantir atendimento a milh\u00f5es de brasileiros. Lembrou que, no momento da cria\u00e7\u00e3o do Mais M\u00e9dicos, o governo brasileiro recorreu \u00e0 possibilidade de coopera\u00e7\u00e3o com a Organiza\u00e7\u00e3o Pan-Americana da Sa\u00fade (Opas), levando \u00e0 contrata\u00e7\u00e3o de profissionais cubanos.<\/p>\n<p>\u201cM\u00e9dicos cubanos j\u00e1 prestavam esse atendimento em outros 58 pa\u00edses de diferentes orienta\u00e7\u00f5es pol\u00edtico-ideol\u00f3gicas, por meio de mecanismos de coopera\u00e7\u00e3o internacional. Gra\u00e7as a essa iniciativa, a presen\u00e7a de profissionais brasileiros, cubanos e de outras nacionalidades ofereceu aten\u00e7\u00e3o b\u00e1sica de sa\u00fade e m\u00e3os fraternas e quem mais precisava. Diminuiu dores, sofrimentos e mortes\u201d, escreveu Mozart.<\/p>\n<p><strong>Mais de um ter\u00e7o dos projetos apresentados em 2024 se sobrep\u00f5em<\/strong><\/p>\n<p><strong>Encontro de Jongueiros transforma Pra\u00e7a Tiradentes em quilombo no Rio<\/strong><\/p>\n<p>No post, o secret\u00e1rio citou ainda uma aprova\u00e7\u00e3o, logo no in\u00edcio do programa, de 87%, segundo dados do Datafolha divulgados em 2013. \u201cIn\u00fameras publica\u00e7\u00f5es cient\u00edficas comprovam os impactos positivos e a melhora expressiva na sa\u00fade da popula\u00e7\u00e3o\u201d, escreveu.<\/p>\n<p>\u201cEssa san\u00e7\u00e3o injusta n\u00e3o tira minha certeza de que o Mais M\u00e9dicos \u00e9 um programa que defende a vida e representa a ess\u00eancia do SUS [Sistema \u00danico de Sa\u00fade], o maior sistema p\u00fablico de sa\u00fade do mundo \u2013 universal, integral e gratuito\u201d, concluiu Mozart.<\/p>\n<h2>Entenda<\/h2>\n<p>O Departamento de Estado norte-americano anunciou nessa quarta-feira (13) a revoga\u00e7\u00e3o dos vistos de funcion\u00e1rios do governo brasileiro, de ex-funcion\u00e1rios da Opas e de seus familiares.<\/p>\n<p>A justificativa do governo de Donald Trump \u00e9 que eles atuaram na implementa\u00e7\u00e3o do Mais M\u00e9dicos enquanto trabalhavam no Minist\u00e9rio da Sa\u00fade e que s\u00e3o c\u00famplices \u201cdo trabalho for\u00e7ado do governo cubano\u201d.<\/p>\n<p><strong>Unicef alerta para viol\u00eancia contra crian\u00e7as e jovens na Amaz\u00f4nia<\/strong><\/p>\n<p><strong>Brasil reciclou 97,3% das latinhas de alum\u00ednio em 2024<\/strong><\/p>\n<p>Foram revogados os vistos de Mozart e do ex-assessor de Rela\u00e7\u00f5es Internacionais do Minist\u00e9rio da Sa\u00fade e atual coordenador-geral para COP30, Alberto Kleiman.<\/p>\n<p>Ap\u00f3s a san\u00e7\u00e3o, o ministro da Sa\u00fade, Alexandre Padilha, defendeu o programa que, segundo ele, \u201csobreviver\u00e1 aos ataques injustific\u00e1veis de quem quer que seja\u201d.<\/p>\n<p>\u201cO programa salva vidas e \u00e9 aprovado por quem mais importa: a popula\u00e7\u00e3o brasileira. N\u00e3o nos curvaremos a quem persegue as vacinas, os pesquisadores, a ci\u00eancia e, agora, duas das pessoas fundamentais para o Mais M\u00e9dicos na minha primeira gest\u00e3o como ministro da Sa\u00fade, Mozart Sales e Alberto Kleiman\u201d, disse em postagem nas redes sociais.<\/p>\n<\/div>\n","protected":false},"excerpt":{"rendered":"<p>Ap\u00f3s ter o\u00a0visto revogado pelo governo dos Estados Unidos em raz\u00e3o de sua liga\u00e7\u00e3o com&#8230;<\/p>\n","protected":false},"author":2,"featured_media":0,"comment_status":"","ping_status":"","sticky":false,"template":"","format":"standard","meta":{"footnotes":""},"categories":[2],"tags":[],"class_list":["post-27844","post","type-post","status-publish","format-standard","hentry","category-jogos-ao-vivo"],"amp_enabled":true,"_links":{"self":[{"href":"https:\/\/ipatingafc.com.br\/index.php\/wp-json\/wp\/v2\/posts\/27844","targetHints":{"allow":["GET"]}}],"collection":[{"href":"https:\/\/ipatingafc.com.br\/index.php\/wp-json\/wp\/v2\/posts"}],"about":[{"href":"https:\/\/ipatingafc.com.br\/index.php\/wp-json\/wp\/v2\/types\/post"}],"author":[{"embeddable":true,"href":"https:\/\/ipatingafc.com.br\/index.php\/wp-json\/wp\/v2\/users\/2"}],"replies":[{"embeddable":true,"href":"https:\/\/ipatingafc.com.br\/index.php\/wp-json\/wp\/v2\/comments?post=27844"}],"version-history":[{"count":0,"href":"https:\/\/ipatingafc.com.br\/index.php\/wp-json\/wp\/v2\/posts\/27844\/revisions"}],"wp:attachment":[{"href":"https:\/\/ipatingafc.com.br\/index.php\/wp-json\/wp\/v2\/media?parent=27844"}],"wp:term":[{"taxonomy":"category","embeddable":true,"href":"https:\/\/ipatingafc.com.br\/index.php\/wp-json\/wp\/v2\/categories?post=27844"},{"taxonomy":"post_tag","embeddable":true,"href":"https:\/\/ipatingafc.com.br\/index.php\/wp-json\/wp\/v2\/tags?post=27844"}],"curies":[{"name":"wp","href":"https:\/\/api.w.org\/{rel}","templated":true}]}}