{"id":28844,"date":"2025-08-31T08:06:15","date_gmt":"2025-08-31T11:06:15","guid":{"rendered":"https:\/\/ipatingafc.com.br\/index.php\/2025\/08\/31\/agencia-minas-gerais-minas-gerais-entrega-61o-sistema-de-dessalinizacao-do-programa-agua-doce\/"},"modified":"2025-08-31T08:06:15","modified_gmt":"2025-08-31T11:06:15","slug":"agencia-minas-gerais-minas-gerais-entrega-61o-sistema-de-dessalinizacao-do-programa-agua-doce","status":"publish","type":"post","link":"https:\/\/ipatingafc.com.br\/index.php\/2025\/08\/31\/agencia-minas-gerais-minas-gerais-entrega-61o-sistema-de-dessalinizacao-do-programa-agua-doce\/","title":{"rendered":"Ag\u00eancia Minas Gerais | Minas Gerais entrega 61\u00ba Sistema de Dessaliniza\u00e7\u00e3o do Programa \u00c1gua Doce"},"content":{"rendered":"<p><\/p>\n<div>\n<p>A realidade de mais de 250 fam\u00edlias da comunidade de Amargoso, em Verdel\u00e2ndia, no semi\u00e1rido mineiro, come\u00e7ou a mudar nesta quarta-feira (27\/8). O Governo de Minas, por meio da Secretaria de Estado de Meio Ambiente e Desenvolvimento Sustent\u00e1vel (Semad), entregou o 61\u00ba sistema de dessaliniza\u00e7\u00e3o do Programa \u00c1gua Doce no estado.<\/p>\n<p>A iniciativa garante \u00e1gua pot\u00e1vel e segura a comunidades historicamente castigadas pela seca e pela falta de infraestrutura h\u00eddrica. Em Minas Gerais, est\u00e3o previstas 69 unidades de dessaliniza\u00e7\u00e3o, das quais 61 j\u00e1 est\u00e3o em opera\u00e7\u00e3o, beneficiando milhares de moradores de regi\u00f5es rurais.<\/p>\n<p>A solenidade de entrega contou com a participa\u00e7\u00e3o de autoridades locais, representantes da Emater, da Defesa Civil e lideran\u00e7as comunit\u00e1rias, refor\u00e7ando a integra\u00e7\u00e3o de esfor\u00e7os para o fortalecimento das pol\u00edticas p\u00fablicas no semi\u00e1rido mineiro.<\/p>\n<p><strong>\u00c1gua de qualidade e mais sa\u00fade<\/strong><\/p>\n<p>Antes da chegada do sistema, a comunidade de Amargoso enfrentava graves problemas de sa\u00fade relacionados ao consumo de \u00e1gua impr\u00f3pria, com altos \u00edndices de fl\u00faor e sais. Moradores relatavam danos \u00e0 arcada dent\u00e1ria e outras complica\u00e7\u00f5es decorrentes da ingest\u00e3o prolongada da \u00e1gua inadequada.<\/p>\n<p>Agora, com a dessaliniza\u00e7\u00e3o, as fam\u00edlias passam a ter acesso di\u00e1rio a \u00e1gua pot\u00e1vel. A expectativa \u00e9 de melhora significativa na qualidade de vida, com impactos diretos na sa\u00fade, na seguran\u00e7a alimentar e na dignidade da popula\u00e7\u00e3o.<\/p>\n<p>Minas Gerais tem se consolidado como refer\u00eancia na execu\u00e7\u00e3o do Programa \u00c1gua Doce, iniciativa do Governo Federal em parceria com estados e munic\u00edpios. A a\u00e7\u00e3o coloca o estado na linha de frente da agenda de seguran\u00e7a h\u00eddrica e saneamento rural.<\/p>\n<p>O prefeito de Verdel\u00e2ndia, Wilton Madureira, destacou o impacto da entrega. \u201cHoje \u00e9 um dia hist\u00f3rico para Verdel\u00e2ndia. A comunidade de Amargoso esperou por muitos anos por uma solu\u00e7\u00e3o definitiva para o problema da \u00e1gua. Esse sistema vai transformar a vida das fam\u00edlias, garantindo sa\u00fade, dignidade e futuro para nossa gente\u201d, afirmou.<\/p>\n<p>Para o coordenador estadual do programa na Semad, Kleynner Lopes, a a\u00e7\u00e3o demonstra o compromisso do Governo de Minas em levar pol\u00edticas p\u00fablicas a quem mais precisa. \u201cO Programa \u00c1gua Doce \u00e9 mais do que infraestrutura, \u00e9 garantia de sa\u00fade, cidadania e dignidade para popula\u00e7\u00f5es rurais. Minas Gerais tem assumido um papel de protagonismo nacional, com planejamento, efici\u00eancia e compromisso em levar \u00e1gua de qualidade \u00e0 popula\u00e7\u00e3o\u201d, ressaltou.<\/p>\n<p><strong>Sobre o Programa \u00c1gua Doce<\/strong><\/p>\n<p>Criado pelo Governo Federal, o Programa \u00c1gua Doce implanta tecnologias de dessaliniza\u00e7\u00e3o em regi\u00f5es afetadas pela escassez h\u00eddrica. Em Minas Gerais, a coordena\u00e7\u00e3o \u00e9 da Semad, em parceria com prefeituras, Emater, Defesa Civil e outras institui\u00e7\u00f5es.<\/p>\n<\/p><\/div>\n","protected":false},"excerpt":{"rendered":"<p>A realidade de mais de 250 fam\u00edlias da comunidade de Amargoso, em Verdel\u00e2ndia, no semi\u00e1rido&#8230;<\/p>\n","protected":false},"author":2,"featured_media":0,"comment_status":"","ping_status":"","sticky":false,"template":"","format":"standard","meta":{"footnotes":""},"categories":[2],"tags":[],"class_list":["post-28844","post","type-post","status-publish","format-standard","hentry","category-jogos-ao-vivo"],"amp_enabled":true,"_links":{"self":[{"href":"https:\/\/ipatingafc.com.br\/index.php\/wp-json\/wp\/v2\/posts\/28844","targetHints":{"allow":["GET"]}}],"collection":[{"href":"https:\/\/ipatingafc.com.br\/index.php\/wp-json\/wp\/v2\/posts"}],"about":[{"href":"https:\/\/ipatingafc.com.br\/index.php\/wp-json\/wp\/v2\/types\/post"}],"author":[{"embeddable":true,"href":"https:\/\/ipatingafc.com.br\/index.php\/wp-json\/wp\/v2\/users\/2"}],"replies":[{"embeddable":true,"href":"https:\/\/ipatingafc.com.br\/index.php\/wp-json\/wp\/v2\/comments?post=28844"}],"version-history":[{"count":0,"href":"https:\/\/ipatingafc.com.br\/index.php\/wp-json\/wp\/v2\/posts\/28844\/revisions"}],"wp:attachment":[{"href":"https:\/\/ipatingafc.com.br\/index.php\/wp-json\/wp\/v2\/media?parent=28844"}],"wp:term":[{"taxonomy":"category","embeddable":true,"href":"https:\/\/ipatingafc.com.br\/index.php\/wp-json\/wp\/v2\/categories?post=28844"},{"taxonomy":"post_tag","embeddable":true,"href":"https:\/\/ipatingafc.com.br\/index.php\/wp-json\/wp\/v2\/tags?post=28844"}],"curies":[{"name":"wp","href":"https:\/\/api.w.org\/{rel}","templated":true}]}}