{"id":28859,"date":"2025-08-31T15:11:16","date_gmt":"2025-08-31T18:11:16","guid":{"rendered":"https:\/\/ipatingafc.com.br\/index.php\/2025\/08\/31\/interpretes-de-sambas-enredo-sao-declarados-patrimonio-imaterial\/"},"modified":"2025-08-31T15:11:16","modified_gmt":"2025-08-31T18:11:16","slug":"interpretes-de-sambas-enredo-sao-declarados-patrimonio-imaterial","status":"publish","type":"post","link":"https:\/\/ipatingafc.com.br\/index.php\/2025\/08\/31\/interpretes-de-sambas-enredo-sao-declarados-patrimonio-imaterial\/","title":{"rendered":"int\u00e9rpretes de sambas-enredo s\u00e3o declarados patrim\u00f4nio imaterial"},"content":{"rendered":"<p><\/p>\n<div wp_automatic_readability=\"46.011475409836\">\n<p><strong>Os int\u00e9rpretes de sambas-enredo\u00a0s\u00e3o os mais novos patrim\u00f4nios imateriais do estado do Rio de Janeiro.<\/strong> Isso porque foi sancionada a <strong>Lei 10.914\/2025, que destaca\u00a0a import\u00e2ncia desses artistas e da preserva\u00e7\u00e3o da hist\u00f3ria, da cultura, dos sambas e do carnaval carioca<\/strong>.<\/p>\n<p>Entre tantos int\u00e9rpretes que marcaram a hist\u00f3ria das escolas de samba do Rio, o cantor Jamel\u00e3o, que morreu aos 95 anos em junho de 2008, levantava a arquibancada ao entoar os sambas da Esta\u00e7\u00e3o Primeira de Mangueira.<\/p>\n<p>At\u00e9 este ano, o tamb\u00e9m cantor e compositor\u00a0Neguinho da Beija-Flor, sempre \u00e0 frente da azul e branco de Nil\u00f3polis, da Baixada Fluminense, contribuiu para a escola conquistar campeonatos no Samb\u00f3dromo da Marqu\u00eas de Sapuca\u00ed. No carnaval de 2025 anunciou que estava se despedindo da fun\u00e7\u00e3o e que n\u00e3o mais daria o seu conhecido grito no esquenta da escola. \u201cOlha a Beija-Flor a\u00ed gente, chora cavaco\u201d.<\/p>\n<p><strong>Apoio chin\u00eas ao multilateralismo \u00e9 vital, diz secret\u00e1rio-geral da ONU<\/strong><\/p>\n<p><strong>Cruzeiro perde do Palmeiras, mas vai a final do Brasileir\u00e3o Feminino<\/strong><\/p>\n<p>Tamb\u00e9m se destacaram na Passarela do Samba os cantores Dominguinhos do Est\u00e1cio, Paulinho Mocidade e Quinho do Salgueiro. Entre as mulheres,\u00a0destaque para a\u00a0cantora e compositora Dona Ivone Lara, do Imp\u00e9rio Serrano, que foi a primeira a assinar um samba-enredo na hist\u00f3ria do carnaval do Rio.<\/p>\n<p>Para o governador Cl\u00e1udio Castro, <strong>a san\u00e7\u00e3o da lei significa\u00a0oficializar\u00a0a vis\u00e3o que j\u00e1 existia h\u00e1 muito tempo de que os int\u00e9rpretes das escolas de samba s\u00e3o patrim\u00f4nio do carnaval do Rio de Janeiro.<\/strong> \u201c\u00c9 um reconhecimento e uma homenagem mais do que justa aos artistas que contribuem para a nossa cultura e abrilhantam os desfiles das agremia\u00e7\u00f5es. Todos merecem os nossos aplausos\u201d, completou, em nota do governo estadual.<\/p>\n<\/div>\n","protected":false},"excerpt":{"rendered":"<p>Os int\u00e9rpretes de sambas-enredo\u00a0s\u00e3o os mais novos patrim\u00f4nios imateriais do estado do Rio de Janeiro&#8230;.<\/p>\n","protected":false},"author":2,"featured_media":0,"comment_status":"","ping_status":"","sticky":false,"template":"","format":"standard","meta":{"footnotes":""},"categories":[2],"tags":[],"class_list":["post-28859","post","type-post","status-publish","format-standard","hentry","category-jogos-ao-vivo"],"amp_enabled":true,"_links":{"self":[{"href":"https:\/\/ipatingafc.com.br\/index.php\/wp-json\/wp\/v2\/posts\/28859","targetHints":{"allow":["GET"]}}],"collection":[{"href":"https:\/\/ipatingafc.com.br\/index.php\/wp-json\/wp\/v2\/posts"}],"about":[{"href":"https:\/\/ipatingafc.com.br\/index.php\/wp-json\/wp\/v2\/types\/post"}],"author":[{"embeddable":true,"href":"https:\/\/ipatingafc.com.br\/index.php\/wp-json\/wp\/v2\/users\/2"}],"replies":[{"embeddable":true,"href":"https:\/\/ipatingafc.com.br\/index.php\/wp-json\/wp\/v2\/comments?post=28859"}],"version-history":[{"count":0,"href":"https:\/\/ipatingafc.com.br\/index.php\/wp-json\/wp\/v2\/posts\/28859\/revisions"}],"wp:attachment":[{"href":"https:\/\/ipatingafc.com.br\/index.php\/wp-json\/wp\/v2\/media?parent=28859"}],"wp:term":[{"taxonomy":"category","embeddable":true,"href":"https:\/\/ipatingafc.com.br\/index.php\/wp-json\/wp\/v2\/categories?post=28859"},{"taxonomy":"post_tag","embeddable":true,"href":"https:\/\/ipatingafc.com.br\/index.php\/wp-json\/wp\/v2\/tags?post=28859"}],"curies":[{"name":"wp","href":"https:\/\/api.w.org\/{rel}","templated":true}]}}