{"id":28860,"date":"2025-08-31T15:52:18","date_gmt":"2025-08-31T18:52:18","guid":{"rendered":"https:\/\/ipatingafc.com.br\/index.php\/2025\/08\/31\/brasil-decide-copa-america-de-basquete-masculino-contra-argentina\/"},"modified":"2025-08-31T15:52:18","modified_gmt":"2025-08-31T18:52:18","slug":"brasil-decide-copa-america-de-basquete-masculino-contra-argentina","status":"publish","type":"post","link":"https:\/\/ipatingafc.com.br\/index.php\/2025\/08\/31\/brasil-decide-copa-america-de-basquete-masculino-contra-argentina\/","title":{"rendered":"Brasil decide Copa Am\u00e9rica de basquete masculino contra Argentina"},"content":{"rendered":"<p><\/p>\n<div wp_automatic_readability=\"61.815195071869\">\n<p>A sele\u00e7\u00e3o masculina de basquete decide a AmeriCup neste domingo (31), \u00e0s 21h10 (hor\u00e1rio de Bras\u00edlia), contra a Argentina. Os brasileiros se garantiram na final do torneio, disputado em Man\u00e1gua, capital da Nicar\u00e1gua, com uma vit\u00f3ria heroica sobre os Estados Unidos, no \u00faltimo s\u00e1bado (30), por 92 a 77.<\/p>\n<p>O triunfo diante dos norte-americanos foi marcado pela grande atua\u00e7\u00e3o do Brasil no \u00faltimo dos quatro per\u00edodos. A sele\u00e7\u00e3o verde e amarela fez 34 pontos contra nove dos advers\u00e1rios, que chegaram a ter 20 pontos de vantagem na volta do intervalo.<\/p>\n<p>O cestinha da vit\u00f3ria brasileira foi o armador Yago, com 25 pontos e 12 assist\u00eancias. Os alas Lucas Dias (18 pontos e 13 rebotes) e Bruno Caboclo (20 pontos \u2013 11 no \u00faltimo per\u00edodo \u2013 e nove rebotes) tamb\u00e9m se destacaram.<\/p>\n<p><strong>Bia Haddad vence a terceira e avan\u00e7a \u00e0s oitavas de final do US Open<\/strong><\/p>\n<p><strong>Santos busca empate com Botafogo e conquista Brasileir\u00e3o Feminino A2<\/strong><\/p>\n<p>\u201cO time mostrou que tem uma real for\u00e7a mental. Jogar contra os Estados Unidos e ficar\u00a015 pontos atr\u00e1s, realmente foi duro. Acho que a parte psicol\u00f3gica \u00e9 o que mais me orgulha nesse time. \u00c9 um grupo jovem, capaz de vencer nos momentos duros\u201d, celebrou o armador Vitor Benite, em depoimento ao site da Federa\u00e7\u00e3o Internacional de Basquete (Fiba).<\/p>\n<p>\u201cAcho que foi nossa maior virada desde que cheguei \u00e0 sele\u00e7\u00e3o brasileira. A energia no gin\u00e1sio foi incr\u00edvel e acredito que todos sentiram. Estou realmente orgulhoso, mas n\u00e3o estamos satisfeitos. Temos um desafio mais\u201d, destacou o armador Georginho, tamb\u00e9m ao site da Fiba.<\/p>\n<p>A final deste domingo reedita a da \u00faltima AmeriCup, no\u00a0Recife, h\u00e1 tr\u00eas anos. Na ocasi\u00e3o, os argentinos levaram a melhor por 75 a 73. Do elenco que est\u00e1 na Nicar\u00e1gua, quatro jogadores estiveram naquela campanha: Yago, Lucas Dias, Benite e Georginho. Os\u00a0hermanos\u00a0venceram o Brasil na decis\u00e3o de 2011, em que foram anfitri\u00f5es.<\/p>\n<p>O Brasil n\u00e3o vence a Copa Am\u00e9rica de\u00a0basquete masculino desde 2009, quando foi campe\u00e3o em Porto Rico, contra os donos da casa. O pa\u00eds tem quatro t\u00edtulos na competi\u00e7\u00e3o e fica atr\u00e1s somente dos Estados Unidos entre os maiores ganhadores. Os norte-americanos t\u00eam sete conquistas. Os argentinos t\u00eam tr\u00eas e podem se igualar aos brasileiros.<\/p>\n<p><strong>De olho no G4, Botafogo recebe Bragantino neste s\u00e1bado pelo Brasileiro<\/strong><\/p>\n<p><strong>Paraciclismo brasileiro garante duas medalhas no Mundial da B\u00e9lgica<\/strong><\/p>\n<\/div>\n","protected":false},"excerpt":{"rendered":"<p>A sele\u00e7\u00e3o masculina de basquete decide a AmeriCup neste domingo (31), \u00e0s 21h10 (hor\u00e1rio de&#8230;<\/p>\n","protected":false},"author":2,"featured_media":0,"comment_status":"","ping_status":"","sticky":false,"template":"","format":"standard","meta":{"footnotes":""},"categories":[2],"tags":[],"class_list":["post-28860","post","type-post","status-publish","format-standard","hentry","category-jogos-ao-vivo"],"amp_enabled":true,"_links":{"self":[{"href":"https:\/\/ipatingafc.com.br\/index.php\/wp-json\/wp\/v2\/posts\/28860","targetHints":{"allow":["GET"]}}],"collection":[{"href":"https:\/\/ipatingafc.com.br\/index.php\/wp-json\/wp\/v2\/posts"}],"about":[{"href":"https:\/\/ipatingafc.com.br\/index.php\/wp-json\/wp\/v2\/types\/post"}],"author":[{"embeddable":true,"href":"https:\/\/ipatingafc.com.br\/index.php\/wp-json\/wp\/v2\/users\/2"}],"replies":[{"embeddable":true,"href":"https:\/\/ipatingafc.com.br\/index.php\/wp-json\/wp\/v2\/comments?post=28860"}],"version-history":[{"count":0,"href":"https:\/\/ipatingafc.com.br\/index.php\/wp-json\/wp\/v2\/posts\/28860\/revisions"}],"wp:attachment":[{"href":"https:\/\/ipatingafc.com.br\/index.php\/wp-json\/wp\/v2\/media?parent=28860"}],"wp:term":[{"taxonomy":"category","embeddable":true,"href":"https:\/\/ipatingafc.com.br\/index.php\/wp-json\/wp\/v2\/categories?post=28860"},{"taxonomy":"post_tag","embeddable":true,"href":"https:\/\/ipatingafc.com.br\/index.php\/wp-json\/wp\/v2\/tags?post=28860"}],"curies":[{"name":"wp","href":"https:\/\/api.w.org\/{rel}","templated":true}]}}