{"id":28871,"date":"2025-08-31T19:58:28","date_gmt":"2025-08-31T22:58:28","guid":{"rendered":"https:\/\/ipatingafc.com.br\/index.php\/2025\/08\/31\/nordeste-e-a-regiao-com-maior-numero-de-inscritos-no-enem-2025\/"},"modified":"2025-08-31T19:58:28","modified_gmt":"2025-08-31T22:58:28","slug":"nordeste-e-a-regiao-com-maior-numero-de-inscritos-no-enem-2025","status":"publish","type":"post","link":"https:\/\/ipatingafc.com.br\/index.php\/2025\/08\/31\/nordeste-e-a-regiao-com-maior-numero-de-inscritos-no-enem-2025\/","title":{"rendered":"Nordeste \u00e9 a regi\u00e3o com maior n\u00famero de inscritos no Enem 2025"},"content":{"rendered":"<p><\/p>\n<div wp_automatic_readability=\"96.449697924875\">\n<p><strong>As 4.811.338 inscri\u00e7\u00f5es confirmadas no Exame Nacional do Ensino M\u00e9dio (Enem) de 2025 s\u00e3o, em sua maior parte, de candidatos do\u00a0Nordeste. Na regi\u00e3o, h\u00e1 1.737.789 inscri\u00e7\u00f5es confirmadas<\/strong>, dos quais 587.935 s\u00e3o de concluintes do ensino m\u00e9dio.<\/p>\n<p>O dado consta no Painel Enem 2025, divulgado pelo Instituto Nacional de Estudos e Pesquisas Educacionais An\u00edsio Teixeira (Inep), vinculado ao Minist\u00e9rio da Educa\u00e7\u00e3o (MEC).<\/p>\n<p><strong>A segunda regi\u00e3o brasileira com o maior n\u00famero de inscritos confirmados nesta edi\u00e7\u00e3o \u00e9 o\u00a0Sudeste, com 1.631.563 participantes confirmados,<\/strong> sendo 662.388 concluintes do ensino m\u00e9dio.<\/p>\n<p><strong>Feira online tem 7 mil vagas de emprego para pessoas com defici\u00eancia<\/strong><\/p>\n<p><strong>C\u00e9sar \u00e9 reconhecido como ladr\u00e3o e passa a maior vergonha da vida em seu casamento com Odete em Vale Tudo<\/strong><\/p>\n<p>Em seguida, aparecem os 561.004 candidatos confirmados do Norte do pa\u00eds, com 193.150 concluintes do ensino m\u00e9dio.<\/p>\n<p>O Sul ocupa a quarta posi\u00e7\u00e3o em n\u00famero de candidatos confirmados: 492.876. Do\u00a0total, 211.433 se formam no ensino m\u00e9dio neste ano.<\/p>\n<p>Por fim, o Centro-Oeste registra 388.106 inscri\u00e7\u00f5es confirmadas. Delas, 157.044 s\u00e3o de estudantes que est\u00e3o no 3\u00ba ano do ensino m\u00e9dio.<\/p>\n<h2>Estados<\/h2>\n<p>Com base no Painel Enem 2025, <strong>o estado com o maior n\u00famero de inscri\u00e7\u00f5es \u00e9 S\u00e3o Paulo, com 751.648, seguido de Minas Gerais (464.994) e da Bahia (428.019).<\/strong><\/p>\n<p><strong>For\u00e7as israelenses bombardeiam sub\u00farbios da Cidade de Gaza<\/strong><\/p>\n<p><strong>INSS volta a exigir autoriza\u00e7\u00e3o judicial para empr\u00e9stimo a incapaz<\/strong><\/p>\n<p><strong>Somente o munic\u00edpio de S\u00e3o Paulo tem 197.626 inscri\u00e7\u00f5es confirmadas<\/strong>. Dessas, 81.179 s\u00e3o de concluintes da educa\u00e7\u00e3o b\u00e1sica.<\/p>\n<p><strong>As tr\u00eas unidades da federa\u00e7\u00e3o com os menores n\u00fameros de candidatos confirmados s\u00e3o: Amap\u00e1, com 33.193; Acre, com 28.962; e Roraima, com\u00a014.162<\/strong>.<\/p>\n<p>Confira o n\u00famero de inscri\u00e7\u00f5es confirmadas por unidade da federa\u00e7\u00e3o:<\/p>\n<p>\u00a0<\/p>\n<table border=\"1\" cellpadding=\"1\" cellspacing=\"1\" style=\"width:350px;\">\n<tbody>\n<tr>\n<td class=\"rtecenter\"><strong>Unidade federativa<\/strong><\/td>\n<td class=\"rtecenter\"><strong>Inscritos no Enem<\/strong><\/td>\n<\/tr>\n<tr>\n<td>Acre<\/td>\n<td>28.962<\/td>\n<\/tr>\n<tr>\n<td>Alagoas<\/td>\n<td>96.488<\/td>\n<\/tr>\n<tr>\n<td>Amazonas<\/td>\n<td>110.842<\/td>\n<\/tr>\n<tr>\n<td>Amap\u00e1<\/td>\n<td>33.193<\/td>\n<\/tr>\n<tr>\n<td>Bahia<\/td>\n<td>428.019<\/td>\n<\/tr>\n<tr>\n<td>Cear\u00e1<\/td>\n<td>275.937<\/td>\n<\/tr>\n<tr>\n<td>Distrito Federal<\/td>\n<td>82.975<\/td>\n<\/tr>\n<tr>\n<td>Esp\u00edrito Santo<\/td>\n<td>85.920<\/td>\n<\/tr>\n<tr>\n<td>Goi\u00e1s<\/td>\n<td>166.761<\/td>\n<\/tr>\n<tr>\n<td>Maranh\u00e3o<\/td>\n<td>211.383<\/td>\n<\/tr>\n<tr>\n<td>Minas Gerais<\/td>\n<td>464.994<\/td>\n<\/tr>\n<tr>\n<td>Mato Grosso\u00a0<\/td>\n<td>80.429<\/td>\n<\/tr>\n<tr>\n<td>Mato Grosso do Sul<\/td>\n<td>57.941<\/td>\n<\/tr>\n<tr>\n<td>Par\u00e1<\/td>\n<td>289.392<\/td>\n<\/tr>\n<tr>\n<td>Para\u00edba<\/td>\n<td>142.050<\/td>\n<\/tr>\n<tr>\n<td>Pernambuco<\/td>\n<td>272.299<\/td>\n<\/tr>\n<tr>\n<td>Piau\u00ed<\/td>\n<td>120.040<\/td>\n<\/tr>\n<tr>\n<td>Paran\u00e1<\/td>\n<td>195.870<\/td>\n<\/tr>\n<tr>\n<td>Rio de Janeiro<\/td>\n<td>329.001<\/td>\n<\/tr>\n<tr>\n<td>Rio Grande do Norte<\/td>\n<td>113.229<\/td>\n<\/tr>\n<tr>\n<td>Rio Grande do Sul<\/td>\n<td>186.541<\/td>\n<\/tr>\n<tr>\n<td>Rond\u00f4nia<\/td>\n<td>46.801<\/td>\n<\/tr>\n<tr>\n<td>Roraima<\/td>\n<td>14.162<\/td>\n<\/tr>\n<tr>\n<td>Santa Catarina<\/td>\n<td>110.465<\/td>\n<\/tr>\n<tr>\n<td>Sergipe<\/td>\n<td>78.344<\/td>\n<\/tr>\n<tr>\n<td>S\u00e3o Paulo<\/td>\n<td>751.648<\/td>\n<\/tr>\n<tr>\n<td>Tocantins<\/td>\n<td>37.652<\/td>\n<\/tr>\n<tr>\n<td>Brasil<\/td>\n<td>4.811.338<\/td>\n<\/tr>\n<\/tbody>\n<\/table>\n<h2>Acessibilidade<\/h2>\n<p>No Enem 2025,<strong> foram aprovadas 116.541 solicita\u00e7\u00f5es de atendimento especializado<\/strong>. Pessoas com d\u00e9ficit de aten\u00e7\u00e3o constituem o\u00a0perfil\u00a0com o maior n\u00famero de pedidos: 41.732, correspondente a 35,81%.<\/p>\n<p>Em seguida, v\u00eam candidatos com Transtorno do Espectro Autista (TEA), com 26.051 ou 22,35% das solicita\u00e7\u00f5es de atendimento especializado. Os inscritos com baixa vis\u00e3o somam 13.430 pessoas (11,52%). J\u00e1 9.741 pessoas com defici\u00eancia f\u00edsica (8,36%) far\u00e3o as provas do Enem.<\/p>\n<p><strong>O exame tamb\u00e9m disponibilizar\u00e1 164.864 recursos de acessibilidade.<\/strong> Tempo adicional foi o recurso mais requerido (48.546). Em seguida, est\u00e3o: aux\u00edlio para leitura (25.548); corre\u00e7\u00e3o diferenciada (24.089); e aux\u00edlio para transcri\u00e7\u00e3o (17.037).<\/p>\n<h2>Perfil dos inscritos<\/h2>\n<p>Confira aqui\u00a0o perfil dos inscritos no Enem 2025. A\u00a0predomin\u00e2ncia \u00e9 de mulheres, pessoas pardas e jovens.<\/p>\n<h2>Provas<\/h2>\n<p><strong>As provas do Exame Nacional do Ensino M\u00e9dio (Enem) 2025 ser\u00e3o aplicadas nos dias\u00a09 e 16 de novembro de 2025<\/strong>, em quase todo o pa\u00eds.<\/p>\n<p>As exce\u00e7\u00f5es s\u00e3o os munic\u00edpios de Bel\u00e9m, Ananindeua e Marituba, no Par\u00e1, devido \u00e0 realiza\u00e7\u00e3o da 30\u00aa Confer\u00eancia das Partes da Conven\u00e7\u00e3o-Quadro das Na\u00e7\u00f5es Unidas sobre Mudan\u00e7a do Clima (COP30), em Bel\u00e9m, de 10 a 21 de novembro.<\/p>\n<p>Nas tr\u00eas cidades paraenses, os candidatos do Enem far\u00e3o as provas nos dias 30 de novembro e 7 de dezembro.<\/p>\n<\/div>\n","protected":false},"excerpt":{"rendered":"<p>As 4.811.338 inscri\u00e7\u00f5es confirmadas no Exame Nacional do Ensino M\u00e9dio (Enem) de 2025 s\u00e3o, em&#8230;<\/p>\n","protected":false},"author":2,"featured_media":0,"comment_status":"","ping_status":"","sticky":false,"template":"","format":"standard","meta":{"footnotes":""},"categories":[2],"tags":[],"class_list":["post-28871","post","type-post","status-publish","format-standard","hentry","category-jogos-ao-vivo"],"amp_enabled":true,"_links":{"self":[{"href":"https:\/\/ipatingafc.com.br\/index.php\/wp-json\/wp\/v2\/posts\/28871","targetHints":{"allow":["GET"]}}],"collection":[{"href":"https:\/\/ipatingafc.com.br\/index.php\/wp-json\/wp\/v2\/posts"}],"about":[{"href":"https:\/\/ipatingafc.com.br\/index.php\/wp-json\/wp\/v2\/types\/post"}],"author":[{"embeddable":true,"href":"https:\/\/ipatingafc.com.br\/index.php\/wp-json\/wp\/v2\/users\/2"}],"replies":[{"embeddable":true,"href":"https:\/\/ipatingafc.com.br\/index.php\/wp-json\/wp\/v2\/comments?post=28871"}],"version-history":[{"count":0,"href":"https:\/\/ipatingafc.com.br\/index.php\/wp-json\/wp\/v2\/posts\/28871\/revisions"}],"wp:attachment":[{"href":"https:\/\/ipatingafc.com.br\/index.php\/wp-json\/wp\/v2\/media?parent=28871"}],"wp:term":[{"taxonomy":"category","embeddable":true,"href":"https:\/\/ipatingafc.com.br\/index.php\/wp-json\/wp\/v2\/categories?post=28871"},{"taxonomy":"post_tag","embeddable":true,"href":"https:\/\/ipatingafc.com.br\/index.php\/wp-json\/wp\/v2\/tags?post=28871"}],"curies":[{"name":"wp","href":"https:\/\/api.w.org\/{rel}","templated":true}]}}