{"id":28943,"date":"2025-09-02T00:51:22","date_gmt":"2025-09-02T03:51:22","guid":{"rendered":"https:\/\/ipatingafc.com.br\/index.php\/2025\/09\/02\/sorocaba-realiza-campanha-de-combate-a-tuberculose-nas-unidades-de-saude-agencia-de-noticias-2\/"},"modified":"2025-09-02T00:51:22","modified_gmt":"2025-09-02T03:51:22","slug":"sorocaba-realiza-campanha-de-combate-a-tuberculose-nas-unidades-de-saude-agencia-de-noticias-2","status":"publish","type":"post","link":"https:\/\/ipatingafc.com.br\/index.php\/2025\/09\/02\/sorocaba-realiza-campanha-de-combate-a-tuberculose-nas-unidades-de-saude-agencia-de-noticias-2\/","title":{"rendered":"Sorocaba realiza campanha de combate \u00e0 tuberculose nas unidades de sa\u00fade \u2013 Ag\u00eancia de Not\u00edcias"},"content":{"rendered":"<p><\/p>\n<div>\n<div class=\"col\">\n<p class=\"mt-0\">\n                        <strong><br \/>\n                            <span class=\"far fa-calendar mr-1 mt-2\"\/><br \/>\n                            1 de setembro de 2025<br \/>\n                            <span class=\"far fa-clock ml-3 mt-2\"\/><br \/>\n                            17:23<br \/>\n                        <\/strong>\n                    <\/p>\n<p class=\"mb-0\">Por: <strong>Bruno Rodrigues<\/strong><\/p>\n<\/p><\/div>\n<\/p><\/div>\n<div>\n<p class=\"western\" align=\"center\">\n<p class=\"western\" align=\"justify\"><span style=\"font-family: Arial, sans-serif;\"><br \/>A Prefeitura de Sorocaba, por meio da Secretaria da Sa\u00fade (SES), realizar\u00e1, entre os dias 15 e 30 de setembro, a 2\u00aa fase da campanha de combate \u00e0 tuberculose. A iniciativa visa conscientizar a popula\u00e7\u00e3o sobre os sintomas da doen\u00e7a e encorajar as pessoas para que fa\u00e7am o exame de escarro, caso apresentem os sinais caracter\u00edsticos. <\/span><\/p>\n<p class=\"western\" align=\"justify\"><span style=\"font-family: Arial, sans-serif;\">Os casos bacil\u00edferos s\u00e3o a principal fonte de dissemina\u00e7\u00e3o da doen\u00e7a e a descoberta precoce, por meio da busca ativa do sintom\u00e1tico respirat\u00f3rio (SR), \u00e9 uma importante medida para interromper a cadeia de transmiss\u00e3o, sempre acompanhada do tratamento adequado.<\/span><\/p>\n<p>A a\u00e7\u00e3o acontece nas Unidades B\u00e1sicas de Sa\u00fade (UBSs) do munic\u00edpio, nas unidades de Urg\u00eancia e Emerg\u00eancia (PAs e UPA), CMAE (Centro Municipal de Atendimento Especializada) e Centro de Atendimento Psicossocial (CAPS).<\/p>\n<p class=\"western\" align=\"justify\"><span style=\"font-family: Arial, sans-serif;\">Para o indiv\u00edduo que est\u00e1 com tosse h\u00e1 mais de tr\u00eas semanas, a orienta\u00e7\u00e3o \u00e9 procurar uma unidade de sa\u00fade, para que seja examinado e realize o chamado exame de baciloscopia, mais conhecido como \u201cexame de escarro\u201d. O resultado estar\u00e1 dispon\u00edvel entre 24 e 48 horas.<\/span><\/p>\n<p class=\"western\" align=\"justify\"><span style=\"font-family: Arial, sans-serif;\">Caso seja positivo, o mesmo \u00e9 direcionado imediatamente para o tratamento, que \u00e9 realizado na Policl\u00ednica Municipal, por meio do Programa de Controle da Tuberculose.<\/span><\/p>\n<\/p><\/div>\n","protected":false},"excerpt":{"rendered":"<p>1 de setembro de 2025 17:23 Por: Bruno Rodrigues A Prefeitura de Sorocaba, por meio&#8230;<\/p>\n","protected":false},"author":2,"featured_media":0,"comment_status":"","ping_status":"","sticky":false,"template":"","format":"standard","meta":{"footnotes":""},"categories":[2],"tags":[],"class_list":["post-28943","post","type-post","status-publish","format-standard","hentry","category-jogos-ao-vivo"],"amp_enabled":true,"_links":{"self":[{"href":"https:\/\/ipatingafc.com.br\/index.php\/wp-json\/wp\/v2\/posts\/28943","targetHints":{"allow":["GET"]}}],"collection":[{"href":"https:\/\/ipatingafc.com.br\/index.php\/wp-json\/wp\/v2\/posts"}],"about":[{"href":"https:\/\/ipatingafc.com.br\/index.php\/wp-json\/wp\/v2\/types\/post"}],"author":[{"embeddable":true,"href":"https:\/\/ipatingafc.com.br\/index.php\/wp-json\/wp\/v2\/users\/2"}],"replies":[{"embeddable":true,"href":"https:\/\/ipatingafc.com.br\/index.php\/wp-json\/wp\/v2\/comments?post=28943"}],"version-history":[{"count":0,"href":"https:\/\/ipatingafc.com.br\/index.php\/wp-json\/wp\/v2\/posts\/28943\/revisions"}],"wp:attachment":[{"href":"https:\/\/ipatingafc.com.br\/index.php\/wp-json\/wp\/v2\/media?parent=28943"}],"wp:term":[{"taxonomy":"category","embeddable":true,"href":"https:\/\/ipatingafc.com.br\/index.php\/wp-json\/wp\/v2\/categories?post=28943"},{"taxonomy":"post_tag","embeddable":true,"href":"https:\/\/ipatingafc.com.br\/index.php\/wp-json\/wp\/v2\/tags?post=28943"}],"curies":[{"name":"wp","href":"https:\/\/api.w.org\/{rel}","templated":true}]}}