{"id":28951,"date":"2025-09-02T03:59:18","date_gmt":"2025-09-02T06:59:18","guid":{"rendered":"https:\/\/ipatingafc.com.br\/index.php\/2025\/09\/02\/secretaria-da-educacao-realiza-2o-encontro-formativo-sobre-o-uso-da-plataforma-da-avaliacao-continua-da-aprendizagem-agencia-de-noticias\/"},"modified":"2025-09-02T03:59:18","modified_gmt":"2025-09-02T06:59:18","slug":"secretaria-da-educacao-realiza-2o-encontro-formativo-sobre-o-uso-da-plataforma-da-avaliacao-continua-da-aprendizagem-agencia-de-noticias","status":"publish","type":"post","link":"https:\/\/ipatingafc.com.br\/index.php\/2025\/09\/02\/secretaria-da-educacao-realiza-2o-encontro-formativo-sobre-o-uso-da-plataforma-da-avaliacao-continua-da-aprendizagem-agencia-de-noticias\/","title":{"rendered":"Secretaria da Educa\u00e7\u00e3o realiza 2\u00ba Encontro Formativo sobre o uso da Plataforma da Avalia\u00e7\u00e3o Cont\u00ednua da Aprendizagem \u2013 Ag\u00eancia de Not\u00edcias"},"content":{"rendered":"<p><\/p>\n<div wp_automatic_readability=\"31\">\n<div class=\"col\" wp_automatic_readability=\"7\">\n<p class=\"mt-0\">\n                        <strong><br \/>\n                            <span class=\"far fa-calendar mr-1 mt-2\"\/><br \/>\n                            1 de setembro de 2025<br \/>\n                            <span class=\"far fa-clock ml-3 mt-2\"\/><br \/>\n                            16:36<br \/>\n                        <\/strong>\n                    <\/p>\n<p class=\"mb-0\">Por: <strong>Rose Campos<\/strong><\/p>\n<\/p><\/div>\n<\/p><\/div>\n<div wp_automatic_readability=\"76\">\n<p align=\"justify\">\n<p align=\"justify\"><em>Fotos: Sedu\/Divulga\u00e7\u00e3o<\/em><\/p>\n<p align=\"justify\"><span style=\"color: #000000;\"><span style=\"font-family: Arial, sans-serif;\"><span style=\"font-size: medium;\">A Prefeitura de Sorocaba, por meio da Secretaria da Educa\u00e7\u00e3o (Sedu), realizou, na \u00faltima ter\u00e7a-feira (26), na E.M. \u201cMatheus Maylasky\u201d, o 2\u00ba Encontro Formativo com docentes multiplicadores, do 5\u00ba ano, voltado ao uso da Plataforma da Avalia\u00e7\u00e3o Cont\u00ednua da Aprendizagem.<\/span><\/span><\/span><\/p>\n<p align=\"justify\"><span style=\"color: #000000;\"><span style=\"font-family: Arial, sans-serif;\"><span style=\"font-size: medium;\">Disponibilizada pelo Minist\u00e9rio da Educa\u00e7\u00e3o (MEC), no \u00e2mbito do Compromisso Nacional Crian\u00e7a Alfabetizada (CNCA), a plataforma oferece avalia\u00e7\u00f5es formativas aplicadas em tr\u00eas ciclos, ao longo do ano letivo. Seu objetivo central \u00e9 acompanhar os n\u00edveis de aprendizagem dos estudantes, al\u00e9m de disponibilizar materiais de apoio com orienta\u00e7\u00f5es para uso dos resultados e sugest\u00f5es de pr\u00e1ticas pedag\u00f3gicas.<\/span><\/span><\/span><\/p>\n<p align=\"justify\"><span style=\"color: #000000;\"><span style=\"font-family: Arial, sans-serif;\"><span style=\"font-size: medium;\">O encontro teve como foco a an\u00e1lise dos resultados j\u00e1 obtidos nos Ciclos I e II, subsidiando o planejamento de a\u00e7\u00f5es e atividades de interven\u00e7\u00e3o pedag\u00f3gica direcionadas \u00e0 recomposi\u00e7\u00e3o da aprendizagem.<\/span><\/span><\/span><\/p>\n<p align=\"justify\"><span style=\"color: #000000;\"><span style=\"font-family: Arial, sans-serif;\"><span style=\"font-size: medium;\">Durante a forma\u00e7\u00e3o, os professores discutiram estrat\u00e9gias para fortalecer o acompanhamento do desenvolvimento dos estudantes, reafirmando o compromisso com a qualidade do ensino. A proposta \u00e9 que a Avalia\u00e7\u00e3o Cont\u00ednua seja utilizada n\u00e3o apenas como diagn\u00f3stico, mas tamb\u00e9m como ferramenta de planejamento pedag\u00f3gico, favorecendo o avan\u00e7o de todos os estudantes em seu processo de aprendizagem.<\/span><\/span><\/span><\/p>\n<p align=\"justify\"><span style=\"color: #000000;\"><span style=\"font-family: Arial, sans-serif;\"><span style=\"font-size: medium;\">Os resultados parciais apontam avan\u00e7os significativos: crescimento de 10% no n\u00famero de estudantes em n\u00edvel adequado de leitura e 14% em Matem\u00e1tica, entre os Ciclos I e II.<\/span><\/span><\/span><\/p>\n<p align=\"justify\"><span style=\"color: #000000;\">\u201c<span style=\"font-family: Arial, sans-serif;\"><span style=\"font-size: medium;\">A Avalia\u00e7\u00e3o Cont\u00ednua representa uma importante aliada na miss\u00e3o de garantir o direito de aprender de cada crian\u00e7a. O encontro formativo reafirma nosso compromisso em apoiar os professores com dados e estrat\u00e9gias que orientem interven\u00e7\u00f5es assertivas, fortalecendo o processo de recomposi\u00e7\u00e3o das aprendizagens e assegurando avan\u00e7os consistentes na qualidade da educa\u00e7\u00e3o em nossa rede municipal\u201d, ressalta a coordenadora Administrativa, Izaura Mendes. <\/span><\/span><\/span><\/p>\n<p><!-- Root element of PhotoSwipe. Must have class pswp. --><\/p><\/div>\n","protected":false},"excerpt":{"rendered":"<p>1 de setembro de 2025 16:36 Por: Rose Campos Fotos: Sedu\/Divulga\u00e7\u00e3o A Prefeitura de Sorocaba,&#8230;<\/p>\n","protected":false},"author":2,"featured_media":0,"comment_status":"","ping_status":"","sticky":false,"template":"","format":"standard","meta":{"footnotes":""},"categories":[2],"tags":[],"class_list":["post-28951","post","type-post","status-publish","format-standard","hentry","category-jogos-ao-vivo"],"amp_enabled":true,"_links":{"self":[{"href":"https:\/\/ipatingafc.com.br\/index.php\/wp-json\/wp\/v2\/posts\/28951","targetHints":{"allow":["GET"]}}],"collection":[{"href":"https:\/\/ipatingafc.com.br\/index.php\/wp-json\/wp\/v2\/posts"}],"about":[{"href":"https:\/\/ipatingafc.com.br\/index.php\/wp-json\/wp\/v2\/types\/post"}],"author":[{"embeddable":true,"href":"https:\/\/ipatingafc.com.br\/index.php\/wp-json\/wp\/v2\/users\/2"}],"replies":[{"embeddable":true,"href":"https:\/\/ipatingafc.com.br\/index.php\/wp-json\/wp\/v2\/comments?post=28951"}],"version-history":[{"count":0,"href":"https:\/\/ipatingafc.com.br\/index.php\/wp-json\/wp\/v2\/posts\/28951\/revisions"}],"wp:attachment":[{"href":"https:\/\/ipatingafc.com.br\/index.php\/wp-json\/wp\/v2\/media?parent=28951"}],"wp:term":[{"taxonomy":"category","embeddable":true,"href":"https:\/\/ipatingafc.com.br\/index.php\/wp-json\/wp\/v2\/categories?post=28951"},{"taxonomy":"post_tag","embeddable":true,"href":"https:\/\/ipatingafc.com.br\/index.php\/wp-json\/wp\/v2\/tags?post=28951"}],"curies":[{"name":"wp","href":"https:\/\/api.w.org\/{rel}","templated":true}]}}