{"id":28980,"date":"2025-09-02T14:25:22","date_gmt":"2025-09-02T17:25:22","guid":{"rendered":"https:\/\/ipatingafc.com.br\/index.php\/2025\/09\/02\/eventual-condenacao-por-golpe-pode-levar-militares-a-perda-de-patentes\/"},"modified":"2025-09-02T14:25:22","modified_gmt":"2025-09-02T17:25:22","slug":"eventual-condenacao-por-golpe-pode-levar-militares-a-perda-de-patentes","status":"publish","type":"post","link":"https:\/\/ipatingafc.com.br\/index.php\/2025\/09\/02\/eventual-condenacao-por-golpe-pode-levar-militares-a-perda-de-patentes\/","title":{"rendered":"Eventual condena\u00e7\u00e3o por golpe pode levar militares \u00e0 perda de patentes"},"content":{"rendered":"<p><\/p>\n<div wp_automatic_readability=\"82.616766467066\">\n<p>Os\u00a0militares\u00a0que\u00a0come\u00e7am a ser julgados nesta ter\u00e7a-feira (2) no Supremo Tribunal Federal (STF) por envolvimento na tentativa de golpe de Estado podem perder suas patentes \u2013 incluindo o ex-presidente Jair Bolsonaro. A avalia\u00e7\u00e3o \u00e9 do advogado Leonardo Dickinson, especialista em Direito Militar.<\/p>\n<p>O criminalista aponta\u00a0que\u00a0a Constitui\u00e7\u00e3o permite a perda das patentes\u00a0militares\u00a0em caso de condena\u00e7\u00f5es nas justi\u00e7as comum ou militar com penas superiores a dois anos. Trata-se de um processo espec\u00edfico\u00a0que\u00a0avalia se o militar \u00e9 digno de continuar a ser um oficial das For\u00e7as Armadas.<\/p>\n<p>\u201cO que se analisa n\u00e3o \u00e9 a conduta sob o ponto de vista criminal, propriamente dito, mas a conduta perante um tribunal de honra. Ser\u00e1 que essa pessoa, nesse contexto, tem condi\u00e7\u00f5es de manter um posto nas For\u00e7as Armadas do Estado brasileiro, t\u00e3o prestigiosas e honrosas, como deve ser? \u00c9 isso que \u00e9 analisado pelo tribunal: se a conduta vai um passo al\u00e9m e fere completamente a hierarquia e a disciplina, que s\u00e3o os pilares institucionais da Justi\u00e7a Militar\u201d, compara.\u00a0<\/p>\n<p><strong>Com mais de 100 filmes, festival explora o universo fant\u00e1stico<\/strong><\/p>\n<p><strong>Inca abre vagas para o curso de ver\u00e3o em 2026<\/strong><\/p>\n<p>No entanto, a perda do posto e patente n\u00e3o \u00e9 autom\u00e1tica. Segundo o especialista, a puni\u00e7\u00e3o deve come\u00e7ar por um tribunal administrativo de cada uma das for\u00e7as, o chamado Conselho de Justifica\u00e7\u00e3o,\u00a0que\u00a0far\u00e1 a an\u00e1lise de cada caso.\u00a0<\/p>\n<p>\u201cO\u00a0Conselho de Justifica\u00e7\u00e3o \u00e9 um tribunal administrativo composto por oficiais das For\u00e7as Armadas que rigorosamente fazem essa an\u00e1lise administrativa da possibilidade da perda do posto do oficial\u201d, explica.\u00a0<\/p>\n<p>Caso o Conselho de Justifica\u00e7\u00e3o decida pela perda de patente, a medida \u00e9 encaminhada ao Minist\u00e9rio P\u00fablico Militar. Assim, fica a cargo do \u00f3rg\u00e3o denunciar ou n\u00e3o ao Superior Tribunal Militar (STM),\u00a0que\u00a0vai definir a poss\u00edvel perda da patente. Essa n\u00e3o \u00e9, portanto, uma compet\u00eancia do STF, de acordo com o especialista.<\/p>\n<p>\u201cO STM ser\u00e1 respons\u00e1vel pela analise dessa possibilidade ou n\u00e3o da declara\u00e7\u00e3o de indignidade ou incompatibilidade para o oficialato. E isso depende uma representa\u00e7\u00e3o por parte do procurador-geral da Justi\u00e7a Militar. Mas entendo que o STF, com respeito, n\u00e3o \u00e9 competente para o julgamento de eventual perda de posto, isso \u00e9 uma prerrogativa dos oficiais perante um tribunal militar propriamente dito\u201d, analisa.\u00a0<\/p>\n<p><strong>CPMI do INSS aprova pedido de pris\u00e3o preventiva de 21 investigados<\/strong><\/p>\n<p><strong>Morre Mino Carta, fundador das revistas Veja e Carta Capital<\/strong><\/p>\n<h2>Consequ\u00eancias da puni\u00e7\u00e3o<\/h2>\n<p>A perda de patente militar pode levar ao fim dos benef\u00edcios dessas carreiras, como aposentadorias e pens\u00f5es.<\/p>\n<p>Dos 32 denunciados pela trama golpista, 22 s\u00e3o\u00a0militares\u00a0ou ex-militares, incluindo o ex-presidente Jair Bolsonaro,\u00a0que\u00a0\u00e9 capit\u00e3o reformado do Ex\u00e9rcito. Todos eles se declaram inocentes.\u00a0<\/p>\n<p>De acordo com o Minist\u00e9rio P\u00fablico Militar, desde 2018, 47\u00a0militares\u00a0das For\u00e7as Armadas foram condenados com a perda da patente. Outros sete processos foram declarados improcedentes ou extintos e 19 aguardam a finaliza\u00e7\u00e3o do julgamento. Entre os\u00a0crimes relacionados est\u00e3o casos de corrup\u00e7\u00e3o, estelionato, peculato e at\u00e9 estupro de vulner\u00e1vel. Entre eles n\u00e3o h\u00e1 apura\u00e7\u00e3o sobre oficiais generais.\u00a0<\/p>\n<\/div>\n","protected":false},"excerpt":{"rendered":"<p>Os\u00a0militares\u00a0que\u00a0come\u00e7am a ser julgados nesta ter\u00e7a-feira (2) no Supremo Tribunal Federal (STF) por envolvimento na&#8230;<\/p>\n","protected":false},"author":2,"featured_media":0,"comment_status":"","ping_status":"","sticky":false,"template":"","format":"standard","meta":{"footnotes":""},"categories":[2],"tags":[],"class_list":["post-28980","post","type-post","status-publish","format-standard","hentry","category-jogos-ao-vivo"],"amp_enabled":true,"_links":{"self":[{"href":"https:\/\/ipatingafc.com.br\/index.php\/wp-json\/wp\/v2\/posts\/28980","targetHints":{"allow":["GET"]}}],"collection":[{"href":"https:\/\/ipatingafc.com.br\/index.php\/wp-json\/wp\/v2\/posts"}],"about":[{"href":"https:\/\/ipatingafc.com.br\/index.php\/wp-json\/wp\/v2\/types\/post"}],"author":[{"embeddable":true,"href":"https:\/\/ipatingafc.com.br\/index.php\/wp-json\/wp\/v2\/users\/2"}],"replies":[{"embeddable":true,"href":"https:\/\/ipatingafc.com.br\/index.php\/wp-json\/wp\/v2\/comments?post=28980"}],"version-history":[{"count":0,"href":"https:\/\/ipatingafc.com.br\/index.php\/wp-json\/wp\/v2\/posts\/28980\/revisions"}],"wp:attachment":[{"href":"https:\/\/ipatingafc.com.br\/index.php\/wp-json\/wp\/v2\/media?parent=28980"}],"wp:term":[{"taxonomy":"category","embeddable":true,"href":"https:\/\/ipatingafc.com.br\/index.php\/wp-json\/wp\/v2\/categories?post=28980"},{"taxonomy":"post_tag","embeddable":true,"href":"https:\/\/ipatingafc.com.br\/index.php\/wp-json\/wp\/v2\/tags?post=28980"}],"curies":[{"name":"wp","href":"https:\/\/api.w.org\/{rel}","templated":true}]}}