{"id":28984,"date":"2025-09-02T15:47:28","date_gmt":"2025-09-02T18:47:28","guid":{"rendered":"https:\/\/ipatingafc.com.br\/index.php\/2025\/09\/02\/para-gonet-acusacao-provou-tentativa-de-golpe-liderada-por-bolsonaro\/"},"modified":"2025-09-02T15:47:28","modified_gmt":"2025-09-02T18:47:28","slug":"para-gonet-acusacao-provou-tentativa-de-golpe-liderada-por-bolsonaro","status":"publish","type":"post","link":"https:\/\/ipatingafc.com.br\/index.php\/2025\/09\/02\/para-gonet-acusacao-provou-tentativa-de-golpe-liderada-por-bolsonaro\/","title":{"rendered":"Para Gonet, acusa\u00e7\u00e3o provou tentativa de golpe liderada por Bolsonaro"},"content":{"rendered":"<p><\/p>\n<div wp_automatic_readability=\"153.43981612447\">\n<p><strong>O procurador-geral da Rep\u00fablica, Paulo Gonet, afirmou nesta ter\u00e7a-feira (2) estar provado por testemunhos, registros e documentos que o ex-presidente Jair Bolsonaro liderou uma tentativa de golpe de Estado para se manter no poder ap\u00f3s derrota eleitoral em 2022.\u00a0<\/strong><\/p>\n<p>\u201cN\u00e3o h\u00e1 como negar fatos praticados publicamente, planos apreendidos, di\u00e1logos documentados e bens p\u00fablicos deteriorados\u201d, observou Gonet.<\/p>\n<blockquote wp_automatic_readability=\"8.9380530973451\">\n<p>\u201cSe as defesas tentaram minimizar a contribui\u00e7\u00e3o individual de cada acusado e buscar interpreta\u00e7\u00f5es distintas dos fatos, estes mesmos fatos, contudo, n\u00e3o tiveram como ser negados\u201d, refor\u00e7ou.\u00a0<\/p>\n<p><strong>Rio combater\u00e1 viol\u00eancia contra trabalhadores de aplicativos<\/strong><\/p>\n<p><strong>M\u00e3e do modelo que faleceu comove com mensagem; \u2018\u00c9 uma dor t\u00e3o grande\u2019<\/strong><\/p>\n<\/blockquote>\n<p>O procurador apontou, por exemplo, para a minuta de decreto golpista que foi apreendida na casa do ex-ministro da Justi\u00e7a Anderson Torres, um dos r\u00e9us na a\u00e7\u00e3o penal.<\/p>\n<p>&gt;&gt; Clique aqui e acompanhe ao vivo o julgamento<\/p>\n<p>Ele tamb\u00e9m citou os depoimentos dos ex-comandantes do Ex\u00e9rcito, general Marco Ant\u00f4nio Freire Gomes, e da Aeron\u00e1utica, Carlos de Almeida Baptista J\u00fanior, que confirmaram terem sido apresentados a decretos de teor golpista em reuni\u00e3o com Bolsonaro.\u00a0<\/p>\n<blockquote wp_automatic_readability=\"7.8901734104046\">\n<p>\u201cA den\u00fancia n\u00e3o se baseou em conjecturas ou suposi\u00e7\u00f5es fr\u00e1geis. Os pr\u00f3prios integrantes da organiza\u00e7\u00e3o criminosa fizeram quest\u00e3o de documentar quase todas as fases da empreitada\u201d, insistiu Gonet.\u00a0<\/p>\n<p><strong>Eventual condena\u00e7\u00e3o por golpe pode levar militares \u00e0 perda de patentes<\/strong><\/p>\n<p><strong>Com mais de 100 filmes, festival explora o universo fant\u00e1stico<\/strong><\/p>\n<\/blockquote>\n<p>Ele citou ainda o que seriam planos para a execu\u00e7\u00e3o do golpe, todos apreendidos na fase de inqu\u00e9rito da Pol\u00edcia Federal (PF) em buscas realizadas em endere\u00e7os ligados aos r\u00e9us. Tais planejamentos foram encontrados e continham nomes como <em>Opera\u00e7\u00e3o 142<\/em> e <em>Punhal Verde e Amarelo<\/em>, destacou Gonet.\u00a0<\/p>\n<p>&gt;&gt; Siga o canal da <strong>Ag\u00eancia Brasil <\/strong>no WhatsApp<\/p>\n<p>O PGR frisou que tais planos inclu\u00edram ainda a opera\u00e7\u00e3o denominada <em>Copa 2022<\/em>, que teria o objetivo de \u201celiminar\u201d o ministro do Supremo Alexandre de Moraes, o ent\u00e3o presidente eleito Luiz In\u00e1cio Lula da Silva e seu vice, Geraldo Alckmin.<\/p>\n<p>\u201cEssa etapa do golpe foi minuciosamente planejada, com descri\u00e7\u00e3o escrita de est\u00e1gios e finalidades\u201d, apontou Gonet.\u00a0<\/p>\n<p>\u201cAo fim do processo, resta certo que houve um combinado de atos orientados a consumar um golpe de Estado que desnaturaria o Estado democr\u00e1tico de Direito em um dos seus elementos basilares \u2013 o respeito \u00e0 escolha livre dos cidad\u00e3os do chefe do Executivo\u201d, insistiu o PGR.\u00a0<\/p>\n<p>No in\u00edcio de sua sustenta\u00e7\u00e3o oral, Gonet fez tamb\u00e9m um discurso enf\u00e1tico contra a impunidade, afirmando ser \u201cimperativo\u201d para a manuten\u00e7\u00e3o do regime democr\u00e1tico que Bolsonaro e seus aliados sejam condenados pela tentativa de golpe.\u00a0<\/p>\n<h2>Bolsonaro<\/h2>\n<p>Especificamente a respeito de Bolsonaro, o procurador-geral da Rep\u00fablica buscou demonstrar como reuni\u00f5es, amea\u00e7as e falas do ex-presidente teriam sido calculadas e coordenadas para \u201cinsuflar a milit\u00e2ncia\u201d.\u00a0<\/p>\n<p><strong>Gonet citou reuni\u00e3o ministerial realizada em 5 de julho de 2021, na qual Bolsonaro aparece em v\u00eddeo conclamando seus auxiliares a atacar e espalhar desinforma\u00e7\u00e3o sobre o sistema eletr\u00f4nico de vota\u00e7\u00e3o.<\/strong> Outro epis\u00f3dio mencionado pelo PGR foram discursos do ex-presidente em eventos como a comemora\u00e7\u00f5es do 7 de setembro de 2021.<\/p>\n<p>Na ocasi\u00e3o, lembrou o PGR, Bolsonaro amea\u00e7ou ministros do Supremo e do Tribunal Superior Eleitoral (TSE), dizendo em discurso a apoiadores na Avenida Paulista, em S\u00e3o Paulo, que \u201cs\u00f3\u00a0saio preso, morto ou com vit\u00f3ria\u201d.\u00a0<\/p>\n<blockquote wp_automatic_readability=\"8\">\n<p>\u201cAs palavras proferidas no dia da celebra\u00e7\u00e3o nacional da Independ\u00eancia n\u00e3o podem ser confundidas com um arroubo isolado, mas expunham o projeto autorit\u00e1rio\u201d, disse Gonet.\u00a0<\/p>\n<\/blockquote>\n<p>Ele acrescentou que \u201ca escalada da agressividade discursiva n\u00e3o era epis\u00f3dica nem improvisada. Integrava a execu\u00e7\u00e3o de prop\u00f3sito orientado \u00e0 corros\u00e3o progressiva da confian\u00e7a p\u00fablica nos procedimentos democr\u00e1ticos\u201d<\/p>\n<p>Sempre referindo-se ao que seriam as provas do golpe, Gonet disse que \u201cforam apreendidos manuscritos e arquivos eletr\u00f4nicos reveladores do plano de desacreditar reiteradamente o processo eletr\u00f4nico de vota\u00e7\u00e3o\u201d.<\/p>\n<p>Ele indicou anota\u00e7\u00f5es em uma agenda do ex-ministro-chefe do Gabinete de Seguran\u00e7a Institucional (GSI), general Augusto Heleno.\u00a0<\/p>\n<blockquote wp_automatic_readability=\"9\">\n<p>\u201cA finalidade era inequ\u00edvoca: fomentar desconfian\u00e7a generalizada no processo eleitoral, incitar a milit\u00e2ncia contra os Poderes constitu\u00eddos e dispor a popula\u00e7\u00e3o para recha\u00e7ar a derrota nas urnas\u201d, disse Gonet.\u00a0<\/p>\n<\/blockquote>\n<p>\u201cProcurava-se revestir de legitimidade uma trama de ruptura. As constantes manifesta\u00e7\u00f5es do Presidente nessa diretriz se inseriam na estrat\u00e9gia de dissemina\u00e7\u00e3o sistem\u00e1tica de inverdades e mobiliza\u00e7\u00e3o ideol\u00f3gica, disposta para a fideliza\u00e7\u00e3o de sua base de aliados e para o desgaste dos alicerces democr\u00e1ticos\u201d, registrou o procurador.<\/p>\n<h2>Julgamento<\/h2>\n<p>O julgamento de Bolsonaro e mais sete ex-auxiliares por uma tentativa de golpe de Estado e mais quatro crimes come\u00e7ou nesta ter\u00e7a, com a leitura de um resumo do caso pelo relator, ministro Alexandre de Morares e a sustenta\u00e7\u00e3o oral de Gonet. Ap\u00f3s um intervalo para o almo\u00e7o, ser\u00e1 a vez das defesas dos oito r\u00e9us sustentarem suas vers\u00f5es.\u00a0<\/p>\n<p>Os r\u00e9us foram acusados pela Procuradoria-Geral da Rep\u00fablica (PGR) dos seguintes crimes:\u00a0<\/p>\n<ul>\n<li>liderar ou integrar organiza\u00e7\u00e3o criminosa armada;\u00a0<\/li>\n<li>atentar violentamente contra o Estado Democr\u00e1tico de Direito,\u00a0<\/li>\n<li>tentar um golpe de Estado,\u00a0<\/li>\n<li>praticar dano qualificado por viol\u00eancia e grave amea\u00e7a;\u00a0<\/li>\n<li>deteriorar patrim\u00f4nio p\u00fablico tombado.<\/li>\n<\/ul>\n<p>A exce\u00e7\u00e3o \u00e9 o caso do ex-diretor da Abin Alexandre Ramagem, que, por cumprir mandato de deputado federal, foi beneficiado com a suspens\u00e3o de parte das acusa\u00e7\u00f5es e responde somente aos tr\u00eas primeiros crimes citados acima. A regra est\u00e1 prevista na Constitui\u00e7\u00e3o.<\/p>\n<p><strong>Em caso de condena\u00e7\u00e3o, as penas podem ultrapassar os 40 anos de pris\u00e3o, a depender do papel desempenhado pelo condenado no compl\u00f4 golpista<\/strong>.\u00a0<\/p>\n<p>A an\u00e1lise do caso ocorre na sala de audi\u00eancias da Primeira Turma do Supremo, em Bras\u00edlia, e \u00e9 transmitida ao vivo pela TV e R\u00e1dio Justi\u00e7a e tamb\u00e9m pelo canal oficial do STF no YouTube.<\/p>\n<p>A previs\u00e3o \u00e9 de que o julgamento dure at\u00e9 12 de setembro, sendo realizado em oito sess\u00f5es.\u00a0\u00a0<\/p>\n<p>Os r\u00e9us do chamado n\u00facleo crucial da trama golpista, apontados como principais autores intelectuais e benefici\u00e1rios do golpe, s\u00e3o:\u00a0<\/p>\n<ul>\n<li>Jair Bolsonaro \u2013 ex-presidente da Rep\u00fablica;<\/li>\n<li>Alexandre Ramagem \u2013 ex-diretor da Ag\u00eancia Brasileira de Intelig\u00eancia (Abin);<\/li>\n<li>Almir Garnier \u2013 ex-comandante da Marinha;<\/li>\n<li>Anderson Torres \u2013 ex-ministro da Justi\u00e7a e ex-secret\u00e1rio de seguran\u00e7a do Distrito Federal;<\/li>\n<li>Augusto Heleno \u2013 ex-ministro do Gabinete de Seguran\u00e7a Institucional (GSI);<\/li>\n<li>Paulo S\u00e9rgio Nogueira \u2013 ex-ministro da Defesa;<\/li>\n<li>Walter Braga Netto \u2013 ex-ministro de Bolsonaro e candidato \u00e0 vice na chapa de 2022;<\/li>\n<li>Mauro Cid \u2013 ex-ajudante de ordens de Bolsonaro.<\/li>\n<\/ul>\n<p>\u00a0<\/p>\n<\/div>\n","protected":false},"excerpt":{"rendered":"<p>O procurador-geral da Rep\u00fablica, Paulo Gonet, afirmou nesta ter\u00e7a-feira (2) estar provado por testemunhos, registros&#8230;<\/p>\n","protected":false},"author":2,"featured_media":0,"comment_status":"","ping_status":"","sticky":false,"template":"","format":"standard","meta":{"footnotes":""},"categories":[2],"tags":[],"class_list":["post-28984","post","type-post","status-publish","format-standard","hentry","category-jogos-ao-vivo"],"amp_enabled":true,"_links":{"self":[{"href":"https:\/\/ipatingafc.com.br\/index.php\/wp-json\/wp\/v2\/posts\/28984","targetHints":{"allow":["GET"]}}],"collection":[{"href":"https:\/\/ipatingafc.com.br\/index.php\/wp-json\/wp\/v2\/posts"}],"about":[{"href":"https:\/\/ipatingafc.com.br\/index.php\/wp-json\/wp\/v2\/types\/post"}],"author":[{"embeddable":true,"href":"https:\/\/ipatingafc.com.br\/index.php\/wp-json\/wp\/v2\/users\/2"}],"replies":[{"embeddable":true,"href":"https:\/\/ipatingafc.com.br\/index.php\/wp-json\/wp\/v2\/comments?post=28984"}],"version-history":[{"count":0,"href":"https:\/\/ipatingafc.com.br\/index.php\/wp-json\/wp\/v2\/posts\/28984\/revisions"}],"wp:attachment":[{"href":"https:\/\/ipatingafc.com.br\/index.php\/wp-json\/wp\/v2\/media?parent=28984"}],"wp:term":[{"taxonomy":"category","embeddable":true,"href":"https:\/\/ipatingafc.com.br\/index.php\/wp-json\/wp\/v2\/categories?post=28984"},{"taxonomy":"post_tag","embeddable":true,"href":"https:\/\/ipatingafc.com.br\/index.php\/wp-json\/wp\/v2\/tags?post=28984"}],"curies":[{"name":"wp","href":"https:\/\/api.w.org\/{rel}","templated":true}]}}