{"id":29015,"date":"2025-09-03T02:46:40","date_gmt":"2025-09-03T05:46:40","guid":{"rendered":"https:\/\/ipatingafc.com.br\/index.php\/2025\/09\/03\/sorocaba-promove-a-campanha-setembro-verde-e-a-importancia-da-doacao-de-orgaos-agencia-de-noticias\/"},"modified":"2025-09-03T02:46:40","modified_gmt":"2025-09-03T05:46:40","slug":"sorocaba-promove-a-campanha-setembro-verde-e-a-importancia-da-doacao-de-orgaos-agencia-de-noticias","status":"publish","type":"post","link":"https:\/\/ipatingafc.com.br\/index.php\/2025\/09\/03\/sorocaba-promove-a-campanha-setembro-verde-e-a-importancia-da-doacao-de-orgaos-agencia-de-noticias\/","title":{"rendered":"Sorocaba promove a campanha Setembro Verde e a import\u00e2ncia da doa\u00e7\u00e3o de \u00f3rg\u00e3os \u2013 Ag\u00eancia de Not\u00edcias"},"content":{"rendered":"<p><\/p>\n<div>\n<div class=\"col\">\n<p class=\"mt-0\">\n                        <strong><br \/>\n                            <span class=\"far fa-calendar mr-1 mt-2\"\/><br \/>\n                            2 de setembro de 2025<br \/>\n                            <span class=\"far fa-clock ml-3 mt-2\"\/><br \/>\n                            15:56<br \/>\n                        <\/strong>\n                    <\/p>\n<p class=\"mb-0\">Por: <strong>Gustavo Goes (Programa de Est\u00e1gio) Supervis\u00e3o: Bruno Rodrigues<\/strong><\/p>\n<\/p><\/div>\n<\/p><\/div>\n<div>\n<p>A Prefeitura de Sorocaba, por meio da Secretaria da Sa\u00fade (SES), promove, ao longo deste m\u00eas, a\u00e7\u00f5es nas Unidades B\u00e1sicas de Sa\u00fade (UBSs) referentes \u00e0 campanha Setembro Verde, que busca incentivar a popula\u00e7\u00e3o para a pr\u00e1tica de doa\u00e7\u00e3o de \u00f3rg\u00e3os.<\/p>\n<p>No dia 27 de setembro \u00e9 celebrado o Dia Nacional da Doa\u00e7\u00e3o de \u00d3rg\u00e3os, criado pela Lei Federal 11.584\/2007 com o objetivo de conscientizar a sociedade brasileira a respeito da import\u00e2ncia da doa\u00e7\u00e3o de \u00f3rg\u00e3os e de tecidos. O procedimento cir\u00fargico consiste na substitui\u00e7\u00e3o de um \u00f3rg\u00e3o doente de um paciente (receptor) por um saud\u00e1vel, vindo de um doador, que pode ser uma pessoa viva ou falecida.<\/p>\n<p>Mesmo com o aumento das discuss\u00f5es sobre o tema nos \u00faltimos anos, a doa\u00e7\u00e3o de \u00f3rg\u00e3os no Brasil ainda enfrenta grandes desafios, como a alta taxa de recusa familiar. De acordo com o Minist\u00e9rio da Sa\u00fade de cada 14 pessoas que manifestam interesse em doar, apenas quatro acabam efetuando a doa\u00e7\u00e3o.<\/p>\n<p>Os principais motivos de recusa da fam\u00edlia s\u00e3o a n\u00e3o aceita\u00e7\u00e3o da manipula\u00e7\u00e3o do corpo, cren\u00e7a religiosa, medo da rea\u00e7\u00e3o dos parentes, desconfian\u00e7a da assist\u00eancia e a n\u00e3o compreens\u00e3o do diagn\u00f3stico de morte encef\u00e1lica.<\/p>\n<p>Vale lembrar que a doa\u00e7\u00e3o pode dar uma segunda chance de vida a muitos pacientes que esperam por um \u00f3rg\u00e3o ou tecido compat\u00edvel.<\/p>\n<p><strong>Confira a programa\u00e7\u00e3o nas unidades:<\/strong><\/p>\n<p>UBS Ang\u00e9lica<br \/>Orienta\u00e7\u00f5es<br \/>Data: diariamente<br \/>Hor\u00e1rio: Durante o dia<\/p>\n<p>UBS Barcelona<br \/>Exposi\u00e7\u00f5es<br \/>Datas: 1 a 5 de setembro<br \/>Hor\u00e1rio: Durante o dia<\/p>\n<p>UBS Brigadeiro Tobias<br \/>Orienta\u00e7\u00f5es e distribui\u00e7\u00e3o de informativos<br \/>Data: 18 de setembro<br \/>Hor\u00e1rio: 14h<\/p>\n<p>UBS Carand\u00e1<br \/>Orienta\u00e7\u00f5es<br \/>Data: 9 de setembro<br \/>Hor\u00e1rio: 11h30<\/p>\n<p>UBS Cajuru<br \/>Palestra e distribui\u00e7\u00e3o de informativos<br \/>Data: 18 de setembro<br \/>Hor\u00e1rio: 10h<\/p>\n<p>UBS Cerrado<br \/>Orienta\u00e7\u00f5es<br \/>Data: 12 de setembro<br \/>Hor\u00e1rio: 14h<\/p>\n<p>UBS \u00c9den<br \/>Orienta\u00e7\u00f5es<br \/>Data:16 de setembro<br \/>Hor\u00e1rio: Per\u00edodo da Tarde<\/p>\n<p>UBS Escola<br \/>Orienta\u00e7\u00f5es e distribui\u00e7\u00e3o de informativos<br \/>Data: 22 de setembro<br \/>Hor\u00e1rio: 14h<\/p>\n<p>UBS Hort\u00eancia<br \/>Orienta\u00e7\u00f5es<br \/>Data: 3 de setembro<br \/>Hor\u00e1rio: 15h<\/p>\n<p>UBS Lopes de Oliveira<br \/>Exposi\u00e7\u00e3o<br \/>Data: M\u00eas todo<br \/>Hor\u00e1rio: 7h \u00e0s 19h<\/p>\n<p>UBS Maria do Carmo<br \/>Palestra e distribui\u00e7\u00e3o de informativos<br \/>Data: 15 de setembro<br \/>Hor\u00e1rio: 11h<\/p>\n<p>UBS Maria Eug\u00eania<br \/>Exposi\u00e7\u00e3o<br \/>Data: 10 de setembro<br \/>Hor\u00e1rio: 9h30 \u00e0s 13h30<\/p>\n<p>UBS Nova Esperan\u00e7a<br \/>CRAS Nova Esperan\u00e7a (Rua Monsenhor Benedito M\u00e1rio Calazans, 15)<br \/>Distribui\u00e7\u00e3o de informativos<br \/>Data: 18 de setembro<br \/>Hor\u00e1rio: 8h \u00e0s 10h<\/p>\n<p>UBS Rodrigo<br \/>Orienta\u00e7\u00f5es<br \/>Datas: 8 e 15 de setembro<br \/>Hor\u00e1rios:<br \/>8\/9 \u2013 8h<br \/>15\/9 \u2013 8h e 9h<\/p>\n<p>UBS Paineiras<br \/>Palestras<br \/>Datas: Todas as quintas-feiras<br \/>Hor\u00e1rio: Per\u00edodo da manh\u00e3<\/p>\n<p>UBS Sabi\u00e1<br \/>Orienta\u00e7\u00f5es<br \/>Data: 15 de setembro<br \/>Hor\u00e1rio: 7h<\/p>\n<p>UBS Simus<br \/>Palestra e exposi\u00e7\u00e3o<br \/>Data: 10 de setembro<br \/>Hor\u00e1rio: 10h<\/p>\n<p>UBS Ulisses Guimar\u00e3es<br \/>Palestra<br \/>Data: 18 de setembro<br \/>Hor\u00e1rio: 14h<\/p>\n<\/p><\/div>\n","protected":false},"excerpt":{"rendered":"<p>2 de setembro de 2025 15:56 Por: Gustavo Goes (Programa de Est\u00e1gio) Supervis\u00e3o: Bruno Rodrigues&#8230;<\/p>\n","protected":false},"author":2,"featured_media":0,"comment_status":"","ping_status":"","sticky":false,"template":"","format":"standard","meta":{"footnotes":""},"categories":[2],"tags":[],"class_list":["post-29015","post","type-post","status-publish","format-standard","hentry","category-jogos-ao-vivo"],"amp_enabled":true,"_links":{"self":[{"href":"https:\/\/ipatingafc.com.br\/index.php\/wp-json\/wp\/v2\/posts\/29015","targetHints":{"allow":["GET"]}}],"collection":[{"href":"https:\/\/ipatingafc.com.br\/index.php\/wp-json\/wp\/v2\/posts"}],"about":[{"href":"https:\/\/ipatingafc.com.br\/index.php\/wp-json\/wp\/v2\/types\/post"}],"author":[{"embeddable":true,"href":"https:\/\/ipatingafc.com.br\/index.php\/wp-json\/wp\/v2\/users\/2"}],"replies":[{"embeddable":true,"href":"https:\/\/ipatingafc.com.br\/index.php\/wp-json\/wp\/v2\/comments?post=29015"}],"version-history":[{"count":0,"href":"https:\/\/ipatingafc.com.br\/index.php\/wp-json\/wp\/v2\/posts\/29015\/revisions"}],"wp:attachment":[{"href":"https:\/\/ipatingafc.com.br\/index.php\/wp-json\/wp\/v2\/media?parent=29015"}],"wp:term":[{"taxonomy":"category","embeddable":true,"href":"https:\/\/ipatingafc.com.br\/index.php\/wp-json\/wp\/v2\/categories?post=29015"},{"taxonomy":"post_tag","embeddable":true,"href":"https:\/\/ipatingafc.com.br\/index.php\/wp-json\/wp\/v2\/tags?post=29015"}],"curies":[{"name":"wp","href":"https:\/\/api.w.org\/{rel}","templated":true}]}}