{"id":29021,"date":"2025-09-03T05:07:15","date_gmt":"2025-09-03T08:07:15","guid":{"rendered":"https:\/\/ipatingafc.com.br\/index.php\/2025\/09\/03\/agencia-minas-gerais-estado-recebe-certificado-que-oficializa-modos-de-fazer-o-queijo-minas-artesanal-como-patrimonio-cultural-imaterial-da-humanidade\/"},"modified":"2025-09-03T05:07:15","modified_gmt":"2025-09-03T08:07:15","slug":"agencia-minas-gerais-estado-recebe-certificado-que-oficializa-modos-de-fazer-o-queijo-minas-artesanal-como-patrimonio-cultural-imaterial-da-humanidade","status":"publish","type":"post","link":"https:\/\/ipatingafc.com.br\/index.php\/2025\/09\/03\/agencia-minas-gerais-estado-recebe-certificado-que-oficializa-modos-de-fazer-o-queijo-minas-artesanal-como-patrimonio-cultural-imaterial-da-humanidade\/","title":{"rendered":"Ag\u00eancia Minas Gerais | Estado recebe certificado que oficializa Modos de Fazer o Queijo Minas Artesanal como Patrim\u00f4nio Cultural Imaterial da Humanidade"},"content":{"rendered":"<p><\/p>\n<div>\n<section class=\"news-related \/ col-md-4 col-lg-3 \/ margin-md-bottom-2 margin-left-1 \/ pull-right \/ hidden-xs hidden-sm\">\n<header>\n<p class=\"text-title-section \/ margin-bottom-1\">Relacionadas<\/p>\n<\/header>\n<p>\t\t\t\t\t\t\t<main><\/p>\n<hr class=\"row margin-md-bottom-2\"\/>\n<hr class=\"row margin-md-bottom-2\"\/>\n<hr class=\"row margin-md-bottom-2\"\/>\n\t\t\t\t\t\t\t<\/main><br \/>\n\t\t\t\t\t\t<\/section>\n<p>O Governo de Minas recebeu, nesta ter\u00e7a-feira (2\/9), na Cidade Administrativa, em Belo Horizonte, o T\u00edtulo da Unesco que reconhece os Modos de Fazer o Queijo Minas Artesanal como Patrim\u00f4nio Cultural Imaterial da Humanidade.<\/p>\n<p>A entrega do documento, que oficializa o novo status da forma de preparo do produto mineiro, foi realizada durante reuni\u00e3o entre o governador Romeu Zema e a diretora da Unesco no Brasil, Marlova Jovchelovitch Noleto.<\/p>\n<p>O reconhecimento, ocorrido em dezembro do ano passado, fez com que o Brasil tivesse o primeiro produto de sua cultura alimentar inclu\u00eddo na Lista Representativa do Patrim\u00f4nio Cultural Imaterial da Unesco.<\/p>\n<table align=\"center\" border=\"0\" cellpadding=\"1\" cellspacing=\"1\" style=\"width: 70%;\">&#13;<\/p>\n<tbody>&#13;<\/p>\n<tr>&#13;<\/p>\n<td colspan=\"5\" style=\"text-align: center; vertical-align: middle;\">&#13;<\/p>\n<p style=\"text-align:center\">\n<p>&#13;\n\t\t\t<\/td>\n<p>&#13;<br \/>\n\t\t<\/tr>\n<p>&#13;<\/p>\n<tr>&#13;<\/p>\n<td style=\"text-align: center; vertical-align: middle;\">\u00a0<\/td>\n<p>&#13;<\/p>\n<td colspan=\"3\" rowspan=\"3\" style=\"text-align: center; vertical-align: middle;\">&#13;<br \/>\n\t\t\t&#13;\n\t\t\t<\/td>\n<p>&#13;<\/p>\n<td style=\"text-align: center; vertical-align: middle;\">\u00a0<\/td>\n<p>&#13;<br \/>\n\t\t<\/tr>\n<p>&#13;<\/p>\n<tr>&#13;<\/p>\n<td style=\"text-align: center; vertical-align: middle;\">\u00a0<\/td>\n<p>&#13;<\/p>\n<td style=\"text-align: center; vertical-align: middle;\">\u00a0<\/td>\n<p>&#13;<br \/>\n\t\t<\/tr>\n<p>&#13;<\/p>\n<tr>&#13;<\/p>\n<td style=\"text-align: center; vertical-align: middle;\">\u00a0<\/td>\n<p>&#13;<\/p>\n<td style=\"text-align: center; vertical-align: middle;\">\u00a0<\/td>\n<p>&#13;<br \/>\n\t\t<\/tr>\n<p>&#13;<\/p>\n<tr>&#13;<\/p>\n<td colspan=\"5\" style=\"text-align: center; vertical-align: middle;\">&#13;<\/p>\n<p style=\"text-align:center\">\n<p>&#13;\n\t\t\t<\/td>\n<p>&#13;<br \/>\n\t\t<\/tr>\n<p>&#13;<br \/>\n\t<\/tbody>\n<p>&#13;<br \/>\n<\/table>\n<p>&#13;<br \/>\nO t\u00edtulo para os Modos de Fazer o Queijo Minas Artesanal \u00e9 a sexta honraria concedida pela Unesco a Minas Gerais, que det\u00e9m o maior n\u00famero de bens reconhecidos como Patrim\u00f4nio Mundial pela institui\u00e7\u00e3o no Brasil, reflexo de sua relev\u00e2ncia cultural e natural. Os outros t\u00edtulos foram concedidos a Ouro Preto, Congonhas, Diamantina, o Conjunto Moderno da Pampulha (como patrim\u00f4nios culturais) e o Parque Nacional Cavernas do Perua\u00e7u (como patrim\u00f4nio natural).<\/p>\n<p>O secret\u00e1rio de Estado de Cultura e Turismo, Le\u00f4nidas de Oliveira, destaca o valor cultural e hist\u00f3rico do modo de se fazer queijo em Minas Gerais. Para ele a t\u00e9cnica desenvolvida ao longo de mais de 300 anos retrata a ess\u00eancia de um povo.<\/p>\n<p>\u201cQueijo \u00e9 s\u00edmbolo de mineiridade, simboliza a trajet\u00f3ria dos mineiros no seu territ\u00f3rio de ocupa\u00e7\u00e3o, e representa sobre maneira a identidade e as culturas dos nossos territ\u00f3rios\u201d, destacou.<\/p>\n<p><strong>Processo de reconhecimento<\/strong><\/p>\n<p>A entrega do t\u00edtulo na tarde desta ter\u00e7a-feira \u00e9 o resultado de um trabalho que come\u00e7ou em setembro de 2022, quando a candidatura foi lan\u00e7ada durante o 4\u00ba Festival do Queijo Artesanal Mineiro.<\/p>\n<p>A partir dali, o Governo de Minas, por meio da Secretaria de Estado de Cultura e Turismo (Secult) e do Instituto Estadual do Patrim\u00f4nio Hist\u00f3rico e Art\u00edstico de Minas Gerais (Iepha-MG), tem promovido, no Brasil e no exterior, o QMA em parceria com o Instituto do Patrim\u00f4nio Hist\u00f3rico e Art\u00edstico Nacional (Iphan), Minist\u00e9rio da Cultura (MinC), associa\u00e7\u00f5es de produtores e entidades como o Sebrae Minas e a Empresa de Assist\u00eancia T\u00e9cnica e Extens\u00e3o Rural do Estado de Minas Gerais (Emater-MG).<\/p>\n<p>Em 4\/12\/2024, durante a 19\u00aa sess\u00e3o do Comit\u00ea Intergovernamental para a Salvaguarda do Patrim\u00f3nio Cultural Imaterial realizada em Assun\u00e7\u00e3o, no Paraguai, a Unesco anunciou a decis\u00e3o de tornar o produto mineiro Patrim\u00f4nio Cultural Imaterial da Humanidade.<\/p>\n<p>\u201cEsse reconhecimento, sem d\u00favida, coroa um trabalho que \u00e9 feito desde 2022 dentro do sistema de agricultura do Estado em apoio ao produtor em rela\u00e7\u00e3o \u00e0\u00a0seguran\u00e7a alimentar, \u00e0\u00a0pesquisa agropecu\u00e1ria e \u00e0 assist\u00eancia t\u00e9cnica do campo\u201d, lembrou o secret\u00e1rio de Estado de Agricultura, Pecu\u00e1ria e Abastecimento, Thales Fernandes.<\/p>\n<\/p><\/div>\n","protected":false},"excerpt":{"rendered":"<p>Relacionadas O Governo de Minas recebeu, nesta ter\u00e7a-feira (2\/9), na Cidade Administrativa, em Belo Horizonte,&#8230;<\/p>\n","protected":false},"author":2,"featured_media":0,"comment_status":"","ping_status":"","sticky":false,"template":"","format":"standard","meta":{"footnotes":""},"categories":[2],"tags":[],"class_list":["post-29021","post","type-post","status-publish","format-standard","hentry","category-jogos-ao-vivo"],"amp_enabled":true,"_links":{"self":[{"href":"https:\/\/ipatingafc.com.br\/index.php\/wp-json\/wp\/v2\/posts\/29021","targetHints":{"allow":["GET"]}}],"collection":[{"href":"https:\/\/ipatingafc.com.br\/index.php\/wp-json\/wp\/v2\/posts"}],"about":[{"href":"https:\/\/ipatingafc.com.br\/index.php\/wp-json\/wp\/v2\/types\/post"}],"author":[{"embeddable":true,"href":"https:\/\/ipatingafc.com.br\/index.php\/wp-json\/wp\/v2\/users\/2"}],"replies":[{"embeddable":true,"href":"https:\/\/ipatingafc.com.br\/index.php\/wp-json\/wp\/v2\/comments?post=29021"}],"version-history":[{"count":0,"href":"https:\/\/ipatingafc.com.br\/index.php\/wp-json\/wp\/v2\/posts\/29021\/revisions"}],"wp:attachment":[{"href":"https:\/\/ipatingafc.com.br\/index.php\/wp-json\/wp\/v2\/media?parent=29021"}],"wp:term":[{"taxonomy":"category","embeddable":true,"href":"https:\/\/ipatingafc.com.br\/index.php\/wp-json\/wp\/v2\/categories?post=29021"},{"taxonomy":"post_tag","embeddable":true,"href":"https:\/\/ipatingafc.com.br\/index.php\/wp-json\/wp\/v2\/tags?post=29021"}],"curies":[{"name":"wp","href":"https:\/\/api.w.org\/{rel}","templated":true}]}}