{"id":29034,"date":"2025-09-03T10:13:17","date_gmt":"2025-09-03T13:13:17","guid":{"rendered":"https:\/\/ipatingafc.com.br\/index.php\/2025\/09\/03\/filmes-nacionais-tem-recorde-de-inscricao-no-27o-festival-do-rio\/"},"modified":"2025-09-03T10:13:17","modified_gmt":"2025-09-03T13:13:17","slug":"filmes-nacionais-tem-recorde-de-inscricao-no-27o-festival-do-rio","status":"publish","type":"post","link":"https:\/\/ipatingafc.com.br\/index.php\/2025\/09\/03\/filmes-nacionais-tem-recorde-de-inscricao-no-27o-festival-do-rio\/","title":{"rendered":"Filmes nacionais t\u00eam recorde de inscri\u00e7\u00e3o no 27\u00ba Festival do Rio"},"content":{"rendered":"<p><\/p>\n<div wp_automatic_readability=\"465.90413448433\">\n<p>A lista dos selecionados da\u00a0Premi\u00e8re Brasil, mostra competitiva para filmes brasileiros no Festival do Rio, foi divulgada nessa ter\u00e7a-feira (2) e mostra\u00a0aumento das produ\u00e7\u00f5es nacionais que alcan\u00e7ar\u00e3o o p\u00fablico.<\/p>\n<p><strong>Este ano, o festival do Rio\u00a0chega \u00e0\u00a0sua 27\u00b0 edi\u00e7\u00e3o de 2 a 12 de\u00a0outubro e recebeu, entre os inscritos nacionais e internacionais, 320 filmes brasileiros de longa dura\u00e7\u00e3o.<\/strong><\/p>\n<blockquote wp_automatic_readability=\"11.035087719298\">\n<p>\u201cN\u00f3s estamos muito, muito felizes de ter este ano uma Premi\u00e8re Brasil que \u00e9 a maior que a gente j\u00e1 teve, n\u00e3o s\u00f3 a maior no n\u00famero de inscritos, mas principalmente a maior no n\u00famero de selecionados\u2019\u2019, comemora Ilda Santiago, diretora do festival.<\/p>\n<p><strong>Com oposi\u00e7\u00e3o da Fran\u00e7a, UE vai propor acordo comercial com o Mercosul<\/strong><\/p>\n<p><strong>Pres\u00eddios do Rio ter\u00e3o equipamentos para bloquear sinal de celular<\/strong><\/p>\n<\/blockquote>\n<p>\u2018\u2019Acho que o sistema brasileiro neste ano em que \u00e9 t\u00e3o importante, muito relevante por tudo o que aconteceu, pelos nossos pr\u00eamios, acho que \u00e9 o momento de a gente poder contar mais hist\u00f3rias, poder dizer que o talento brasileiro existe, ent\u00e3o s\u00e3o 124 filmes selecionados. H\u00e1\u00a0 filmes para todos os gostos, filmes em competi\u00e7\u00e3o, document\u00e1rios, curtas-metragens, s\u00e9ries brasileiras, esse \u00e9 realmente para ser um momento de celebra\u00e7\u00e3o e, principalmente, um momento que nos jogue para um futuro s\u00f3lido, de uma ind\u00fastria s\u00f3lida e que a gente continue produzindo e podendo mandar essas hist\u00f3rias n\u00e3o s\u00f3 para fora do pa\u00eds, mas sobretudo contar para todo o Brasil.\u2019\u2019, acrescenta\u00a0Santiago.<\/p>\n<p>Entre os filmes de longa-metragem que participam da mostra competitiva est\u00e3o: <em>\u00a0A Vida de Cada Um<\/em>, de Murilo Salles; <em>Cyclone<\/em>, de Flavia Castro; <em>Ato Noturno<\/em>, de Marcio Reolon e Filipe Matzembacher; <em>Cora\u00e7\u00e3o das Trevas<\/em>, de Rog\u00e9rio Nunes; <em>Quase Deserto<\/em>, de Jos\u00e9 Eduardo Belmonte; e <em>Virtuosas<\/em>, de C\u00edntia Domit Bittar.\u00a0<\/p>\n<p>Tamb\u00e9m em competi\u00e7\u00e3o, document\u00e1rios ter\u00e3o sua estreia: <em>Apolo<\/em>, estreia com\u00a0dire\u00e7\u00e3o da atriz Tain\u00e1 M\u00fcller, <em>Cheiro de Diesel<\/em>, de Natasha Neri e Gizele Martins, <em>Honestino<\/em>, de Aur\u00e9lio Michiles, \u00a0<em>Meu Cora\u00e7\u00e3o Neste Pedacinho Aqui \u2013 Dona Onete<\/em>, de Mini Kerti e <em>Massa Funkeira<\/em>, de Ana Rieper.<\/p>\n<p><strong>Al\u00e9m da mostra competitiva, filmes ainda in\u00e9ditos nos cinemas e que estiveram no Festival de Cannes como\u00a0<em>O Agente Secreto<\/em>, de Kleber Mendon\u00e7a Filho e <em>Para Vigo me Voy<\/em>, de Karen Harley e L\u00edrio Ferreira, ter\u00e3o sess\u00f5es especiais no festival<\/strong><\/p>\n<p><strong>Rio de Janeiro inaugura sede da Guarda Municipal Armada<\/strong><\/p>\n<p><strong>PF indicia mulher que tentou agredir Fl\u00e1vio Dino durante voo<\/strong><\/p>\n<p>Confira\u00a0os filmes brasileiros selecionados:<\/p>\n<p><strong>PREMI\u00c8RE BRASIL FIC\u00c7\u00c3O<\/strong><\/p>\n<p><em>A Vida de Cada Um<\/em>, de Murilo Salles\u00a0<\/p>\n<p><em>Ato Noturno<\/em>, de Marcio Reolon e Filipe Matzembacher\u00a0<\/p>\n<p><em>Cora\u00e7\u00e3o das Trevas<\/em>, de Rog\u00e9rio Nunes\u00a0<\/p>\n<p><em>Cyclone<\/em>, de Flavia Castro\u00a0<\/p>\n<p><em>Dolores<\/em>, de Maria Clara Escobar e Marcelo Gomes\u00a0<\/p>\n<p><em>Love Kills<\/em>, de Luiza Shelling Tubaldini<\/p>\n<p><em>Pequenas Criaturas<\/em>, de Anne Pinheiro Guimar\u00e3es\u00a0<\/p>\n<p><em>Ruas da Gl\u00f3ria<\/em>, de Felipe Sholl\u00a0<\/p>\n<p><em>Quase Deserto<\/em>, de Jos\u00e9 Eduardo Belmonte\u00a0<\/p>\n<p><em>Virtuosas<\/em>, de C\u00edntia Domit Bittar\u00a0<\/p>\n<p><em>#SalveRosa<\/em>, de Susanna Lira\u00a0<\/p>\n<p><strong>PREMIERE BRASIL DOCUMENT\u00c1RIO<\/strong><\/p>\n<p><em>Amuleto<\/em>, de Igor Barradas e Heraldo HB\u00a0<\/p>\n<p><em>Apolo<\/em>, de Tain\u00e1 M\u00fcller e Isis Broken\u00a0<\/p>\n<p><em>Cheiro de Diesel<\/em>, de Natasha Neri e Gizele Martins\u00a0<\/p>\n<p><em>Honestino<\/em>, de Aur\u00e9lio Michiles\u00a0<\/p>\n<p><em>Massa Funkeira<\/em>, de Ana Rieper\u00a0<\/p>\n<p><em>Meu Cora\u00e7\u00e3o Neste Pedacinho Aqui \u2013 Dona Onete<\/em>, de Mini Kerti\u00a0<\/p>\n<p><strong>PREMIERE BRASIL NOVOS RUMOS\u00a0<\/strong><\/p>\n<p><em>Cartas Para<\/em>\u2026, de V\u00e2nia Lima\u00a0<\/p>\n<p><em>Criadas<\/em>, de Carol Rodrigues<\/p>\n<p><em>Espelho Cigano<\/em>, de Jo\u00e3o Borges\u00a0<\/p>\n<p><em>Eu N\u00e3o Te Ou\u00e7o<\/em>, de Caco Ciocler\u00a0<\/p>\n<p><em>Heran\u00e7a de Narcisa<\/em>, de Clarissa Appelt e Daniel Dias\u00a0<\/p>\n<p><em>Nada a Fazer<\/em>, de Leandra Leal\u00a0<\/p>\n<p><em>Timidez<\/em>, de Susan Kalik e Thiago Gomes Rosa\u00a0<\/p>\n<p><em>Uma em Mil<\/em>, de Jonatas Rubert e Tiago Rubert\u00a0<\/p>\n<p><em>Uma Baleia Pode Ser Destro\u00e7ada Como uma Escola de Samba<\/em>, de Marina Meliande e Felipe Bragan\u00e7a (HORS CONCOURS)<\/p>\n<p><strong>PREMIERE BRASIL HORS CONCOURS<\/strong>\u00a0<\/p>\n<p><em>A Conspira\u00e7\u00e3o Condor<\/em>, de Andr\u00e9 Sturm\u00a0<\/p>\n<p><em>Anos 90: a Explos\u00e3o do Pagode<\/em>, de Em\u00edlio Domingos e Rafael Boucinha\u00a0<\/p>\n<p><em>As Vitrines<\/em>, de Flavia Castro\u00a0<\/p>\n<p><em>(Des)controle<\/em>, de Rosane Svartman e\u00a0Carol Min\u00eam<\/p>\n<p><em>O Agente Secreto<\/em>, de Kleber Mendon\u00e7a Filho\u00a0<\/p>\n<p><em>O Homem de Ouro<\/em>, de Mauro Lima\u00a0<\/p>\n<p><em>Para Vigo me Voy<\/em>, de Karen Harley e L\u00edrio Ferreira<\/p>\n<p><em>Perrengue Fashion<\/em>, de Fl\u00e1via Lacerda\u00a0<\/p>\n<p><em>Perto do Sol \u00e9 Mais Claro<\/em>, de R\u00e9gis Faria\u00a0<\/p>\n<p><em>Por Nossa Causa<\/em>, de Sergio Rezende\u00a0<\/p>\n<p><em>Querido Mundo<\/em>, de Miguel Falabella e Hsu Chien\u00a0<\/p>\n<p><em>Sexa<\/em>, de Gloria Pires\u00a0<\/p>\n<p><em>90 Decib\u00e9is<\/em>, de Fellipe Barbosa\u00a0<\/p>\n<p><strong>PREMIERE BRASIL RETRATOS\u00a0<\/strong><\/p>\n<p><em>Ary<\/em>, de Andr\u00e9 Weller\u00a0<\/p>\n<p><em>As Dores do mundo: Hyldon<\/em>, de Em\u00edlio Domingos e Felipe David Rodrigues\u00a0<\/p>\n<p><em>Fernanda Abreu \u2013 Da Lata, 30 anos<\/em>, o document\u00e1rio, de Paulo Severo\u00a0<\/p>\n<p><em>F\u00f4lego<\/em> \u2013 At\u00e9 Depois do Fim, de Cand\u00e9 Salles\u00a0<\/p>\n<p><em>Gl\u00e1ucio Gill<\/em> \u2013 Um Teatro em Constru\u00e7\u00e3o, de Lea Van Steen e Rafael Cardoso<\/p>\n<p><em>Meu Tempo \u00c9 Agora<\/em>, de Sandra Werneck<\/p>\n<p><em>Milton Gon\u00e7alves, Al\u00e9m do Espet\u00e1culo<\/em>, de Lu\u00eds Ant\u00f4nio Pillar\u00a0<\/p>\n<p><em>N\u00e3o Sei Viver Sem Palavras<\/em>, de Andr\u00e9 Brand\u00e3o\u00a0<\/p>\n<p><em>Ningu\u00e9m Pode Provar Nada: a Inacredit\u00e1vel Hist\u00f3ria de Ezequiel Neves<\/em>, de Rodrigo Pinto\u00a0<\/p>\n<p><em>O Brasil Que N\u00e3o Houve \u2013 As Aventuras do Bar\u00e3o de Itarar\u00e9 no Reino de Get\u00falio Vargas<\/em>, de Renato Terra e Arnaldo Branco\u00a0<\/p>\n<p><em>Rei da Noite<\/em>, de Cassu, Lucas Weglinski e Pedro Dumans\u00a0<\/p>\n<p><em>Vou Tirar Voc\u00ea Desse Lugar<\/em>, de Dandara Ferreira\u00a0<\/p>\n<p><strong>PREMIERE BRASIL O ESTADO DAS COISAS\u00a0<\/strong><\/p>\n<p><em>Cadernos Negros<\/em>, de Joel Zito Ara\u00fajo\u00a0<\/p>\n<p><em>Com Causa<\/em>, de Belis\u00e1rio Franca\u00a0<\/p>\n<p><em>Do Outro Lado do Pavilh\u00e3o<\/em>, de Emilia Silveira\u00a0<\/p>\n<p><em>Invenc\u00edveis<\/em>, de Vitor Leite e Clarice Saliby\u00a0<\/p>\n<p><em>Itacoatiaras<\/em>, de Sergio Andrade e Patr\u00edcia Gouv\u00eaa\u00a0<\/p>\n<p><em>Minha Terra Estrangeira<\/em>, de Jo\u00e3o Moreira Salles, Louise Botkay e Coletivo Lakapoy\u00a0<\/p>\n<p><em>Na Onda da Mar\u00e9<\/em>, de Lucia Murat\u00a0<\/p>\n<p><em>O Pai e o Paj\u00e9<\/em>, de Felipe Tomazelli, Luis Villa\u00e7a e Iwarete Kaiabi\u00a0<\/p>\n<p><em>Pau d\u2019Arco<\/em>, de Ana Aranha\u00a0<\/p>\n<p><em>Reconhecidos<\/em>, de Fernanda Amim e Micael Hocherman<\/p>\n<p><em>Rua do Pescador n\u00ba.6<\/em>, de B\u00e1rbara Paz<\/p>\n<p><strong>PREMIERE BRASIL \u00c0 MEIA-NOITE<\/strong><\/p>\n<p><em>A Pr\u00f3pria Carne<\/em>, de Ian SBF\u00a0<\/p>\n<p><em>Copacabana<\/em>, 4 de Maio, de Allan Ribeiro\u00a0<\/p>\n<p><em>Futuro Futuro<\/em>, de Davi Pretto\u00a0<\/p>\n<p><em>Nosferatu<\/em>, de Cristiano Burlan<\/p>\n<p><em>Quarto do P\u00e2nico<\/em>, de Gabriela Amaral Almeida<\/p>\n<p><strong>PREMIERE BRASIL CL\u00c1SSICOS<\/strong><\/p>\n<p><em>A Mulher de Todos<\/em>, de Rog\u00e9rio Sganzerla\u00a0<\/p>\n<p><em>G\u00eameas<\/em>, de Andrucha Waddington<\/p>\n<p><em>Hermeto Campe\u00e3o<\/em>, de Thomas Farkas<\/p>\n<p><em>Nossa Escola de Samba<\/em>, de Manuel Hor\u00e1cio Gimenez<\/p>\n<p><strong>PREMIERE BRASIL GERA\u00c7\u00c3O\u00a0<\/strong><\/p>\n<p><em>Aventuras de Makun\u00e1ima \u2013 Hist\u00f3rias Encantadas da Amaz\u00f4nia<\/em>, de Chico Faganello\u00a0<\/p>\n<p><em>Criaturas<\/em> \u2013 Uma Aventura entre Dois Mundos, de Juarez Precioso\u00a0<\/p>\n<p><em>Papaya<\/em>, de Priscilla Kellen\u00a0<\/p>\n<p><em>Quatro Meninas<\/em>, de Karen Suzane<\/p>\n<p><em>Tain\u00e1 e os Guardi\u00f5es da Amaz\u00f4nia \u2013 Em Busca da Flecha Azul<\/em>, de Al\u00ea Camargo e Jordan Nugem<\/p>\n<p><em>Trago seu amor<\/em>, de Claudia Castro\u00a0<\/p>\n<p><strong>PREMIERE BRASIL S\u00c9RIES<\/strong><\/p>\n<p><em>\u00c2ngela Diniz: Assassinada e Condenada<\/em>, de Andrucha Waddington<\/p>\n<p><em>Ay\u00f4<\/em>, de Yasmin Thayn\u00e1\u00a0<\/p>\n<p><em>De Menor<\/em>, de Caru Alves de Souza<\/p>\n<p><em>Trememb\u00e9<\/em>, de Vera Egito<\/p>\n<p><strong>COPRODU\u00c7\u00d5ES BRASILEIRAS<\/strong><\/p>\n<p><em>\u00a0La Quinta<\/em>, de Silvina Schnicer (Argentina, Brasil, Chile, Espanha)<\/p>\n<p>\u00a0<em>O Riso e a Faca<\/em>, de Pedro Pinho (Portugal, Brasil, Fran\u00e7a, Rom\u00eania)<\/p>\n<p><em>\u00a0The Black Snake<\/em>, de Aur\u00e9lien Vernhes-Lermusiaux (Fran\u00e7a, Col\u00f4mbia, Brasil)<\/p>\n<p><strong>PREMIERE BRASIL CURTAS<\/strong><\/p>\n<p><em>Alice<\/em>, de Gabriel Novis<\/p>\n<p><em>DIU<\/em>, de Camila Schincaglia<\/p>\n<p><em>Final 99<\/em>, de Frederico Ruas<\/p>\n<p><em>Habitar o Tempo<\/em>, de Cristiana Grumbach<\/p>\n<p><em>Jacar\u00e9<\/em>, de Victor Quintanilha<\/p>\n<p><em>Laudelina e a Felicidade Guerreira<\/em>, de Milena Manfredini<\/p>\n<p><em>Meu Amigo Satan\u00e1s<\/em>, de Aristeu Ara\u00fajo e Carlos Segundo<\/p>\n<p><em>Miranha<\/em>, de Zahy Tentehar e Luis Bolognesi<\/p>\n<p><em>O Faz-Tudo<\/em>, de Fabio Leal<\/p>\n<p><em>Os Quatro Ex\u00edlios de Herbert Daniel<\/em>, de Daniel Favaretto<\/p>\n<p><em>Peixe Morto<\/em>, de Jo\u00e3o Fontenele<\/p>\n<p><em>Quando Eu For Grande<\/em>?, de Mano Cappu<\/p>\n<p><em>Replika<\/em>, de Pirat\u00e1 Waur\u00e1 e Heloisa Passos<\/p>\n<p><em>Safo<\/em>, de Rosana Urbes<\/p>\n<p><em>Sebastiana<\/em>, de Pedro de Alencar<\/p>\n<p><strong>PREMIERE BRASIL NOVOS RUMOS CURTAS<\/strong><\/p>\n<p><em>Brasa<\/em>, de Diane Maia\u00a0<\/p>\n<p><em>Jo\u00e3o-de-Barro<\/em>, de Daniel Jaber e Lu Damasceno\u00a0<\/p>\n<p><em>Klaustrofobia<\/em>, de Jo\u00e3o Londres\u00a0<\/p>\n<p><em>Os Arcos Dourados de Olinda<\/em>, de Douglas Henrique<\/p>\n<p><em>Ponto Cego<\/em>, de Luciana Vieira e Marcel Beltr\u00e1n\u00a0<\/p>\n<p><em>Pres\u00e9pio<\/em>, de Felipe Bibian<\/p>\n<p><em>Sandra,<\/em> de Camila M\u00e1rdila\u00a0<\/p>\n<p><em>Sobre Ru\u00ednas<\/em>, de Carol Benjamin\u00a0<\/p>\n<p><strong>PREMIERE BRASIL O ESTADO DAS COISAS \u2013 CURTAS<\/strong><\/p>\n<p><em>A Trag\u00e9dia da Lobo Guar\u00e1<\/em>, de Kimberly Palermo<\/p>\n<p><em>Entre n\u00f3s, vive o rio<\/em>, de Day Rodrigues<\/p>\n<p><em>R\u00e9quiem para Mo\u00efse<\/em>, de Susanna Lira e Caio Barretto Briso<\/p>\n<p><em>S\u00e3o as Regras<\/em>, de Fl\u00e1via Vieira<\/p>\n<p><em>Tia Morgana<\/em>, de Athena Sofia<\/p>\n<p><em>V\u00edpuxovuko<\/em> \u2013 Aldeia, de Dannon Lacerda<\/p>\n<p><strong>PREMIERE BRASIL PANORAMA CARIOCA DE CURTAS<\/strong><\/p>\n<p><em>Cr\u00f4nicas Marginais<\/em>, de Marcos Braz da Cruz Eleoterio\u00a0<\/p>\n<p><em>Mem\u00f3ria das \u00c1guas<\/em>, de Catu Rizo<\/p>\n<p><em>O Menino e as Borboletas Zumbis<\/em>, de P\u00ea Moreira e Thomas Argos<\/p>\n<p><em>Teia<\/em>, de Claudia Castro<\/p>\n<p><strong>PREMIERE BRASIL HORS CONCOURS CURTAS<\/strong><\/p>\n<p><em>Cora\u00e7\u00e3o Bandeja<\/em>, de Jonas Ara\u00fajo\u00a0<\/p>\n<p><em>Mem\u00f3rias com Vista pro Mar<\/em>, de Marton Olympio\u00a0<\/p>\n<p><em>Samba Infinito<\/em>, de Leonardo Martinelli<\/p>\n<p><em>Transfer\u00eancias<\/em>, de Gabriel Edel<\/p>\n<p><strong>PREMIERE BRASIL RETRATOS \u2013 CURTAS<\/strong><\/p>\n<p><em>Eunice Gutman Tem Hist\u00f3rias<\/em>, de Lucas Vasconcelos<\/p>\n<p><em>Marina Colasanti, Entre a S\u00edstole e a Di\u00e1stole<\/em>, de Alessandra Colasanti<\/p>\n<p><em>Sem a Mida N\u00e3o D\u00e1<\/em>, de Pedro Carvana e Rao<\/p>\n<\/div>\n","protected":false},"excerpt":{"rendered":"<p>A lista dos selecionados da\u00a0Premi\u00e8re Brasil, mostra competitiva para filmes brasileiros no Festival do Rio,&#8230;<\/p>\n","protected":false},"author":2,"featured_media":0,"comment_status":"","ping_status":"","sticky":false,"template":"","format":"standard","meta":{"footnotes":""},"categories":[2],"tags":[],"class_list":["post-29034","post","type-post","status-publish","format-standard","hentry","category-jogos-ao-vivo"],"amp_enabled":true,"_links":{"self":[{"href":"https:\/\/ipatingafc.com.br\/index.php\/wp-json\/wp\/v2\/posts\/29034","targetHints":{"allow":["GET"]}}],"collection":[{"href":"https:\/\/ipatingafc.com.br\/index.php\/wp-json\/wp\/v2\/posts"}],"about":[{"href":"https:\/\/ipatingafc.com.br\/index.php\/wp-json\/wp\/v2\/types\/post"}],"author":[{"embeddable":true,"href":"https:\/\/ipatingafc.com.br\/index.php\/wp-json\/wp\/v2\/users\/2"}],"replies":[{"embeddable":true,"href":"https:\/\/ipatingafc.com.br\/index.php\/wp-json\/wp\/v2\/comments?post=29034"}],"version-history":[{"count":0,"href":"https:\/\/ipatingafc.com.br\/index.php\/wp-json\/wp\/v2\/posts\/29034\/revisions"}],"wp:attachment":[{"href":"https:\/\/ipatingafc.com.br\/index.php\/wp-json\/wp\/v2\/media?parent=29034"}],"wp:term":[{"taxonomy":"category","embeddable":true,"href":"https:\/\/ipatingafc.com.br\/index.php\/wp-json\/wp\/v2\/categories?post=29034"},{"taxonomy":"post_tag","embeddable":true,"href":"https:\/\/ipatingafc.com.br\/index.php\/wp-json\/wp\/v2\/tags?post=29034"}],"curies":[{"name":"wp","href":"https:\/\/api.w.org\/{rel}","templated":true}]}}