{"id":29042,"date":"2025-09-03T12:58:23","date_gmt":"2025-09-03T15:58:23","guid":{"rendered":"https:\/\/ipatingafc.com.br\/index.php\/2025\/09\/03\/semob-e-urbes-definem-operacao-especial-para-atender-marcha-para-jesus-e-dia-da-independencia-agencia-de-noticias\/"},"modified":"2025-09-03T12:58:23","modified_gmt":"2025-09-03T15:58:23","slug":"semob-e-urbes-definem-operacao-especial-para-atender-marcha-para-jesus-e-dia-da-independencia-agencia-de-noticias","status":"publish","type":"post","link":"https:\/\/ipatingafc.com.br\/index.php\/2025\/09\/03\/semob-e-urbes-definem-operacao-especial-para-atender-marcha-para-jesus-e-dia-da-independencia-agencia-de-noticias\/","title":{"rendered":"Semob e Urbes definem opera\u00e7\u00e3o especial para atender Marcha para Jesus e Dia da Independ\u00eancia \u2013 Ag\u00eancia de Not\u00edcias"},"content":{"rendered":"<p><\/p>\n<div wp_automatic_readability=\"178\">\n<p>\u00a0<\/p>\n<p>A Prefeitura de Sorocaba, por meio da Secretaria de Mobilidade (Semob) e da Urbes \u2013 Tr\u00e2nsito e Transportes, definiu a realiza\u00e7\u00e3o de opera\u00e7\u00e3o especial de tr\u00e2nsito e transporte p\u00fablico, para os dias 6 e 7 de setembro. As a\u00e7\u00f5es t\u00eam como objetivo atender tanto o p\u00fablico participante da Marcha para Jesus, no s\u00e1bado (6), quanto \u00e0queles que v\u00e3o prestigiar o Desfile C\u00edvico de 7 de Setembro, no domingo (7), no Pa\u00e7o Municipal, em comemora\u00e7\u00e3o \u00e0 Proclama\u00e7\u00e3o da Independ\u00eancia do Brasil.<\/p>\n<p>\u00a0<\/p>\n<p><strong>Marcha para Jesus<\/strong><\/p>\n<p>Para a concentra\u00e7\u00e3o do p\u00fablico, a Avenida Dom Aguirre ser\u00e1 parcialmente fechada \u00e0s 10h, entre a Ponte Padre Madureira e a Rua Pedro \u00c1lvares Cabral. A partir das 12h, a via ser\u00e1 totalmente interditada at\u00e9 o destino final da marcha, no Parque das \u00c1guas.<\/p>\n<p>A libera\u00e7\u00e3o ocorrer\u00e1 de forma gradativa, conforme a passagem dos participantes, permitindo que o fluxo de ve\u00edculos seja restabelecido progressivamente. A expectativa \u00e9 de que o tr\u00e1fego esteja normalizado at\u00e9 \u00e0s 17h, ap\u00f3s a chegada da marcha ao Parque das \u00c1guas.<\/p>\n<p>Ap\u00f3s esse per\u00edodo, o tr\u00e1fego pela Avenida Dom Aguirre permanecer\u00e1 interrompido apenas na altura do Parque das \u00c1guas, at\u00e9 as 23h. Durante todo o evento, haver\u00e1 sinaliza\u00e7\u00e3o especial e agentes de tr\u00e2nsito coordenando as vias e orientando a popula\u00e7\u00e3o.<\/p>\n<p>Quanto ao transporte p\u00fablico, durante a interdi\u00e7\u00e3o haver\u00e1 desvio programado da linha T48 \u2013 Expresso Aparecidinha, que passar\u00e1 a operar pelo antigo percurso da linha 48 Aparecidinha\/Via Castelinho. Partindo do Terminal Santo Ant\u00f4nio, segue pela Rua Ara\u00e7oiaba, Rua Dom Ant\u00f4nio Alvarenga, viaduto J\u00e2nio da Silva Quadros, Rua Hermelino Matarazzo, Rua Santa Ros\u00e1lia, Rua Aparecida, Rua Jos\u00e9 Matos Corr\u00eaa, Rua Pedro Alvares Cabral, Av. Dom Aguirre e Rodovia Senador Jos\u00e9 Erm\u00edrio de Moraes, retornando ao itiner\u00e1rio normal (antigo percurso da linha 48 Aparecidinha\/Via Castelinho)<\/p>\n<p>Haver\u00e1 desvio na linha T48 \u2013 Expresso Aparecidinha (Volta): ap\u00f3s a Av. Dom Aguirre, segue pela Av. Pereira da Silva, Rua Miguel Sutil, Rua Mascarenhas Camelo, Rua Comendador Oetterer, Ramo \u201cC\u201d e Av. Luiz Ferraz de Sampaio Junior, acessando o Terminal Santo Ant\u00f4nio.<\/p>\n<p>Para atender \u00e0 demanda gerada pelo evento, a linha 100 \u2013 Expresso ter\u00e1 aumento de frota, com a inclus\u00e3o de um ve\u00edculo adicional, das 13h \u00e0s 23h, resultando em 61 viagens extras ao longo do dia.<\/p>\n<p>Al\u00e9m disso, as linhas T150 \u2013 Terminal S\u00e3o Bento\/Terminal Santo Ant\u00f4nio, E180 \u2013 Carand\u00e1, E181 \u2013 Altos do Ipanema, T240 \u2013 Terminal Ipiranga\/Terminal Santo Ant\u00f4nio (via Gen. Carneiro) e T250 \u2013 Terminal Ipiranga\/Terminal Santo Ant\u00f4nio (via Gen. Os\u00f3rio) receber\u00e3o refor\u00e7o operacional, com a utiliza\u00e7\u00e3o de ve\u00edculos articulado e superarticulado durante todo o dia, ampliando a capacidade de transporte nos principais corredores.<\/p>\n<p>Tamb\u00e9m ser\u00e1 disponibilizada a linha especial 777 \u2013 Marcha para Jesus, com ve\u00edculos partindo do Terminal Santo Ant\u00f4nio (Plataforma P5 \u2013 Ponto \u201cQ\u201d) at\u00e9 a Casa do Turista, com retorno direto pela Avenida Dom Aguirre. Caso necess\u00e1rio, ap\u00f3s o evento, \u00f4nibus extras ser\u00e3o acionados na Pra\u00e7a Olinda Mendes, seguindo direto pela Av. Dom Aguirre at\u00e9 o Terminal Santo Ant\u00f4nio.<\/p>\n<p>\u201cAs operadoras do transporte coletivo tamb\u00e9m estar\u00e3o refor\u00e7ando suas frotas e disponibilizando ve\u00edculos de forma a garantir maior oferta de lugares e atender a demanda de usu\u00e1rios\u201d, destaca o diretor-presente da Urbes, Adriano Brasil.<\/p>\n<p>\u00a0<\/p>\n<p><strong>Dia da Independ\u00eancia do Brasil<\/strong><\/p>\n<p>No dia 7 de setembro, o sistema de transporte coletivo municipal funcionar\u00e1 com a programa\u00e7\u00e3o hor\u00e1ria de domingo, garantindo ainda a gratuidade no transporte p\u00fablico durante todo o dia, para usu\u00e1rios com Cart\u00e3o Social, por meio do programa \u201cVou de Bus\u00e3o\u201d.<\/p>\n<p>Para a realiza\u00e7\u00e3o do desfile c\u00edvico, haver\u00e1 interdi\u00e7\u00e3o tempor\u00e1ria da pista Bairro\/Centro da Avenida Engenheiro Carlos Reinaldo Mendes, a partir das 8h, na regi\u00e3o do Pa\u00e7o Municipal, no Alto da Boa Vista. Agentes de tr\u00e2nsito estar\u00e3o no local para orientar e monitorar o tr\u00e1fego. \u201cCaso seja necess\u00e1rio, tamb\u00e9m poder\u00e1 haver interdi\u00e7\u00e3o de vias pr\u00f3ximas, em fun\u00e7\u00e3o do grande p\u00fablico esperado\u201d, adianta o secret\u00e1rio da Semob, Carlos Eduardo Paschoini.<\/p>\n<p>A Urbes recomenda que os usu\u00e1rios utilizem as seguintes linhas de \u00f4nibus para chegar ao evento: T31 \u2013 Expresso \u00c9den\/Cajuru, 29 \u2013 Hollingsworth (Terminal S\u00e3o Paulo), 23 \u2013 Industrial\/Jd. Dois Cora\u00e7\u00f5es, 14 \u2013 Santa Ros\u00e1lia, 61 \u2013 Iporanga (Terminal Santo Ant\u00f4nio), 303 Interbairros III (Terminal Vit\u00f3ria R\u00e9gia) e 307 \u2013 Interbairros VII (Terminal S\u00e3o Bento).<\/p>\n<p>Durante o evento, a opera\u00e7\u00e3o do transporte coletivo tamb\u00e9m contar\u00e1 com ajustes especiais. A linha 303 \u2013 Interbairros III ter\u00e1 o percurso ampliado para atender diretamente ao Pa\u00e7o Municipal, das 7h \u00e0s 12h. J\u00e1 a linha 307 \u2013 Interbairros VII receber\u00e1 refor\u00e7o operacional, com a inclus\u00e3o de dois ve\u00edculos, totalizando oito viagens extras no mesmo per\u00edodo, garantindo intervalos m\u00e9dios de 30 minutos entre as partidas.<\/p>\n<p>Tamb\u00e9m ser\u00e1 criada a linha especial 777 \u2013 Pa\u00e7o Municipal, com viagens extras saindo do Terminal Santo Ant\u00f4nio (Plataforma P3 \u2013 Ponto \u201cJ\u201d). A opera\u00e7\u00e3o prev\u00ea ainda frota reserva de \u00f4nibus, que ficar\u00e3o de prontid\u00e3o e poder\u00e3o ser acionados a qualquer momento, tanto para o deslocamento ao desfile quanto para o retorno do p\u00fablico.<\/p>\n<p>\u00a0<\/p>\n<div class=\"pms-galeria\" itemscope=\"\" itemtype=\"http:\/\/schema.org\/ImageGallery\">\n<p>\t\t<span itemprop=\"caption description\" style=\"display: none;\"\/><\/p>\n<p>\t\t<span itemprop=\"caption description\" style=\"display: none;\"\/><\/p><\/div>\n<p><!-- Root element of PhotoSwipe. Must have class pswp. --><\/p><\/div>\n","protected":false},"excerpt":{"rendered":"<p>\u00a0 A Prefeitura de Sorocaba, por meio da Secretaria de Mobilidade (Semob) e da Urbes&#8230;<\/p>\n","protected":false},"author":2,"featured_media":0,"comment_status":"","ping_status":"","sticky":false,"template":"","format":"standard","meta":{"footnotes":""},"categories":[2],"tags":[],"class_list":["post-29042","post","type-post","status-publish","format-standard","hentry","category-jogos-ao-vivo"],"amp_enabled":true,"_links":{"self":[{"href":"https:\/\/ipatingafc.com.br\/index.php\/wp-json\/wp\/v2\/posts\/29042","targetHints":{"allow":["GET"]}}],"collection":[{"href":"https:\/\/ipatingafc.com.br\/index.php\/wp-json\/wp\/v2\/posts"}],"about":[{"href":"https:\/\/ipatingafc.com.br\/index.php\/wp-json\/wp\/v2\/types\/post"}],"author":[{"embeddable":true,"href":"https:\/\/ipatingafc.com.br\/index.php\/wp-json\/wp\/v2\/users\/2"}],"replies":[{"embeddable":true,"href":"https:\/\/ipatingafc.com.br\/index.php\/wp-json\/wp\/v2\/comments?post=29042"}],"version-history":[{"count":0,"href":"https:\/\/ipatingafc.com.br\/index.php\/wp-json\/wp\/v2\/posts\/29042\/revisions"}],"wp:attachment":[{"href":"https:\/\/ipatingafc.com.br\/index.php\/wp-json\/wp\/v2\/media?parent=29042"}],"wp:term":[{"taxonomy":"category","embeddable":true,"href":"https:\/\/ipatingafc.com.br\/index.php\/wp-json\/wp\/v2\/categories?post=29042"},{"taxonomy":"post_tag","embeddable":true,"href":"https:\/\/ipatingafc.com.br\/index.php\/wp-json\/wp\/v2\/tags?post=29042"}],"curies":[{"name":"wp","href":"https:\/\/api.w.org\/{rel}","templated":true}]}}