{"id":29057,"date":"2025-09-03T18:28:16","date_gmt":"2025-09-03T21:28:16","guid":{"rendered":"https:\/\/ipatingafc.com.br\/index.php\/2025\/09\/03\/cidade-do-rio-esta-preparada-para-sediar-grandes-eventos-pre-cop30-em-novembro-prefeitura-da-cidade-do-rio-de-janeiro\/"},"modified":"2025-09-03T18:28:16","modified_gmt":"2025-09-03T21:28:16","slug":"cidade-do-rio-esta-preparada-para-sediar-grandes-eventos-pre-cop30-em-novembro-prefeitura-da-cidade-do-rio-de-janeiro","status":"publish","type":"post","link":"https:\/\/ipatingafc.com.br\/index.php\/2025\/09\/03\/cidade-do-rio-esta-preparada-para-sediar-grandes-eventos-pre-cop30-em-novembro-prefeitura-da-cidade-do-rio-de-janeiro\/","title":{"rendered":"Cidade do Rio est\u00e1 preparada para sediar grandes eventos pr\u00e9-COP30 em novembro &#8211; Prefeitura da Cidade do Rio de Janeiro"},"content":{"rendered":"<p><\/p>\n<div wp_automatic_readability=\"164.00917431193\">\n<div class=\"image-post\" wp_automatic_readability=\"32\">\n                     O Museu do Amanh\u00e3 se tornou um \u00edcone da Regi\u00e3o Portu\u00e1ria &#8211; Marcos de Paula\/Prefeitura do Rio                  <\/div>\n<p>De 3 a 5 de novembro de 2025, o Rio de Janeiro receber\u00e1 encontros internacionais sobre clima, na v\u00e9spera da COP30, que ocorrer\u00e1 em Bel\u00e9m nos dias 6 e 7 e de 10 a 21 de novembro. Para apoiar os organizadores dos eventos, a Prefeitura do Rio criou um comit\u00ea dedicado e atua em articula\u00e7\u00e3o com os parceiros e \u00f3rg\u00e3os internacionais envolvidos.<\/p>\n<p>As Confer\u00eancias Clim\u00e1ticas da ONU, chamadas de COPs, s\u00e3o reconhecidas como o principal espa\u00e7o de negocia\u00e7\u00e3o global sobre a crise clim\u00e1tica entre pa\u00edses. Neste ano, o Rio ser\u00e1 palco de eventos estrat\u00e9gicos que antecipam a c\u00fapula, consolidando a cidade como centro global de debates clim\u00e1ticos.<\/p>\n<p>Os encontros pr\u00e9-COP30 na capital fluminense destacar\u00e3o o papel fundamental das cidades e de solu\u00e7\u00f5es locais na a\u00e7\u00e3o contra as mudan\u00e7as clim\u00e1ticas. Os principais eventos que ocorrer\u00e3o no Rio em novembro s\u00e3o:<\/p>\n<p>\u2013 F\u00f3rum de L\u00edderes Locais da COP30, evento oficial da COP30, de 3 a 5\/11<br \/>\u2013 C\u00fapula Mundial de Prefeitos da C40, que abrir\u00e1 o F\u00f3rum, nos dias 3 e 4\/11<br \/>\u2013 Earthshot Prize, premia\u00e7\u00e3o clim\u00e1tica idealizada pelo Pr\u00edncipe William, dia 5\/11<\/p>\n<p><strong>F\u00f3rum de L\u00edderes Locais da COP30 reunir\u00e1 mais de 300 autoridades subnacionais<\/strong><\/p>\n<p>De 3 a 5 de novembro, o Rio recebe o F\u00f3rum de L\u00edderes Locais da COP30, organizado pela Presid\u00eancia da COP30 e pela Bloomberg Philanthropies \u2014 funda\u00e7\u00e3o de Michael R. Bloomberg, enviado especial da ONU para Ambi\u00e7\u00e3o e Solu\u00e7\u00f5es Clim\u00e1ticas. Mais de 300 prefeitos, autoridades subnacionais e especialistas globais se reunir\u00e3o para discutir solu\u00e7\u00f5es clim\u00e1ticas, mobilizar compromissos e refor\u00e7ar o papel das cidades e regi\u00f5es como parceiros estrat\u00e9gicos na a\u00e7\u00e3o contra a crise clim\u00e1tica.<\/p>\n<p>Durante tr\u00eas dias, o F\u00f3rum abordar\u00e1 financiamento clim\u00e1tico, apoio a gestores locais, amplia\u00e7\u00e3o da resili\u00eancia urbana e escalonamento de projetos de adapta\u00e7\u00e3o. Ao final, uma delega\u00e7\u00e3o de l\u00edderes locais seguir\u00e1 para Bel\u00e9m, conectando os debates do Rio diretamente \u00e0 COP30 e representando formalmente uma agenda clim\u00e1tica subnacional unificada.<\/p>\n<p>O F\u00f3rum tem como objetivo integrar cidades \u00e0s negocia\u00e7\u00f5es clim\u00e1ticas nacionais e refor\u00e7ar o multilateralismo, fortalecendo a coopera\u00e7\u00e3o entre governos locais e nacionais. Realizado poucos dias antes da C\u00fapula de L\u00edderes Mundiais da COP30, nos dias 6 e 7 em Bel\u00e9m, o encontro do Rio destacar\u00e1 como pol\u00edticas locais ousadas podem melhorar vidas e, ao mesmo tempo, impulsionar as metas clim\u00e1ticas globais.<\/p>\n<p>Respons\u00e1veis por 80% do PIB global e 70% das emiss\u00f5es, as cidades est\u00e3o na linha de frente da luta contra a crise clim\u00e1tica e desempenham papel decisivo na implementa\u00e7\u00e3o de solu\u00e7\u00f5es, gra\u00e7as \u00e0 proximidade com a popula\u00e7\u00e3o e \u00e0 gest\u00e3o de \u00e1reas cr\u00edticas como transporte p\u00fablico, planos de preven\u00e7\u00e3o a enchentes e infraestrutura urbana.<\/p>\n<p>Outro prop\u00f3sito \u00e9 demonstrar o impacto da a\u00e7\u00e3o clim\u00e1tica local e motivar chefes de Estado a avan\u00e7ar da negocia\u00e7\u00e3o para a implementa\u00e7\u00e3o. Os l\u00edderes subnacionais participar\u00e3o do encontro n\u00e3o apenas para apresentar demandas, mas tamb\u00e9m para propor solu\u00e7\u00f5es locais efetivas.<\/p>\n<p>Por fim, o F\u00f3rum buscar\u00e1 mostrar como cidades e regi\u00f5es podem apoiar os pa\u00edses no cumprimento das suas metas clim\u00e1ticas (NDCs), compromissos assumidos no Acordo de Paris para reduzir emiss\u00f5es de gases de efeito estufa.<\/p>\n<p>Entre os destaques da programa\u00e7\u00e3o est\u00e3o:<\/p>\n<p>\u2013 C\u00fapula Mundial de Prefeitos da C40 \u2013 abertura da confer\u00eancia, reunindo l\u00edderes de mais de 100 grandes cidades do mundo comprometidas com a a\u00e7\u00e3o clim\u00e1tica<br \/>\u2013 C\u00fapula Global de Estados e Regi\u00f5es \u2013 encontro de governadores e l\u00edderes regionais para demonstrar a a\u00e7\u00e3o clim\u00e1tica em setores-chave<br \/>\u2013 Di\u00e1logo Pol\u00edtico de Alto N\u00edvel da Coaliz\u00e3o para a Parceria Multin\u00edvel de Alta Ambi\u00e7\u00e3o (CHAMP) \u2013 espa\u00e7o de coopera\u00e7\u00e3o entre governos nacionais e subnacionais para fortalecer e ampliar novas parcerias clim\u00e1ticas<br \/>\u2013 Cerim\u00f4nia de Premia\u00e7\u00e3o de L\u00edderes Locais \u2013 premia\u00e7\u00e3o de governos subnacionais que est\u00e3o alcan\u00e7ando resultados concretos nas prioridades da COP30<\/p>\n<p><strong>A C\u00fapula Mundial de Prefeitos da C40 abre o F\u00f3rum de L\u00edderes Locais da COP30<\/strong><\/p>\n<p>A C\u00fapula Mundial de Prefeitos da C40 abrir\u00e1 oficialmente o F\u00f3rum de L\u00edderes Locais da COP30, com programa\u00e7\u00e3o nos dias 3 e 4 de novembro. S\u00e3o esperados prefeitos das quase 100 cidades que comp\u00f5em a rede, al\u00e9m de l\u00edderes empresariais, filantropos e representantes da sociedade civil, para destacar como as cidades est\u00e3o implementando a\u00e7\u00f5es clim\u00e1ticas ambiciosas e inclusivas.<\/p>\n<p>A edi\u00e7\u00e3o do Rio marca o 20\u00ba anivers\u00e1rio da rede e foi convocada pelo prefeito de Londres e copresidente da C40, Sadiq Khan, tendo como anfitri\u00e3o o prefeito Eduardo Paes, vice-presidente da organiza\u00e7\u00e3o para a Am\u00e9rica Latina. O encontro definir\u00e1 as prioridades para os pr\u00f3ximos 12 meses, com foco em acelerar a implementa\u00e7\u00e3o de medidas e garantir os recursos necess\u00e1rios para enfrentar os desafios da crise clim\u00e1tica.<\/p>\n<p>A parceria entre o Rio e a C40 tem marcos como o encontro de prefeitos durante a Rio+20, em 2012, a presid\u00eancia da rede exercida por Eduardo Paes entre 2014 e 2016, e a realiza\u00e7\u00e3o do Urban20 em 2024. Agora, em 2025, essa trajet\u00f3ria se renova com a C\u00fapula Mundial de Prefeitos no Rio.<\/p>\n<p>A C\u00fapula vai mostrar resultados e tra\u00e7ar os pr\u00f3ximos passos da a\u00e7\u00e3o clim\u00e1tica urbana. Em meio \u00e0 incerteza pol\u00edtica global, o encontro refor\u00e7ar\u00e1 que as cidades n\u00e3o apenas contribuem, mas lideram as solu\u00e7\u00f5es para a crise clim\u00e1tica.<\/p>\n<p>O evento tamb\u00e9m vai evidenciar o poder da a\u00e7\u00e3o local e como, unidas, as cidades podem impulsionar a agenda global, mobilizando recursos e parcerias para construir um futuro mais seguro, saud\u00e1vel e justo.<\/p>\n<p><strong>Earthshot Prize vai premiar iniciativas clim\u00e1ticas em cerim\u00f4nia no Museu do Amanh\u00e3<\/strong><\/p>\n<p>O Rio de Janeiro foi escolhido para sediar, em 5 de novembro, no Museu do Amanh\u00e3, a primeira edi\u00e7\u00e3o na Am\u00e9rica Latina do Earthshot Prize, uma das premia\u00e7\u00f5es ambientais mais prestigiadas do mundo, criada em 2021 pelo Pr\u00edncipe William. Considerado o \u201cOscar da Sustentabilidade\u201d, o pr\u00eamio seleciona anualmente 15 solu\u00e7\u00f5es clim\u00e1ticas inovadoras, das quais cinco recebem \u00a31 milh\u00e3o cada nas categorias: Proteger e Restaurar a Natureza, Limpar o Ar, Reviver os Oceanos, Construir um Mundo Livre de Res\u00edduos e Combater a Crise Clim\u00e1tica. Para a edi\u00e7\u00e3o do Rio, j\u00e1 com inscri\u00e7\u00f5es encerradas, a participa\u00e7\u00e3o da Am\u00e9rica do Sul quase triplicou, alcan\u00e7ando 316 projetos inscritos, com destaque para o Brasil, que passou de 64 para 232 propostas.<\/p>\n<p>O evento no Rio busca amplificar as vozes sul-americanas, inspirar novas lideran\u00e7as clim\u00e1ticas, conectar inovadores a financiadores e aproximar comunidades locais e globais no caminho at\u00e9 a COP30, mobilizando investimentos, a\u00e7\u00f5es efetivas e visibilidade para solu\u00e7\u00f5es ambientais transformadoras \u2014 com o Brasil no centro dessa agenda.<\/p>\n<p>Al\u00e9m da cerim\u00f4nia principal, a cidade receber\u00e1 atividades paralelas, incluindo visitas da comitiva brit\u00e2nica e eventos tem\u00e1ticos no Boulevard Ol\u00edmpico, no Porto Maravilha.<\/p>\n<p>             <!-- Compartilhe ---><\/p>\n<p>\t\t\t <!-- TAGS --><\/p>\n<section class=\"category-tags\">\n<div class=\"marcacao-category\">\n<article class=\"category-post\">\n<p>Categoria: <\/p>\n<\/article>\n<li>3 de setembro de 2025<\/li><\/div>\n<article class=\"tags\">\n\t\t\t\t\tMarca\u00e7\u00f5es: COP30 C\u00fapula Mundial de Prefeitos da C40 Earthshot Prize F\u00f3rum de L\u00edderes Locais da COP30 Prefeitura do Rio<br \/><\/article>\n<\/section>\n<p>            <!-- Mais Not&iacute;cias --><\/p>\n<p>\t\t<!-- Conte&uacute;do SIDEBAR --><\/p><\/div>\n","protected":false},"excerpt":{"rendered":"<p>O Museu do Amanh\u00e3 se tornou um \u00edcone da Regi\u00e3o Portu\u00e1ria &#8211; Marcos de Paula\/Prefeitura&#8230;<\/p>\n","protected":false},"author":2,"featured_media":0,"comment_status":"","ping_status":"","sticky":false,"template":"","format":"standard","meta":{"footnotes":""},"categories":[2],"tags":[],"class_list":["post-29057","post","type-post","status-publish","format-standard","hentry","category-jogos-ao-vivo"],"amp_enabled":true,"_links":{"self":[{"href":"https:\/\/ipatingafc.com.br\/index.php\/wp-json\/wp\/v2\/posts\/29057","targetHints":{"allow":["GET"]}}],"collection":[{"href":"https:\/\/ipatingafc.com.br\/index.php\/wp-json\/wp\/v2\/posts"}],"about":[{"href":"https:\/\/ipatingafc.com.br\/index.php\/wp-json\/wp\/v2\/types\/post"}],"author":[{"embeddable":true,"href":"https:\/\/ipatingafc.com.br\/index.php\/wp-json\/wp\/v2\/users\/2"}],"replies":[{"embeddable":true,"href":"https:\/\/ipatingafc.com.br\/index.php\/wp-json\/wp\/v2\/comments?post=29057"}],"version-history":[{"count":0,"href":"https:\/\/ipatingafc.com.br\/index.php\/wp-json\/wp\/v2\/posts\/29057\/revisions"}],"wp:attachment":[{"href":"https:\/\/ipatingafc.com.br\/index.php\/wp-json\/wp\/v2\/media?parent=29057"}],"wp:term":[{"taxonomy":"category","embeddable":true,"href":"https:\/\/ipatingafc.com.br\/index.php\/wp-json\/wp\/v2\/categories?post=29057"},{"taxonomy":"post_tag","embeddable":true,"href":"https:\/\/ipatingafc.com.br\/index.php\/wp-json\/wp\/v2\/tags?post=29057"}],"curies":[{"name":"wp","href":"https:\/\/api.w.org\/{rel}","templated":true}]}}