{"id":29061,"date":"2025-09-03T20:02:17","date_gmt":"2025-09-03T23:02:17","guid":{"rendered":"https:\/\/ipatingafc.com.br\/index.php\/2025\/09\/03\/agencia-minas-gerais-governo-de-minas-recebe-novos-servidores-da-fhemig-para-fortalecer-a-saude-publica-no-estado\/"},"modified":"2025-09-03T20:02:17","modified_gmt":"2025-09-03T23:02:17","slug":"agencia-minas-gerais-governo-de-minas-recebe-novos-servidores-da-fhemig-para-fortalecer-a-saude-publica-no-estado","status":"publish","type":"post","link":"https:\/\/ipatingafc.com.br\/index.php\/2025\/09\/03\/agencia-minas-gerais-governo-de-minas-recebe-novos-servidores-da-fhemig-para-fortalecer-a-saude-publica-no-estado\/","title":{"rendered":"Ag\u00eancia Minas Gerais | Governo de Minas recebe novos servidores da Fhemig para fortalecer a sa\u00fade p\u00fablica no estado"},"content":{"rendered":"<p><\/p>\n<div>\n<section class=\"news-related \/ col-md-4 col-lg-3 \/ margin-md-bottom-2 margin-left-1 \/ pull-right \/ hidden-xs hidden-sm\">\n<header>\n<p class=\"text-title-section \/ margin-bottom-1\">Relacionadas<\/p>\n<\/header>\n<p>\t\t\t\t\t\t\t<main><\/p>\n<hr class=\"row margin-md-bottom-2\"\/>\n<hr class=\"row margin-md-bottom-2\"\/>\n\t\t\t\t\t\t\t<\/main><br \/>\n\t\t\t\t\t\t<\/section>\n<p>O atendimento aos mineiros na rede hospitalar do estado se fortalece com a chegada de mais de 1,4 mil\u00a0profissionais aprovados no concurso p\u00fablico de 2023 da Funda\u00e7\u00e3o Hospitalar do Estado de Minas Gerais (Fhemig). O certame, o primeiro ap\u00f3s dez anos, foi um compromisso assumido pelo Governo de Minas para aprimorar cada vez mais a qualidade na assist\u00eancia a casos de m\u00e9dia e alta complexidade no Sistema \u00danico de Sa\u00fade (SUS).<\/p>\n<p>Em solenidade realizada na Cidade Administrativa nesta quarta-feira (3\/9), o Governo de Minas deu as boas-vindas oficial aos novos servidores. Ao todo, o edital contemplou 1.801 vagas para diversas carreiras na institui\u00e7\u00e3o, sendo que a primeira etapa foi direcionada aos m\u00e9dicos.<\/p>\n<p>Dessa vez, foram recepcionados servidores nas carreiras de enfermagem, analistas de gest\u00e3o e t\u00e9cnicos operacionais. O Hospital Jo\u00e3o XXIII, que integra o Complexo Hospitalar de Urg\u00eancia, foi a unidade da rede\u00a0que mais recebeu novos profissionais nomeados nos \u00faltimos meses, com 346 no total. Al\u00e9m dele, outras dez unidades da Fhemig tamb\u00e9m foram contempladas com novos profissionais, incluindo, ainda, as sete Organiza\u00e7\u00f5es de Procura de \u00d3rg\u00e3os (OPOs) do MG Transplantes, tamb\u00e9m da Funda\u00e7\u00e3o.<\/p>\n<p>&#8220;Essas nomea\u00e7\u00f5es fazem parte do processo de valoriza\u00e7\u00e3o da sa\u00fade, que come\u00e7amos l\u00e1 em 2019. A chegada de voc\u00eas representa mais do que um refor\u00e7o t\u00e9cnico, representa compromisso e renova\u00e7\u00e3o de esperan\u00e7a. Por isso, parabenizo cada um dos novos servidores, que chegam para somar a um time que j\u00e1 faz toda a diferen\u00e7a na vida dos mineiros&#8221;, afirmou o vice-governador Mateus Sim\u00f5es, em v\u00eddeo exibido na abertura do evento.\u00a0<\/p>\n<p>O secret\u00e1rio de Estado de Sa\u00fade de Minas Gerais (SES-MG), F\u00e1bio Baccheretti, contou um pouco da sua passagem pela Fhemig e dos planos para o futuro da institui\u00e7\u00e3o.\u00a0 \u201cVoc\u00eas fazem parte de uma nova gera\u00e7\u00e3o da Fhemig. Desejo que sejam t\u00e3o felizes aqui quanto eu fui e que, juntos, possamos construir uma sa\u00fade p\u00fablica universal, integral e com muita qualidade\u201d, afirmou.\u00a0<\/p>\n<p>A presidente da Fhemig, Renata Dias, disse que tanto a Funda\u00e7\u00e3o quanto os usu\u00e1rios do SUS t\u00eam muita expectativa em rela\u00e7\u00e3o aos novos servidores. &#8220;Voc\u00eas foram muito desejados! Precisamos de pessoas qualificadas com o prop\u00f3sito e a miss\u00e3o de fazer a diferen\u00e7a na sa\u00fade p\u00fablica&#8221;, ressaltou.<\/p>\n<p>A superintendente da Central de Pol\u00edticas de Recursos Humanos da Secretaria de Planejamento e Gest\u00e3o de Minas (Seplag), Maria Muniz, aproveitou a oportunidade para falar da import\u00e2ncia do concurso.\u00a0 \u201cEssa \u00e9 uma das medidas de fortalecimento da sa\u00fade para a popula\u00e7\u00e3o mineira, refor\u00e7ando a import\u00e2ncia pela busca da excel\u00eancia e da qualidade na presta\u00e7\u00e3o de servi\u00e7os&#8221;.<\/p>\n<p><b>Compartilhando experi\u00eancias<\/b><\/p>\n<p>A solenidade contou ainda com uma roda de conversa mediada pela vice-presidente da Fhemig, Patr\u00edcia Albergaria. Estiveram presentes, contando um pouco das suas carreiras dentro da Fhemig, os diretores do Complexo Hospitalar de Urg\u00eancia, Fabr\u00edcio Giarola (que come\u00e7ou como nutricionista), do Complexo Hospitalar de Barbacena, Claudinei Campos (que ingressou no setor administrativo), da Casa de Sa\u00fade Santa Izabel, Gabriella Rodrigues da Silva (enfermeira), e a t\u00e9cnica de enfermagem\u00a0Maria Bom Sucesso, a Cec\u00e9,\u00a0que se destacou fazendo flores com o len\u00e7ol como demonstra\u00e7\u00e3o de carinho aos pacientes e que se tornou a primeira mineira a ser vacinada contra a covid-19 no estado.<\/p>\n<p><b>Expectativa<\/b><\/p>\n<p>O fisioterapeuta respirat\u00f3rio J\u00e9sus Magno Cabral Dias iniciou no Hospital Jo\u00e3o XXIII em junho e conta com empolga\u00e7\u00e3o suas expectativas para os pr\u00f3ximos anos. &#8220;J\u00e1 tinha ouvido falar que a Fhemig \u00e9 um bom local para se trabalhar, com plano de carreira e benef\u00edcios, al\u00e9m da estabilidade. Espero que seja uma trajet\u00f3ria de crescimento profissional e que eu possa ajudar com o meu trabalho tanto os pacientes quanto o hospital&#8221;, afirmou.\u00a0<\/p>\n<p><b>Concurso<\/b><\/p>\n<p>Em 2023, o Governo realizou concurso p\u00fablico para 1.801 vagas na Fhemig em diversas fun\u00e7\u00f5es, nos n\u00edveis m\u00e9dio e superior. Al\u00e9m da nomea\u00e7\u00e3o de quase 500 m\u00e9dicos, no ano passado, foram efetivados nos meses seguintes as demais carreiras: fisioterapeutas, psic\u00f3logos, nutricionistas, farmac\u00eauticos, assistentes sociais, entre outros (analistas de gest\u00e3o e assist\u00eancia \u00e0 sa\u00fade), profissionais de enfermagem (n\u00edveis superior e t\u00e9cnico) e t\u00e9cnicos operacionais de sa\u00fade (\u00e1rea administrativa).<\/p>\n<\/p><\/div>\n","protected":false},"excerpt":{"rendered":"<p>Relacionadas O atendimento aos mineiros na rede hospitalar do estado se fortalece com a chegada&#8230;<\/p>\n","protected":false},"author":2,"featured_media":0,"comment_status":"","ping_status":"","sticky":false,"template":"","format":"standard","meta":{"footnotes":""},"categories":[2],"tags":[],"class_list":["post-29061","post","type-post","status-publish","format-standard","hentry","category-jogos-ao-vivo"],"amp_enabled":true,"_links":{"self":[{"href":"https:\/\/ipatingafc.com.br\/index.php\/wp-json\/wp\/v2\/posts\/29061","targetHints":{"allow":["GET"]}}],"collection":[{"href":"https:\/\/ipatingafc.com.br\/index.php\/wp-json\/wp\/v2\/posts"}],"about":[{"href":"https:\/\/ipatingafc.com.br\/index.php\/wp-json\/wp\/v2\/types\/post"}],"author":[{"embeddable":true,"href":"https:\/\/ipatingafc.com.br\/index.php\/wp-json\/wp\/v2\/users\/2"}],"replies":[{"embeddable":true,"href":"https:\/\/ipatingafc.com.br\/index.php\/wp-json\/wp\/v2\/comments?post=29061"}],"version-history":[{"count":0,"href":"https:\/\/ipatingafc.com.br\/index.php\/wp-json\/wp\/v2\/posts\/29061\/revisions"}],"wp:attachment":[{"href":"https:\/\/ipatingafc.com.br\/index.php\/wp-json\/wp\/v2\/media?parent=29061"}],"wp:term":[{"taxonomy":"category","embeddable":true,"href":"https:\/\/ipatingafc.com.br\/index.php\/wp-json\/wp\/v2\/categories?post=29061"},{"taxonomy":"post_tag","embeddable":true,"href":"https:\/\/ipatingafc.com.br\/index.php\/wp-json\/wp\/v2\/tags?post=29061"}],"curies":[{"name":"wp","href":"https:\/\/api.w.org\/{rel}","templated":true}]}}